{"id":2979,"date":"2017-10-07T20:54:42","date_gmt":"2017-10-07T20:54:42","guid":{"rendered":"http:\/\/rafalk-elblag.pl\/?p=2979"},"modified":"2017-10-07T20:55:31","modified_gmt":"2017-10-07T20:55:31","slug":"2979","status":"publish","type":"post","link":"https:\/\/rafalk-elblag.pl\/?p=2979","title":{"rendered":"OG\u0141OSZENIA PARAFIALNE 8.10.2017 R. XXVII NIEDZIELA ZWYK\u0141A"},"content":{"rendered":"<p><a href=\"http:\/\/rafalk-elblag.pl\/wp-content\/uploads\/2016\/12\/pulpit.jpg\"><img loading=\"lazy\" decoding=\"async\" class=\"alignnone size-large wp-image-2530\" src=\"http:\/\/rafalk-elblag.pl\/wp-content\/uploads\/2016\/12\/pulpit-1024x682.jpg\" alt=\"\" width=\"900\" height=\"599\" srcset=\"https:\/\/rafalk-elblag.pl\/wp-content\/uploads\/2016\/12\/pulpit-1024x682.jpg 1024w, https:\/\/rafalk-elblag.pl\/wp-content\/uploads\/2016\/12\/pulpit-300x200.jpg 300w, https:\/\/rafalk-elblag.pl\/wp-content\/uploads\/2016\/12\/pulpit-768x512.jpg 768w, https:\/\/rafalk-elblag.pl\/wp-content\/uploads\/2016\/12\/pulpit.jpg 1698w\" sizes=\"auto, (max-width: 900px) 100vw, 900px\" \/><\/a><\/p>\n<p>&nbsp;<\/p>\n<p><strong>1. Obchodzimy dzisiaj ju\u017c XVII Dzie\u0144 Papieski pod has\u0142em \u201eId\u017amy naprz\u00f3d z nadziej\u0105\u201d. <\/strong>Z tej okazji m\u0142odzie\u017c&nbsp; przed ko\u015bcio\u0142em zbiera do puszek ofiary na stypendia w ramach Fundacji<em> \u201eDzie\u0142o Nowego Tysi\u0105clecia\u201d.<\/em> <em>Za okazane wsparcie dzi\u0119kujemy.<\/em><\/p>\n<p>&nbsp;<\/p>\n<p>2. Dzisiaj na Mszy \u015bw. o godz. 18:00<strong> w pierwsz\u0105 rocznic\u0119 Jego \u015awi\u0119ce\u0144 Kap\u0142a\u0144skich<\/strong> b\u0119dziemy dzi\u0119kowa\u0107 za \u017cycia i powo\u0142anie ks. Marcina Marciniaka neoprezbitera. Zapraszamy ju\u017c na godz. 17:15 na R\u00f3\u017caniec w powy\u017cszej intencji. \u017byczymy ks. Marcinowi \u015bwi\u0119to\u015bci w kap\u0142a\u0144stwie.<\/p>\n<p>&nbsp;<\/p>\n<p>3. Spotkanie dla rodzic\u00f3w dzieci przygotowuj\u0105cych si\u0119 do I Komunii \u015awi\u0119tej odb\u0119dzie si\u0119 w poniedzia\u0142ek, 9 pa\u017adziernika 2017 r. o godz. 19:00 w ko\u015bciele. <strong>Obecno\u015b\u0107 obowi\u0105zkowa. Prosz\u0119 zabra\u0107 ze sob\u0105 ksi\u0105\u017ceczki.<\/strong><\/p>\n<p><strong>&nbsp;<\/strong><\/p>\n<p><strong>4. Trwa miesi\u0105c R\u00f3\u017ca\u0144ca \u015awi\u0119tego.<\/strong> Zapraszamy na nabo\u017ce\u0144stwa z wystawieniem Naj\u015bwi\u0119tszego Sakramentu. Wierni, kt\u00f3rzy odmawiaj\u0105 cz\u0119\u015b\u0107 R\u00f3\u017ca\u0144ca (5 dziesi\u0105tek) w ko\u015bciele, kaplicy i rodzinie mog\u0105 uzyska\u0107 odpust zupe\u0142ny. Zapraszamy do wsp\u00f3lnej modlitwy: doros\u0142ych i m\u0142odzie\u017c <strong>o godz. 17:15<\/strong>, a dzieci zapraszamy: <strong>w poniedzia\u0142ki i \u015brody o godz. 16:30. UWAGA!!! <\/strong><em>Osoby kt\u00f3re nie b\u0119d\u0105 mog\u0142y wzi\u0105\u0107 udzia\u0142u w nabo\u017ce\u0144stwie r\u00f3\u017ca\u0144cowym o godz. 17:15 zapraszamy we wtorek (10 pa\u017adziernika) na godz. 19:00. Rozwa\u017ca\u0107 b\u0119dziemy tajemnice bolesne.<\/em><\/p>\n<p>&nbsp;<\/p>\n<p>5. Zainteresowanych Pismem \u015awi\u0119tym zapraszamy na spotkanie <strong>Kr\u0119gu Biblijnego<\/strong> w \u015brod\u0119 o godz. 19.00 w sali na plebanii.<\/p>\n<p>&nbsp;<\/p>\n<p>6. W sobot\u0119 14 pa\u017adziernika przypada <strong>DZIE\u0143 NAUCZYCIELA<\/strong>. Sk\u0142adamy wszystkim pedagogom, katechetom i pracownikom o\u015bwiaty najserdeczniejsze \u017cyczenia cierpliwo\u015bci i mi\u0142o\u015bci. Niech Pan B\u00f3g b\u0142ogos\u0142awi w pracy. <em>Zapraszamy w tym dniu uczni\u00f3w, nauczycieli i katechet\u00f3w na wsp\u00f3lny R\u00f3\u017caniec o godz. 17:15.<\/em><\/p>\n<p><strong>&nbsp;<\/strong><\/p>\n<p><strong>7. UWAGA!<\/strong>!! <strong>Skorzystanie z Sakramentu Spowiedzi \u015awi\u0119tej w tygodniu, zawsze: od godz. 7:45 oraz od godz. 17:30.<\/strong><\/p>\n<p>&nbsp;<\/p>\n<p>8. Przypominamy \u017ce <strong>kancelaria parafialna<\/strong> czynna jest w \u015brody od godz.16:00 do godz.17:30 i w soboty od godz.10:30 do godz.12:00.<\/p>\n<p>&nbsp;<\/p>\n<p>9. Przypominamy, \u017ce w naszej parafii mamy ju\u017c mo\u017cliwo\u015b\u0107 zam\u00f3wienia i rezerwacji Mszy \u015bwi\u0119tej <strong>na ROK 2018<\/strong>. Informacj\u0119 t\u0119 podajemy dla tych wszystkich, kt\u00f3rzy pragn\u0105 w konkretnym dniu zam\u00f3wi\u0107 intencj\u0119 mszaln\u0105.<\/p>\n<p>&nbsp;<\/p>\n<p>10. Zach\u0119camy do czytania prasy katolickiej: nowy numer \u201eGo\u015bcia Niedzielnego\u201d w cenie 5 z\u0142. <strong>oraz dodatek<\/strong> <strong>\u201eGo\u015b\u0107 Elbl\u0105ski\u201d<\/strong> a w nim wydarzenia z diecezji.<\/p>\n<p><strong>&nbsp;<\/strong><\/p>\n<p><strong>11. Za tydzie\u0144 ofiary przed ko\u015bcio\u0142em zbiera\u0107 b\u0119dziemy dla poszkodowanej w wyniku po\u017caru rodziny Urbankiewicz\u00f3w<\/strong>. Mieszkaj\u0105ca w Jazowej rodzina straci\u0142a przed tygodniem ca\u0142y dom i dobytek, nie straci\u0142a jednak wiary. <strong>Syn Pa\u0144stwa Urbankiewicz\u00f3w \u2013 Rados\u0142aw pos\u0142uguje od 2 lat w naszym Zespole m\u0142odzie\u017cowym<\/strong>, dlatego te\u017c przy pomocy Zespo\u0142u i pozosta\u0142ej m\u0142odzie\u017cy pragniemy przeprowadzi\u0107 w przysz\u0142ym tygodniu (<strong>niedziela 15 pa\u017adziernika<\/strong>) zbi\u00f3rk\u0119 na rzecz poszkodowanej rodziny [z tej racji nie b\u0119dzie zbieranej puszki w ostatni\u0105 niedziel\u0119 miesi\u0105ca \u2013 Caritas].<\/p>\n<p>&nbsp;<\/p>\n<p>12. Pan powo\u0142a\u0142 do wieczno\u015bci: \u015bp. Arkadiusza Oszmaniec lat 44 z ul. Broniewskiego. Wieczny odpoczynek racz mu da\u0107 Panie! A \u015bwiat\u0142o\u015b\u0107 wiekuista niechaj mu \u015bwieci.<\/p>\n<p>&nbsp;<\/p>\n<p style=\"text-align: center;\"><span style=\"color: #00ccff;\"><strong>Numer Konta Parafialnego<\/strong><\/span><\/p>\n<p style=\"text-align: center;\"><span style=\"color: #00ccff;\"><strong>PKO BP 72 1020 1752 0000 0102 0069 6047<\/strong><\/span><\/p>\n<p style=\"text-align: center;\">&nbsp;<\/p>\n<p style=\"text-align: center;\">&nbsp;<\/p>\n","protected":false},"excerpt":{"rendered":"<p>&nbsp; 1. Obchodzimy dzisiaj ju\u017c XVII Dzie\u0144 Papieski pod has\u0142em \u201eId\u017amy naprz\u00f3d z nadziej\u0105\u201d. Z tej okazji m\u0142odzie\u017c&nbsp; przed ko\u015bcio\u0142em zbiera do puszek ofiary na stypendia w ramach Fundacji \u201eDzie\u0142o Nowego Tysi\u0105clecia\u201d. Za okazane wsparcie dzi\u0119kujemy. &nbsp; 2. Dzisiaj na Mszy \u015bw. o godz. 18:00 w pierwsz\u0105 rocznic\u0119 Jego \u015awi\u0119ce\u0144 Kap\u0142a\u0144skich b\u0119dziemy dzi\u0119kowa\u0107 za \u017cycia [&hellip;]<\/p>\n","protected":false},"author":1,"featured_media":2530,"comment_status":"closed","ping_status":"closed","sticky":false,"template":"","format":"standard","meta":{"ngg_post_thumbnail":0,"footnotes":""},"categories":[11,8,3],"tags":[],"class_list":["post-2979","post","type-post","status-publish","format-standard","has-post-thumbnail","hentry","category-aktualnosci","category-blog","category-ogloszenia"],"_links":{"self":[{"href":"https:\/\/rafalk-elblag.pl\/index.php?rest_route=\/wp\/v2\/posts\/2979","targetHints":{"allow":["GET"]}}],"collection":[{"href":"https:\/\/rafalk-elblag.pl\/index.php?rest_route=\/wp\/v2\/posts"}],"about":[{"href":"https:\/\/rafalk-elblag.pl\/index.php?rest_route=\/wp\/v2\/types\/post"}],"author":[{"embeddable":true,"href":"https:\/\/rafalk-elblag.pl\/index.php?rest_route=\/wp\/v2\/users\/1"}],"replies":[{"embeddable":true,"href":"https:\/\/rafalk-elblag.pl\/index.php?rest_route=%2Fwp%2Fv2%2Fcomments&post=2979"}],"version-history":[{"count":2,"href":"https:\/\/rafalk-elblag.pl\/index.php?rest_route=\/wp\/v2\/posts\/2979\/revisions"}],"predecessor-version":[{"id":2981,"href":"https:\/\/rafalk-elblag.pl\/index.php?rest_route=\/wp\/v2\/posts\/2979\/revisions\/2981"}],"wp:featuredmedia":[{"embeddable":true,"href":"https:\/\/rafalk-elblag.pl\/index.php?rest_route=\/wp\/v2\/media\/2530"}],"wp:attachment":[{"href":"https:\/\/rafalk-elblag.pl\/index.php?rest_route=%2Fwp%2Fv2%2Fmedia&parent=2979"}],"wp:term":[{"taxonomy":"category","embeddable":true,"href":"https:\/\/rafalk-elblag.pl\/index.php?rest_route=%2Fwp%2Fv2%2Fcategories&post=2979"},{"taxonomy":"post_tag","embeddable":true,"href":"https:\/\/rafalk-elblag.pl\/index.php?rest_route=%2Fwp%2Fv2%2Ftags&post=2979"}],"curies":[{"name":"wp","href":"https:\/\/api.w.org\/{rel}","templated":true}]}}