{"id":2973,"date":"2017-10-05T08:05:25","date_gmt":"2017-10-05T08:05:25","guid":{"rendered":"http:\/\/rafalk-elblag.pl\/?p=2973"},"modified":"2017-10-05T08:05:25","modified_gmt":"2017-10-05T08:05:25","slug":"ogloszenia-parafialne-1-10-2017-r-xxvi-niedziela-zwykla","status":"publish","type":"post","link":"https:\/\/rafalk-elblag.pl\/?p=2973","title":{"rendered":"OG\u0141OSZENIA PARAFIALNE 1.10.2017 R. XXVI NIEDZIELA ZWYK\u0141A"},"content":{"rendered":"<p><a href=\"http:\/\/rafalk-elblag.pl\/wp-content\/uploads\/2016\/12\/pulpit.jpg\"><img loading=\"lazy\" decoding=\"async\" class=\"alignnone size-large wp-image-2530\" src=\"http:\/\/rafalk-elblag.pl\/wp-content\/uploads\/2016\/12\/pulpit-1024x682.jpg\" alt=\"\" width=\"900\" height=\"599\" srcset=\"https:\/\/rafalk-elblag.pl\/wp-content\/uploads\/2016\/12\/pulpit-1024x682.jpg 1024w, https:\/\/rafalk-elblag.pl\/wp-content\/uploads\/2016\/12\/pulpit-300x200.jpg 300w, https:\/\/rafalk-elblag.pl\/wp-content\/uploads\/2016\/12\/pulpit-768x512.jpg 768w, https:\/\/rafalk-elblag.pl\/wp-content\/uploads\/2016\/12\/pulpit.jpg 1698w\" sizes=\"auto, (max-width: 900px) 100vw, 900px\" \/><\/a><\/p>\n<p>&nbsp;<\/p>\n<p>1. Dzisiejsza taca przeznaczona jest na sp\u0142at\u0119: o\u0142tarza, chrzcielnicy i ambonek w naszym ko\u015bciele. Za wszystkie ofiary sk\u0142adamy \u201eB\u00f3g zap\u0142a\u0107\u201d.<\/p>\n<p>&nbsp;<\/p>\n<p><strong>2. W dniu dzisiejszym indywidualna Adoracja Naj\u015bwi\u0119tszego Sakramentu od godz. 16:10 do godz. 17:15<\/strong>. <em>Znajd\u017a czas, aby by\u0107 sam na sam z Twoim Panem.<\/em><\/p>\n<p>&nbsp;<\/p>\n<p><strong>3. Dzi\u015b na Mszy \u015awi\u0119tej o godz.<\/strong> <strong>18:00 inauguruje swoje przygotowanie do przyj\u0119cia sakramentu bierzmowania m\u0142odzie\u017c naszej parafii. Po Mszy \u015awi\u0119tej kr\u00f3tkie spotkanie organizacyjne dla II i I roku przygotowa\u0144. Pami\u0119tajmy o naszej m\u0142odzie\u017cy w modlitwie!<\/strong><\/p>\n<p>&nbsp;<\/p>\n<p><strong>4. Przed nami miesi\u0105c R\u00f3\u017ca\u0144ca \u015awi\u0119tego.<\/strong> Zapraszamy na nabo\u017ce\u0144stwa z wystawieniem Naj\u015bwi\u0119tszego Sakramentu. Wierni, kt\u00f3rzy odmawiaj\u0105 cz\u0119\u015b\u0107 R\u00f3\u017ca\u0144ca (5 dziesi\u0105tek) w ko\u015bciele, kaplicy i rodzinie mog\u0105 uzyska\u0107 odpust zupe\u0142ny. Zapraszamy do wsp\u00f3lnej modlitwy: doros\u0142ych i m\u0142odzie\u017c <strong>o godz. 17:15<\/strong>, a dzieci zapraszamy: <strong>w poniedzia\u0142ki i \u015brody o godz. 16:30. UWAGA!!! <\/strong><em>Osoby kt\u00f3re nie b\u0119d\u0105 mog\u0142y wzi\u0105\u0107 udzia\u0142u w nabo\u017ce\u0144stwie r\u00f3\u017ca\u0144cowym o godz. 17:15 zapraszamy w poniedzia\u0142ek (2 pa\u017adziernika) na godz. 19:00. Rozwa\u017ca\u0107 b\u0119dziemy tajemnice radosne.<\/em><\/p>\n<p>&nbsp;<\/p>\n<p><strong><u>5. R\u00d3\u017bANIEC DO GRANIC \u2013 ratuj R\u00f3\u017ca\u0144cem Polsk\u0119 i \u015bwiat! <\/u><\/strong><strong>W nawi\u0105zaniu do informacji z ostatniego biuletynu, prosimy o wzi\u0119cie udzia\u0142u w akcji R\u00d3\u017bANIEC DO GRANIC. Przebieg tego wydarzenia b\u0119dzie wygl\u0105da\u0142 nast\u0119puj\u0105co. W sobot\u0119 7 pa\u017adziernika gromadzimy si\u0119 w katedrze \u015bw. Miko\u0142aja, tam o godz. 10:30 rozpoczynamy od wys\u0142uchania konferencji, a o godz. 11:00 uczestniczymy w Eucharystii sprawowanej przez Ks. Biskupa Jana Styrn\u0119. Bezpo\u015brednio po niej przeje\u017cd\u017camy autokarami do Suchacza, by stamt\u0105d pieszo przej\u015b\u0107 na teren granicy \u2013 symbolicznie do KADYN, nad Zalew Wi\u015blany. W drodze b\u0119d\u0105 odm\u00f3wione wszystkie cz\u0119\u015bci R\u00f3\u017ca\u0144ca \u015aw. W sumie do przej\u015bcia jest ok. 4 km. Koszt przejazdu autokarem to 5 z\u0142 (zbierany w autobusie). W tym dniu <\/strong>przypada \u015awi\u0119to Matki Bo\u017cej R\u00f3\u017ca\u0144cowej \u2013 \u015bwi\u0119to Wsp\u00f3lnoty \u017bYWEGO R\u00d3\u017bA\u0143CA.<strong> Zapraszam wszystkie R\u00d3\u017bE (11) do wzi\u0119cia udzia\u0142u w tym wielkim wydarzeniu. Osoby kt\u00f3re nie b\u0119d\u0105 mog\u0142y wyjecha\u0107, zapraszam na wsp\u00f3lny R\u00f3\u017caniec do ko\u015bcio\u0142a o godz. 17:15 i na Msz\u0119 \u015bw. o godz. 18:00. Wyj\u0105tkowo nie b\u0119dzie wsp\u00f3lnego na plebanii. RATUJMY R\u00d3\u017bA\u0143CEM POLSK\u0118 I \u015aWIAT.<\/strong><\/p>\n<p>&nbsp;<\/p>\n<p>6. Spotkanie dla rodzic\u00f3w dzieci klas IV przygotowuj\u0105cych si\u0119 do <strong>ROCZNICY KOMUNII \u015aWI\u0118TEJ<\/strong> odb\u0119dzie si\u0119 na plebanii o godz. 19:00<\/p>\n<ul>\n<li>w poniedzia\u0142ek 2 pa\u017adziernika klasy IV a i IV b<\/li>\n<li>we wtorek 3 pa\u017adziernika klasa IV c i IV d oraz dzieci z innych szk\u00f3\u0142.<\/li>\n<\/ul>\n<p><em><u>Obecno\u015b\u0107 rodzic\u00f3w obowi\u0105zkowa!<\/u><\/em><\/p>\n<p>&nbsp;<\/p>\n<p><strong>7. W tym tygodniu przypada:<\/strong><\/p>\n<ul>\n<li><strong>I czwartek miesi\u0105ca<\/strong> \u2013 zapraszamy na Msz\u0119 \u015bw. o godz. 18:00, a po niej na Adoracj\u0119 Naj\u015bwi\u0119tszego Sakramentu tj. na \u201eGODZIN\u0118 \u015aWI\u0118T\u0104\u201d. Zapraszamy wszystkie \u201eMargaretki\u201d do wsp\u00f3lnej modlitwy.<\/li>\n<li><strong>I pi\u0105tek miesi\u0105ca: <\/strong>spowied\u017a dla dzieci od godz. 16:00 Msza \u015bw. o godz. 16:30 a spowied\u017a dla doros\u0142ych od godz. 17:30<\/li>\n<li><strong>I sobota miesi\u0105ca: <\/strong>zapraszamy wszystkich czcicieli Matki Bo\u017cej na nabo\u017ce\u0144stwo po\u0142\u0105czone<br \/>\nz Adoracj\u0119 Naj\u015bwi\u0119tszego Sakramentu od godz. 17:00.<\/li>\n<\/ul>\n<p>&nbsp;<\/p>\n<p><strong>8. W I pi\u0105tek miesi\u0105ca udamy si\u0119 do chorych od godz. 9:30. Prosimy zg\u0142asza\u0107 do kap\u0142an\u00f3w chorych pragn\u0105cych rozpocz\u0105\u0107 9 pierwszych pi\u0105tk\u00f3w.<\/strong><\/p>\n<p>&nbsp;<\/p>\n<p><strong>9. W przysz\u0142\u0105 niedziel\u0119 obchodzi\u0107 b\u0119dziemy XVII Dzie\u0144 Papieski pod has\u0142em \u201eId\u017amy naprz\u00f3d z nadziej\u0105\u201d. <\/strong>Z tej okazji m\u0142odzie\u017c przed ko\u015bcio\u0142em b\u0119dzie zbiera\u0107 do puszek pieni\u0105dze na stypendia w ramach fundacji<em> Dzie\u0142o Nowego Tysi\u0105clecia.<\/em><\/p>\n<p>&nbsp;<\/p>\n<p><strong>10. UWAGA!<\/strong>!! <strong>Skorzystanie z Sakramentu Spowiedzi \u015awi\u0119tej w tygodniu, zawsze: od godz. 7:45 oraz od godz. 17:30.<\/strong><\/p>\n<p>&nbsp;<\/p>\n<p>11. Przypominamy \u017ce <strong>kancelaria parafialna<\/strong> czynna jest w \u015brody od godz.16:00 do godz.17:30 i w soboty od godz.10:30 do godz.12:00.<\/p>\n<p>&nbsp;<\/p>\n<p>12. Mamy ju\u017c mo\u017cliwo\u015b\u0107 zamawiania i rezerwacji Mszy \u015bwi\u0119tej <strong>na ROK 2018<\/strong>. Informacj\u0119 t\u0119 podajemy dla tych wszystkich, kt\u00f3rzy pragn\u0105 w konkretnym dniu zam\u00f3wi\u0107 intencj\u0119 mszaln\u0105.<\/p>\n<p>&nbsp;<\/p>\n<p>13. Zach\u0119camy do czytania prasy katolickiej: nowy numer \u201eGo\u015bcia Niedzielnego\u201d w cenie 5 z\u0142. <strong>oraz dodatek<\/strong> <strong>\u201eGo\u015b\u0107 Elbl\u0105ski\u201d<\/strong> a w nim wydarzenia z diecezji.<\/p>\n<p>&nbsp;<\/p>\n<p>14. Pan powo\u0142a\u0142 do wieczno\u015bci: \u015bp. Krystyn\u0119 K\u0142os lat 63 z ul. K\u0142oczowskiego; \u015bp. Romana Kwiatkowski lat 62&nbsp;z ul. Broniewskiego; \u015bp. Michalin\u0119 Matuszak lat 90 z ul. Tuwima i \u015bp. \u0141ukasza Mr\u00f3z lat 27 z ul. Leszczy\u0144skiego. Wieczny odpoczynek racz im da\u0107 Panie! A \u015bwiat\u0142o\u015b\u0107 wiekuista niechaj im \u015bwieci.<\/p>\n<p>&nbsp;<\/p>\n<p style=\"text-align: center;\"><span style=\"color: #800000;\"><strong>Numer Konta Parafialnego<\/strong><\/span><\/p>\n<p style=\"text-align: center;\"><span style=\"color: #800000;\"><strong>PKO BP 72 1020 1752 0000 0102 0069 6047<\/strong><\/span><\/p>\n<p style=\"text-align: center;\">&nbsp;<\/p>\n<p style=\"text-align: center;\">&nbsp;<\/p>\n","protected":false},"excerpt":{"rendered":"<p>&nbsp; 1. Dzisiejsza taca przeznaczona jest na sp\u0142at\u0119: o\u0142tarza, chrzcielnicy i ambonek w naszym ko\u015bciele. Za wszystkie ofiary sk\u0142adamy \u201eB\u00f3g zap\u0142a\u0107\u201d. &nbsp; 2. W dniu dzisiejszym indywidualna Adoracja Naj\u015bwi\u0119tszego Sakramentu od godz. 16:10 do godz. 17:15. Znajd\u017a czas, aby by\u0107 sam na sam z Twoim Panem. &nbsp; 3. Dzi\u015b na Mszy \u015awi\u0119tej o godz. 18:00 [&hellip;]<\/p>\n","protected":false},"author":1,"featured_media":2530,"comment_status":"closed","ping_status":"closed","sticky":false,"template":"","format":"standard","meta":{"ngg_post_thumbnail":0,"footnotes":""},"categories":[11,8,3],"tags":[],"class_list":["post-2973","post","type-post","status-publish","format-standard","has-post-thumbnail","hentry","category-aktualnosci","category-blog","category-ogloszenia"],"_links":{"self":[{"href":"https:\/\/rafalk-elblag.pl\/index.php?rest_route=\/wp\/v2\/posts\/2973","targetHints":{"allow":["GET"]}}],"collection":[{"href":"https:\/\/rafalk-elblag.pl\/index.php?rest_route=\/wp\/v2\/posts"}],"about":[{"href":"https:\/\/rafalk-elblag.pl\/index.php?rest_route=\/wp\/v2\/types\/post"}],"author":[{"embeddable":true,"href":"https:\/\/rafalk-elblag.pl\/index.php?rest_route=\/wp\/v2\/users\/1"}],"replies":[{"embeddable":true,"href":"https:\/\/rafalk-elblag.pl\/index.php?rest_route=%2Fwp%2Fv2%2Fcomments&post=2973"}],"version-history":[{"count":1,"href":"https:\/\/rafalk-elblag.pl\/index.php?rest_route=\/wp\/v2\/posts\/2973\/revisions"}],"predecessor-version":[{"id":2974,"href":"https:\/\/rafalk-elblag.pl\/index.php?rest_route=\/wp\/v2\/posts\/2973\/revisions\/2974"}],"wp:featuredmedia":[{"embeddable":true,"href":"https:\/\/rafalk-elblag.pl\/index.php?rest_route=\/wp\/v2\/media\/2530"}],"wp:attachment":[{"href":"https:\/\/rafalk-elblag.pl\/index.php?rest_route=%2Fwp%2Fv2%2Fmedia&parent=2973"}],"wp:term":[{"taxonomy":"category","embeddable":true,"href":"https:\/\/rafalk-elblag.pl\/index.php?rest_route=%2Fwp%2Fv2%2Fcategories&post=2973"},{"taxonomy":"post_tag","embeddable":true,"href":"https:\/\/rafalk-elblag.pl\/index.php?rest_route=%2Fwp%2Fv2%2Ftags&post=2973"}],"curies":[{"name":"wp","href":"https:\/\/api.w.org\/{rel}","templated":true}]}}