{"id":2971,"date":"2017-10-05T07:57:38","date_gmt":"2017-10-05T07:57:38","guid":{"rendered":"http:\/\/rafalk-elblag.pl\/?p=2971"},"modified":"2017-10-05T07:57:38","modified_gmt":"2017-10-05T07:57:38","slug":"intencje-mszalne-na-xxvi-tydzien-okresu-zwyklego-2-8-10-2017-r","status":"publish","type":"post","link":"https:\/\/rafalk-elblag.pl\/?p=2971","title":{"rendered":"INTENCJE MSZALNE NA XXVI TYDZIE\u0143 OKRESU ZWYK\u0141EGO (2-8.10.2017 R.)"},"content":{"rendered":"<p><a href=\"http:\/\/rafalk-elblag.pl\/wp-content\/uploads\/2016\/12\/shutterstock_49643152-1000.jpg\"><img loading=\"lazy\" decoding=\"async\" class=\"alignnone size-full wp-image-2526\" src=\"http:\/\/rafalk-elblag.pl\/wp-content\/uploads\/2016\/12\/shutterstock_49643152-1000.jpg\" alt=\"\" width=\"1000\" height=\"665\" srcset=\"https:\/\/rafalk-elblag.pl\/wp-content\/uploads\/2016\/12\/shutterstock_49643152-1000.jpg 1000w, https:\/\/rafalk-elblag.pl\/wp-content\/uploads\/2016\/12\/shutterstock_49643152-1000-300x200.jpg 300w, https:\/\/rafalk-elblag.pl\/wp-content\/uploads\/2016\/12\/shutterstock_49643152-1000-768x511.jpg 768w\" sizes=\"auto, (max-width: 1000px) 100vw, 1000px\" \/><\/a><\/p>\n<p>&nbsp;<\/p>\n<table width=\"726\">\n<tbody>\n<tr>\n<td colspan=\"2\" width=\"593\"><strong>2 pa\u017adziernika&nbsp;&nbsp; PONIEDZIA\u0141EK<\/strong><\/p>\n<p><strong>wsp. \u015bwi\u0119tych Anio\u0142\u00f3w Str\u00f3\u017c\u00f3w<\/strong><\/td>\n<td width=\"133\"><strong><em>Mt 18, 1-5.10<\/em><\/strong><\/td>\n<\/tr>\n<tr>\n<td width=\"87\">8:00<\/td>\n<td colspan=\"2\" width=\"639\">\u015ap. Marianna Humelt 2 greg.<\/td>\n<\/tr>\n<tr>\n<td width=\"87\">18:00<\/td>\n<td colspan=\"2\" width=\"639\">\u015ap. Waldemar Makowski w 30 dzie\u0144 po pogrzebie<\/td>\n<\/tr>\n<tr>\n<td width=\"87\">18:00<\/td>\n<td colspan=\"2\" width=\"639\">O rozwi\u0105zanie trudnych spraw dla Benity i Adama oraz o \u015bwiat\u0142o Ducha \u015awi\u0119tego<\/td>\n<\/tr>\n<tr>\n<td width=\"87\">19:00<\/td>\n<td colspan=\"2\" width=\"639\"><em>Nabo\u017ce\u0144stwo r\u00f3\u017ca\u0144cowe<\/em><\/td>\n<\/tr>\n<tr>\n<td width=\"87\"><strong>19:00<\/strong><\/td>\n<td colspan=\"2\" width=\"639\"><strong>Spotkanie dla rodzic\u00f3w dzieci przygotowuj\u0105cych si\u0119 do rocznicy I Komunii \u015awi\u0119tej [klasy: IV a oraz IV b]<\/strong><\/td>\n<\/tr>\n<\/tbody>\n<\/table>\n<p>&nbsp;<\/p>\n<table width=\"726\">\n<tbody>\n<tr>\n<td colspan=\"2\" width=\"593\"><strong>3 pa\u017adziernika &nbsp;&nbsp;<\/strong><strong>WTOREK<\/strong><\/td>\n<td width=\"133\"><strong><em>\u0141k 9, 51-56<\/em><\/strong><\/td>\n<\/tr>\n<tr>\n<td width=\"87\">8:00<\/td>\n<td colspan=\"2\" width=\"639\">\u015ap. Marianna Humelt 3 greg.<\/td>\n<\/tr>\n<tr>\n<td width=\"87\">17:15<\/td>\n<td colspan=\"2\" width=\"639\"><em>Nabo\u017ce\u0144stwo r\u00f3\u017ca\u0144cowe<\/em><\/td>\n<\/tr>\n<tr>\n<td width=\"87\">18:00<\/td>\n<td colspan=\"2\" width=\"639\">\u015ap. Krystyna P\u0142otka w 1 rocz. \u015bmierci i rodzic\u00f3w z obojga stron<\/td>\n<\/tr>\n<tr>\n<td width=\"87\">18:00<\/td>\n<td colspan=\"2\" width=\"639\">\u015ap. Maria Ry\u015b i Ryszard Ry\u015b<\/td>\n<\/tr>\n<tr>\n<td width=\"87\"><strong>19:00<\/strong><\/td>\n<td colspan=\"2\" width=\"639\"><strong>Spotkanie dla rodzic\u00f3w dzieci przygotowuj\u0105cych si\u0119 do rocznicy I Komunii \u015awi\u0119tej [klasy: IV c, IV d oraz dzieci z innych szko\u0142 ni\u017c SP nr 11]<\/strong><\/td>\n<\/tr>\n<\/tbody>\n<\/table>\n<p>&nbsp;<\/p>\n<table width=\"726\">\n<tbody>\n<tr>\n<td colspan=\"2\" width=\"593\"><strong>4 pa\u017adziernika &nbsp;&nbsp;\u015aRODA<\/strong><\/p>\n<p><strong>wsp. \u015bw. Franciszka z Asy\u017cu<\/strong><\/td>\n<td width=\"133\"><strong><em>\u0141k 9, 57-62<\/em><\/strong><\/td>\n<\/tr>\n<tr>\n<td width=\"87\">8:00<\/td>\n<td colspan=\"2\" width=\"639\">\u015ap. Danuta Staszkun z okazji imienin<\/td>\n<\/tr>\n<tr>\n<td width=\"87\">17:15<\/td>\n<td colspan=\"2\" width=\"639\"><em>Nabo\u017ce\u0144stwo r\u00f3\u017ca\u0144cowe<\/em><\/td>\n<\/tr>\n<tr>\n<td width=\"87\">18:00<\/td>\n<td colspan=\"2\" width=\"639\">\u015ap. Marianna Humelt 4 greg.<\/td>\n<\/tr>\n<tr>\n<td width=\"87\">18:00<\/td>\n<td colspan=\"2\" width=\"639\">W intencjach czcicieli Matki Bo\u017cej Nieustaj\u0105cej Pomocy<\/td>\n<\/tr>\n<\/tbody>\n<\/table>\n<p>&nbsp;<\/p>\n<table width=\"726\">\n<tbody>\n<tr>\n<td colspan=\"2\" width=\"593\"><strong>5 pa\u017adziernika &nbsp;&nbsp;I CZWARTEK MIESI\u0104CA<\/strong><\/p>\n<p><strong>wsp. \u015bw. Faustyny Kowalskiej<\/strong><\/td>\n<td width=\"133\"><strong><em>\u0141k 10, 1-12<\/em><\/strong><\/td>\n<\/tr>\n<tr>\n<td width=\"87\">8:00<\/td>\n<td colspan=\"2\" width=\"639\">\u015ap. Marianna Humelt 5 greg.<\/td>\n<\/tr>\n<tr>\n<td width=\"87\">17:15<\/td>\n<td colspan=\"2\" width=\"639\"><em>Nabo\u017ce\u0144stwo r\u00f3\u017ca\u0144cowe<\/em><\/td>\n<\/tr>\n<tr>\n<td width=\"87\">18:00<\/td>\n<td colspan=\"2\" width=\"639\">O \u015bwi\u0119to\u015b\u0107 dla kap\u0142an\u00f3w oraz liczne i \u015bwi\u0119te powo\u0142ania kap\u0142a\u0144skie i zakonne z naszej parafii<\/td>\n<\/tr>\n<tr>\n<td width=\"87\">18:00<\/td>\n<td colspan=\"2\" width=\"639\">Dzi\u0119kczynna w 15 rocz. \u015blubu Magdaleny i Dariusza \u017bugaj z pro\u015bb\u0105 o Bo\u017ce b\u0142ogos\u0142awie\u0144stwo, potrzebne \u0142aski i opiek\u0119 Matki Bo\u017cej dla ca\u0142ej rodziny<\/td>\n<\/tr>\n<tr>\n<td width=\"87\"><strong>18:45<\/strong><\/td>\n<td colspan=\"2\" width=\"639\"><strong>Godzina \u015awi\u0119ta [godzinna adroracja Naj\u015bwi\u0119tszego Sakramentu w intencji powo\u0142a\u0144]<\/strong><\/td>\n<\/tr>\n<\/tbody>\n<\/table>\n<p>&nbsp;<\/p>\n<table width=\"726\">\n<tbody>\n<tr>\n<td colspan=\"2\" width=\"593\"><strong>6 pa\u017adziernika&nbsp;&nbsp; I PI\u0104TEK MIESI\u0104CA<\/strong><\/td>\n<td width=\"133\"><strong><em>\u0141k 10, 13-16<\/em><\/strong><\/td>\n<\/tr>\n<tr>\n<td width=\"87\">8:00<\/td>\n<td colspan=\"2\" width=\"639\">\u015ap. Marianna Humelt 6 greg.<\/td>\n<\/tr>\n<tr>\n<td width=\"87\">16:30<\/td>\n<td colspan=\"2\" width=\"639\">\u015ap. Franciszek; \u015ap. Karolina [<em>rezerwacja<\/em>]<\/td>\n<\/tr>\n<tr>\n<td width=\"87\">17:15<\/td>\n<td colspan=\"2\" width=\"639\"><em>Nabo\u017ce\u0144stwo r\u00f3\u017ca\u0144cowe<\/em><\/td>\n<\/tr>\n<tr>\n<td width=\"87\">18:00<\/td>\n<td colspan=\"2\" width=\"639\">\u015ap. Bogdan Kr\u00f3l w 2 rocz. \u015bmierci<\/td>\n<\/tr>\n<\/tbody>\n<\/table>\n<p>&nbsp;<\/p>\n<table width=\"726\">\n<tbody>\n<tr>\n<td colspan=\"2\" width=\"593\"><strong>7 pa\u017adziernika&nbsp;&nbsp; I SOBOTA MIESI\u0104CA<\/strong><\/p>\n<p><strong>wsp. Naj\u015bwi\u0119tszej Maryi Panny R\u00f3\u017ca\u0144cowej<\/strong><\/td>\n<td width=\"133\"><strong><em>\u0141k 10, 17-24<\/em><\/strong><\/td>\n<\/tr>\n<tr>\n<td width=\"87\">8:00<\/td>\n<td colspan=\"2\" width=\"639\">\u015ap. Maria Siemion w 13 rocz. \u015bmierci<\/td>\n<\/tr>\n<tr>\n<td width=\"87\"><strong>10:30<\/strong><\/td>\n<td colspan=\"2\" width=\"639\"><strong>R\u00d3\u017bANIEC DO GRANIC \u2013 pocz\u0105tek w katedrze elbl\u0105skiej, nast\u0119pnie wyjazd do Suchacza i przej\u015bcie nad Zalew Wi\u015blany do KADYN<\/strong><\/td>\n<\/tr>\n<tr>\n<td width=\"87\">17:00<\/td>\n<td colspan=\"2\" width=\"639\"><em>Nabo\u017ce\u0144stwo pierwszych sob\u00f3t miesi\u0105ca po\u0142\u0105czone z R\u00f3\u017ca\u0144cem<\/em><\/td>\n<\/tr>\n<tr>\n<td width=\"87\">18:00<\/td>\n<td colspan=\"2\" width=\"639\">\u015ap. Marianna Humelt 7 greg.<\/td>\n<\/tr>\n<tr>\n<td width=\"87\">18:00<\/td>\n<td colspan=\"2\" width=\"639\"><strong>Intencja IX R\u00f3\u017cy R\u00f3\u017ca\u0144cowej <em>Matki Bo\u017cej Szkaplerznej<\/em><\/strong><\/td>\n<\/tr>\n<\/tbody>\n<\/table>\n<p>&nbsp;<\/p>\n<table width=\"726\">\n<tbody>\n<tr>\n<td colspan=\"2\" width=\"593\"><strong>8 pa\u017adziernika&nbsp;&nbsp; XXVII NIEDZIELA ZWYK\u0141A <\/strong><\/td>\n<td width=\"133\"><strong><em>Mt 21, 33-43<\/em><\/strong><\/td>\n<\/tr>\n<tr>\n<td width=\"87\">7:00<\/td>\n<td colspan=\"2\" width=\"639\">\u015ap. Marianna Humelt 8 greg.<\/td>\n<\/tr>\n<tr>\n<td width=\"87\">9:00<\/td>\n<td colspan=\"2\" width=\"639\">O uprzedzaj\u0105c\u0105 \u0142ask\u0119 natchnie\u0144 i si\u0142\u0119 do wprowadzania dar\u00f3w w \u017cycie dla Nikodema i jego rodziny, Agnieszki i ca\u0142ej rodziny zakonnej oraz Magdy i bliskich<\/td>\n<\/tr>\n<tr>\n<td width=\"87\">9:00<\/td>\n<td colspan=\"2\" width=\"639\">\u015ap. Regina i Szczepan Miko\u0142ajewscy, brat Zenon oraz zmarli z rodzin: Miko\u0142ajewskich, Roso\u0142owskich i Rybickich<\/td>\n<\/tr>\n<tr>\n<td width=\"87\">10:30<\/td>\n<td colspan=\"2\" width=\"639\">Dzi\u0119kczynna w 1 rocz. \u015blubu Anny i \u0141ukasza Grabowskich<\/td>\n<\/tr>\n<tr>\n<td width=\"87\"><strong>12:00<\/strong><\/td>\n<td colspan=\"2\" width=\"639\"><strong>Za parafian<\/strong><\/td>\n<\/tr>\n<tr>\n<td width=\"87\">15:00<\/td>\n<td colspan=\"2\" width=\"639\">\u015ap. Eugenia i Andrzej Morozik oraz Helena i Leon Derenda<\/td>\n<\/tr>\n<tr>\n<td width=\"87\">17:15<\/td>\n<td colspan=\"2\" width=\"639\"><em>Nabo\u017ce\u0144stwo r\u00f3\u017ca\u0144cowe<\/em><\/td>\n<\/tr>\n<tr>\n<td width=\"87\">18:00<\/td>\n<td colspan=\"2\" width=\"639\">O Bo\u017ce b\u0142ogos\u0142awie\u0144stwo, dary Ducha \u015awi\u0119tego i opiek\u0119 Matki Bo\u017cej dla ks. Marcina Marciniaka z okazji 1 rocz. \u015bwi\u0119ce\u0144 kap\u0142a\u0144skich \u2013 intencja od Margaretki<\/td>\n<\/tr>\n<\/tbody>\n<\/table>\n<p>&nbsp;<\/p>\n<p>&nbsp;<\/p>\n","protected":false},"excerpt":{"rendered":"<p>&nbsp; 2 pa\u017adziernika&nbsp;&nbsp; PONIEDZIA\u0141EK wsp. \u015bwi\u0119tych Anio\u0142\u00f3w Str\u00f3\u017c\u00f3w Mt 18, 1-5.10 8:00 \u015ap. Marianna Humelt 2 greg. 18:00 \u015ap. Waldemar Makowski w 30 dzie\u0144 po pogrzebie 18:00 O rozwi\u0105zanie trudnych spraw dla Benity i Adama oraz o \u015bwiat\u0142o Ducha \u015awi\u0119tego 19:00 Nabo\u017ce\u0144stwo r\u00f3\u017ca\u0144cowe 19:00 Spotkanie dla rodzic\u00f3w dzieci przygotowuj\u0105cych si\u0119 do rocznicy I Komunii \u015awi\u0119tej [&hellip;]<\/p>\n","protected":false},"author":1,"featured_media":2526,"comment_status":"closed","ping_status":"closed","sticky":false,"template":"","format":"standard","meta":{"ngg_post_thumbnail":0,"footnotes":""},"categories":[11,8,4],"tags":[],"class_list":["post-2971","post","type-post","status-publish","format-standard","has-post-thumbnail","hentry","category-aktualnosci","category-blog","category-intencje"],"_links":{"self":[{"href":"https:\/\/rafalk-elblag.pl\/index.php?rest_route=\/wp\/v2\/posts\/2971","targetHints":{"allow":["GET"]}}],"collection":[{"href":"https:\/\/rafalk-elblag.pl\/index.php?rest_route=\/wp\/v2\/posts"}],"about":[{"href":"https:\/\/rafalk-elblag.pl\/index.php?rest_route=\/wp\/v2\/types\/post"}],"author":[{"embeddable":true,"href":"https:\/\/rafalk-elblag.pl\/index.php?rest_route=\/wp\/v2\/users\/1"}],"replies":[{"embeddable":true,"href":"https:\/\/rafalk-elblag.pl\/index.php?rest_route=%2Fwp%2Fv2%2Fcomments&post=2971"}],"version-history":[{"count":1,"href":"https:\/\/rafalk-elblag.pl\/index.php?rest_route=\/wp\/v2\/posts\/2971\/revisions"}],"predecessor-version":[{"id":2972,"href":"https:\/\/rafalk-elblag.pl\/index.php?rest_route=\/wp\/v2\/posts\/2971\/revisions\/2972"}],"wp:featuredmedia":[{"embeddable":true,"href":"https:\/\/rafalk-elblag.pl\/index.php?rest_route=\/wp\/v2\/media\/2526"}],"wp:attachment":[{"href":"https:\/\/rafalk-elblag.pl\/index.php?rest_route=%2Fwp%2Fv2%2Fmedia&parent=2971"}],"wp:term":[{"taxonomy":"category","embeddable":true,"href":"https:\/\/rafalk-elblag.pl\/index.php?rest_route=%2Fwp%2Fv2%2Fcategories&post=2971"},{"taxonomy":"post_tag","embeddable":true,"href":"https:\/\/rafalk-elblag.pl\/index.php?rest_route=%2Fwp%2Fv2%2Ftags&post=2971"}],"curies":[{"name":"wp","href":"https:\/\/api.w.org\/{rel}","templated":true}]}}