{"id":2963,"date":"2017-09-18T18:06:26","date_gmt":"2017-09-18T18:06:26","guid":{"rendered":"http:\/\/rafalk-elblag.pl\/?p=2963"},"modified":"2017-09-18T18:06:26","modified_gmt":"2017-09-18T18:06:26","slug":"ogloszenia-parafialne-17-09-2017-r-xxiv-niedziela-zwykla","status":"publish","type":"post","link":"https:\/\/rafalk-elblag.pl\/?p=2963","title":{"rendered":"OG\u0141OSZENIA PARAFIALNE 17.09.2017 R. XXIV NIEDZIELA ZWYK\u0141A"},"content":{"rendered":"<p><a href=\"http:\/\/rafalk-elblag.pl\/wp-content\/uploads\/2016\/12\/pulpit.jpg\"><img loading=\"lazy\" decoding=\"async\" class=\"alignnone size-large wp-image-2530\" src=\"http:\/\/rafalk-elblag.pl\/wp-content\/uploads\/2016\/12\/pulpit-1024x682.jpg\" alt=\"\" width=\"900\" height=\"599\" srcset=\"https:\/\/rafalk-elblag.pl\/wp-content\/uploads\/2016\/12\/pulpit-1024x682.jpg 1024w, https:\/\/rafalk-elblag.pl\/wp-content\/uploads\/2016\/12\/pulpit-300x200.jpg 300w, https:\/\/rafalk-elblag.pl\/wp-content\/uploads\/2016\/12\/pulpit-768x512.jpg 768w, https:\/\/rafalk-elblag.pl\/wp-content\/uploads\/2016\/12\/pulpit.jpg 1698w\" sizes=\"auto, (max-width: 900px) 100vw, 900px\" \/><\/a><\/p>\n<p>&nbsp;<\/p>\n<p>1. Rozpocz\u0105\u0142 si\u0119 nowy rok szkolny i katechetyczny. Zatroszczmy si\u0119 o dobre wychowanie m\u0142odego pokolenia. postarajmy si\u0119 znale\u017a\u0107 czas dla naszych dzieci \u2013 \u017cywo interesujmy si\u0119 ich post\u0119pami w szkole, zadbajmy o ich udzia\u0142 w lekcjach religii. <strong>Przypominamy ponadto, \u017ce przygotowanie do sakrament\u00f3w \u015bwi\u0119tych tj. do pierwszej spowiedzi i Komunii \u015bwi\u0119tej oraz do Bierzmowania odbywa si\u0119 przy parafii, a nie w szkole.<\/strong><\/p>\n<p>&nbsp;<\/p>\n<p><strong>2. UWAGA!!! <\/strong>Zapisy do bierzmowania m\u0142odzie\u017cy z klas III gimnazjum trwaj\u0105 do ko\u0144ca wrze\u015bnia. Rok drugi zapraszamy na spotkanie dzisiaj po Mszy \u015bw. o godz.18.00. Zg\u0142oszenia u ks. Marcina.<\/p>\n<p>&nbsp;<\/p>\n<p><strong>3. KURS ALPHA dla m\u0119\u017cczyzn<\/strong> startuje w poniedzia\u0142ek 18 wrze\u015bnia br. o godz. 19.00 w Ko\u015bciele Bo\u017cego Cia\u0142a w Elbl\u0105gu, ul Robotnicza 29. Ka\u017cdy spotkanie obejmuje posi\u0142ek, wyk\u0142ad i dyskusj\u0119 w ma\u0142ych grupach. <em>Wi\u0119cej informacji na ulotkach przy Biuletynie.<\/em><\/p>\n<p>&nbsp;<\/p>\n<p>4. Za tydzie\u0144 Wolontariusze Caritas b\u0119d\u0105 zbiera\u0107 ofiary przed ko\u015bcio\u0142em dla najubo\u017cszych i potrzebuj\u0105cych z naszej parafii.<\/p>\n<p>&nbsp;<\/p>\n<p><strong>5. Nasza parafia organizuje pielgrzymk\u0119 na II OG\u00d3LNOPOLSKIE SPOTKANIE APOSTOLATU MARGARETKA w Krakowie<\/strong>. Wyjazd 13 pa\u017adziernika o godz.6.00. Nocleg w Wadowicach u Karmelit\u00f3w Bosych przy ko\u015bciele wybudowanym przez patrona naszej parafii. Przewidziane krem\u00f3wki papieskie i inne atrakcje. W sobot\u0119 14 wrze\u015bnia br. udzia\u0142 w spotkaniu Apostolatu Margaretka w Sanktuarium \u015bw. Jana Paw\u0142a II. Koszt 220 z\u0142 (nocleg, obiadokolacja, \u015bniadanie, autokar). Zapisy do ko\u0144ca wrze\u015bnia w zakrystii.<\/p>\n<p>&nbsp;<\/p>\n<p>6. Domowy Ko\u015bci\u00f3\u0142 Diecezji Elbl\u0105skiej&nbsp; oraz Wydzia\u0142 Duszpasterstwa Rodzin zaprasza wszystkie ma\u0142\u017ce\u0144stwa sakramentalne z naszej diecezji na wsp\u00f3lne radosne \u015bwi\u0119towanie&nbsp; odnowienia przysi\u0119gi ma\u0142\u017ce\u0144skiej. Chcemy si\u0119 zgromadzi\u0107 w naszej <strong>Elbl\u0105skiej Katedrze<\/strong> i wobec naszego Biskupa ponowi\u0107 \u015blubowanie mi\u0142o\u015bci, wierno\u015bci, uczciwo\u015bci i wytrwania a\u017c do \u015bmierci. Zapraszamy <strong>30 wrze\u015bnia 2017 <\/strong>roku o godzinie <strong>00<\/strong> na&nbsp; JUBILEUSZ SAKRAMENTU MA\u0141\u017bE\u0143STWA. Po uroczystej Mszy zapraszamy na wsp\u00f3lny pocz\u0119stunek przy kawie. Chcemy si\u0119 dobrze przygotowa\u0107 do tego wydarzenia, dlatego prosimy o telefoniczne <strong>502 252 562<\/strong> lub e-mailowe: dkelblag@gmail.com zg\u0142oszenie. Wi\u0119cej informacji na stronie internetowej: https:\/\/jubileuszmalzenski.blogspot.com<\/p>\n<p>&nbsp;<\/p>\n<p>7. W tym roku, 4 listopada, u tronu Jasnog\u00f3rskiej Pani b\u0119dzie mia\u0142o miejsce niesamowite wydarzenie \u2013<strong> \u201eM\u0119\u017cczy\u017ani u tronu Kr\u00f3lowej \u2013 Obl\u0119\u017cenie Jasnej G\u00f3ry\u201d.<\/strong> Z ca\u0142ej Polski i nie tylko, do Cz\u0119stochowy zjad\u0105 si\u0119 m\u0119\u017cczy\u017ani, aby modli\u0107 si\u0119 o si\u0142y do bycia ostoj\u0105 dla naszych rodzin i Ko\u015bcio\u0142a, a tak\u017ce znakiem nowej jako\u015bci m\u0119stwa w spo\u0142ecze\u0144stwie. Razem \u201ejak jeden m\u0105\u017c\u201d chcemy odda\u0107 siebie Matce Bo\u017cej. Na Jasnej G\u00f3rze b\u0119dziemy w godzinach 10.00-18.00. Nie mo\u017ce by\u0107 tak, \u017ce zabraknie tam nas, m\u0119\u017cczyzn z Domowego Ko\u015bcio\u0142a, m\u0119\u017c\u00f3w i ojc\u00f3w. Wykorzystajmy t\u0119 okazj\u0119 do modlitwy za nasze rodziny i pro\u015bby o b\u0142ogos\u0142awie\u0144stwo. Z racji tego wydarzenia z Elbl\u0105ga b\u0119dzie zorganizowany, przez wsp\u00f3lnot\u0119 M\u0119\u017cczyzn Boga, wsp\u00f3lny wyjazd dla wszystkich ch\u0119tnych m\u0119\u017cczyzn. Wyje\u017cd\u017camy 4 listopada, oko\u0142o godziny 4.00 nad ranem, wracamy tego samego dnia oko\u0142o p\u00f3\u0142nocy. Koszt wyjazdu b\u0119dzie wynosi\u0142 oko\u0142o 60 z\u0142. Zaproszeni s\u0105 wszyscy m\u0119\u017cczy\u017ani! <strong>Zg\u0142oszenia prosimy wysy\u0142a\u0107 e-mailowo: maciej.pietkiewicz@gmail.com, ewentualnie SMS-em pod numer telefonu \u2013 535830523. <\/strong><\/p>\n<p>&nbsp;<\/p>\n<p>8. Zach\u0119camy do czytania prasy katolickiej: nowy numer \u201eGo\u015bcia Niedzielnego\u201d w cenie 5 z\u0142. <strong>oraz dodatek<\/strong> <strong>\u201eGo\u015b\u0107 Elbl\u0105ski\u201d<\/strong> a nim wydarzenia z diecezji.<\/p>\n<p>&nbsp;<\/p>\n<p>9. Pan powo\u0142a\u0142 do wieczno\u015bci: \u015bp. Bogdan Michalski lat 70 z ul. K\u0142oczowskiego oraz \u015bp. Szczepan \u017by\u0142a lat 66 z ul. K\u0142oczowskiego. Wieczny odpoczynek racz im da\u0107 Panie!<\/p>\n<p>&nbsp;<\/p>\n<p>&nbsp;<\/p>\n<p style=\"text-align: center;\"><span style=\"color: #ff0000;\"><strong>Numer Konta Parafialnego<\/strong><\/span><\/p>\n<p style=\"text-align: center;\"><span style=\"color: #ff0000;\"><strong>PKO BP 72 1020 1752 0000 0102 0069 6047<\/strong><\/span><\/p>\n<p style=\"text-align: center;\">&nbsp;<\/p>\n<p style=\"text-align: center;\">&nbsp;<\/p>\n","protected":false},"excerpt":{"rendered":"<p>&nbsp; 1. Rozpocz\u0105\u0142 si\u0119 nowy rok szkolny i katechetyczny. Zatroszczmy si\u0119 o dobre wychowanie m\u0142odego pokolenia. postarajmy si\u0119 znale\u017a\u0107 czas dla naszych dzieci \u2013 \u017cywo interesujmy si\u0119 ich post\u0119pami w szkole, zadbajmy o ich udzia\u0142 w lekcjach religii. Przypominamy ponadto, \u017ce przygotowanie do sakrament\u00f3w \u015bwi\u0119tych tj. do pierwszej spowiedzi i Komunii \u015bwi\u0119tej oraz do Bierzmowania [&hellip;]<\/p>\n","protected":false},"author":1,"featured_media":2530,"comment_status":"closed","ping_status":"closed","sticky":false,"template":"","format":"standard","meta":{"ngg_post_thumbnail":0,"footnotes":""},"categories":[11,8,3],"tags":[],"class_list":["post-2963","post","type-post","status-publish","format-standard","has-post-thumbnail","hentry","category-aktualnosci","category-blog","category-ogloszenia"],"_links":{"self":[{"href":"https:\/\/rafalk-elblag.pl\/index.php?rest_route=\/wp\/v2\/posts\/2963","targetHints":{"allow":["GET"]}}],"collection":[{"href":"https:\/\/rafalk-elblag.pl\/index.php?rest_route=\/wp\/v2\/posts"}],"about":[{"href":"https:\/\/rafalk-elblag.pl\/index.php?rest_route=\/wp\/v2\/types\/post"}],"author":[{"embeddable":true,"href":"https:\/\/rafalk-elblag.pl\/index.php?rest_route=\/wp\/v2\/users\/1"}],"replies":[{"embeddable":true,"href":"https:\/\/rafalk-elblag.pl\/index.php?rest_route=%2Fwp%2Fv2%2Fcomments&post=2963"}],"version-history":[{"count":1,"href":"https:\/\/rafalk-elblag.pl\/index.php?rest_route=\/wp\/v2\/posts\/2963\/revisions"}],"predecessor-version":[{"id":2964,"href":"https:\/\/rafalk-elblag.pl\/index.php?rest_route=\/wp\/v2\/posts\/2963\/revisions\/2964"}],"wp:featuredmedia":[{"embeddable":true,"href":"https:\/\/rafalk-elblag.pl\/index.php?rest_route=\/wp\/v2\/media\/2530"}],"wp:attachment":[{"href":"https:\/\/rafalk-elblag.pl\/index.php?rest_route=%2Fwp%2Fv2%2Fmedia&parent=2963"}],"wp:term":[{"taxonomy":"category","embeddable":true,"href":"https:\/\/rafalk-elblag.pl\/index.php?rest_route=%2Fwp%2Fv2%2Fcategories&post=2963"},{"taxonomy":"post_tag","embeddable":true,"href":"https:\/\/rafalk-elblag.pl\/index.php?rest_route=%2Fwp%2Fv2%2Ftags&post=2963"}],"curies":[{"name":"wp","href":"https:\/\/api.w.org\/{rel}","templated":true}]}}