{"id":2961,"date":"2017-09-18T17:59:46","date_gmt":"2017-09-18T17:59:46","guid":{"rendered":"http:\/\/rafalk-elblag.pl\/?p=2961"},"modified":"2017-09-18T18:07:31","modified_gmt":"2017-09-18T18:07:31","slug":"intencje-mszalne-na-xxiii-tydzien-okresu-zwyklego-18-24-09-2017-r","status":"publish","type":"post","link":"https:\/\/rafalk-elblag.pl\/?p=2961","title":{"rendered":"INTENCJE MSZALNE NA XXIV TYDZIE\u0143 OKRESU ZWYK\u0141EGO (18-24.09.2017 R.)"},"content":{"rendered":"<p><a href=\"http:\/\/rafalk-elblag.pl\/wp-content\/uploads\/2016\/12\/shutterstock_49643152-1000.jpg\"><img loading=\"lazy\" decoding=\"async\" class=\"alignnone size-full wp-image-2526\" src=\"http:\/\/rafalk-elblag.pl\/wp-content\/uploads\/2016\/12\/shutterstock_49643152-1000.jpg\" alt=\"\" width=\"1000\" height=\"665\" srcset=\"https:\/\/rafalk-elblag.pl\/wp-content\/uploads\/2016\/12\/shutterstock_49643152-1000.jpg 1000w, https:\/\/rafalk-elblag.pl\/wp-content\/uploads\/2016\/12\/shutterstock_49643152-1000-300x200.jpg 300w, https:\/\/rafalk-elblag.pl\/wp-content\/uploads\/2016\/12\/shutterstock_49643152-1000-768x511.jpg 768w\" sizes=\"auto, (max-width: 1000px) 100vw, 1000px\" \/><\/a><\/p>\n<p>&nbsp;<\/p>\n<table width=\"741\">\n<tbody>\n<tr>\n<td colspan=\"2\" width=\"580\"><span style=\"color: #ff9900;\"><strong>18 wrze\u015bnia &nbsp;&nbsp;PONIEDZIA\u0141EK<\/strong><\/span><\/p>\n<p><span style=\"color: #ff9900;\"><strong>\u015aWI\u0118TO \u015aW. STANIS\u0141AWA KOSTKI, zakonnika, patrona Polski i m\u0142odzie\u017cy<\/strong><\/span><\/td>\n<td width=\"161\"><strong><em>\u0141k 2, 41-52<\/em><\/strong><\/td>\n<\/tr>\n<tr>\n<td width=\"129\">8:00<\/td>\n<td colspan=\"2\" width=\"613\">\u015ap. Danuta Cybula 18 greg.<\/td>\n<\/tr>\n<tr>\n<td width=\"129\">18:00<\/td>\n<td colspan=\"2\" width=\"613\">O Bo\u017ce b\u0142ogos\u0142awie\u0144stwo i opiek\u0119 Matki Bo\u017cej dla wszystkich os\u00f3b i ich rodzin, kt\u00f3re podj\u0119\u0142y si\u0119 modlitwy r\u00f3\u017ca\u0144cowej w nowej R\u00f3\u017cy \u201eMatki Bo\u017cej Nadziei\u201d oraz za opiekuna \u2013 ks. Proboszcza<\/td>\n<\/tr>\n<\/tbody>\n<\/table>\n<p>&nbsp;<\/p>\n<table width=\"741\">\n<tbody>\n<tr>\n<td colspan=\"2\" width=\"580\"><strong>19 wrze\u015bnia &nbsp;&nbsp;<\/strong><strong>WTOREK<\/strong><\/td>\n<td width=\"161\"><strong><em>\u0141k 7, 11-17<\/em><\/strong><\/td>\n<\/tr>\n<tr>\n<td width=\"129\">8:00<\/td>\n<td colspan=\"2\" width=\"613\">\u015ap. Danuta Cybula 19 greg.<\/td>\n<\/tr>\n<tr>\n<td width=\"129\">18:00<\/td>\n<td colspan=\"2\" width=\"613\">\u015ap. Karol Kowalczyk w 30 dzie\u0144 po pogrzebie<\/td>\n<\/tr>\n<tr>\n<td width=\"129\">18:00<\/td>\n<td colspan=\"2\" width=\"613\">\u015ap. Kazimierz Su\u0142ek w 30 dzie\u0144 po pogrzebie<\/td>\n<\/tr>\n<\/tbody>\n<\/table>\n<p>&nbsp;<\/p>\n<table width=\"741\">\n<tbody>\n<tr>\n<td colspan=\"2\" width=\"580\"><span style=\"color: #ff0000;\"><strong>20 wrze\u015bnia &nbsp;&nbsp;\u015aRODA<\/strong><\/span><\/p>\n<p><span style=\"color: #ff0000;\"><strong>wsp. \u015bw. Andrzeja Kim Taegon [prezbitera]; \u015bw. Paw\u0142a Chong Hasang i Towarzyszy<\/strong><\/span><\/td>\n<td width=\"161\"><strong><em>\u0141k 7, 31-35<\/em><\/strong><\/td>\n<\/tr>\n<tr>\n<td width=\"129\">8:00<\/td>\n<td colspan=\"2\" width=\"613\">\u015ap. Danuta Cybula 20 greg.<\/td>\n<\/tr>\n<tr>\n<td width=\"129\">18:00<\/td>\n<td colspan=\"2\" width=\"613\">Dzi\u0119kczynna w dniu rocznicy urodzin ks. Marcina, z pro\u015bb\u0105 o dary Ducha \u015awi\u0119tego w pracy duszpasterskiej \u2013 intencja od Margaretki<\/td>\n<\/tr>\n<tr>\n<td width=\"129\">18:00<\/td>\n<td colspan=\"2\" width=\"613\">O Bo\u017ce b\u0142ogos\u0142awie\u0144stwo w dniu rocznicy urodzin dla ks. Tomasza Wieczorka \u2013 intencja od Margaretki<\/td>\n<\/tr>\n<\/tbody>\n<\/table>\n<p>&nbsp;<\/p>\n<table width=\"741\">\n<tbody>\n<tr>\n<td colspan=\"2\" width=\"580\"><span style=\"color: #ff0000;\"><strong>21 wrze\u015bnia &nbsp;&nbsp;CZWARTEK<\/strong><\/span><\/p>\n<p><span style=\"color: #ff0000;\"><strong>\u015aWI\u0118TO \u015aW. MATEUSZA, Aposto\u0142a i Ewangelisty<\/strong><\/span><\/td>\n<td width=\"161\"><strong><em>Mt 9, 9-13<\/em><\/strong><\/td>\n<\/tr>\n<tr>\n<td width=\"129\">8:00<\/td>\n<td colspan=\"2\" width=\"613\">\u015ap. Danuta Cybula 21 greg.<\/td>\n<\/tr>\n<tr>\n<td width=\"129\">18:00<\/td>\n<td colspan=\"2\" width=\"613\">\u015ap. Jan Polsakiewicz w 6 rocz. \u015bm., za \u015bp. siostr\u0119 Teres\u0119 i rodzic\u00f3w z obojga stron<\/td>\n<\/tr>\n<tr>\n<td width=\"129\">18:00<\/td>\n<td colspan=\"2\" width=\"613\">\u015ap. Jadwiga Zinkiewicz w 30 dzie\u0144 po pogrzebie<\/td>\n<\/tr>\n<\/tbody>\n<\/table>\n<p>&nbsp;<\/p>\n<table width=\"741\">\n<tbody>\n<tr>\n<td colspan=\"2\" width=\"580\"><strong>22 wrze\u015bnia&nbsp;&nbsp; PI\u0104TEK<\/strong><\/td>\n<td width=\"161\"><strong><em>\u0141k 8, 1-3<\/em><\/strong><\/td>\n<\/tr>\n<tr>\n<td width=\"129\">8:00<\/td>\n<td colspan=\"2\" width=\"613\">\u015ap. Danuta Cybula 22 greg.<\/td>\n<\/tr>\n<tr>\n<td width=\"129\">18:00<\/td>\n<td colspan=\"2\" width=\"613\">\u015ap. Wincenty Kulbacki w 4 rocz. \u015bm.<\/td>\n<\/tr>\n<tr>\n<td width=\"129\">18:00<\/td>\n<td colspan=\"2\" width=\"613\">\u015ap. Maciej Bo\u017cek w 7 rocz. \u015bm.<\/td>\n<\/tr>\n<\/tbody>\n<\/table>\n<p>&nbsp;<\/p>\n<table width=\"741\">\n<tbody>\n<tr>\n<td colspan=\"2\" width=\"580\"><span style=\"color: #ff9900;\"><strong>23 wrze\u015bnia&nbsp;&nbsp; SOBOTA<\/strong><\/span><\/p>\n<p><span style=\"color: #ff9900;\"><strong>wsp. \u015bw. Pio z Pietrelciny, prezbitera<\/strong><\/span><\/td>\n<td width=\"161\"><strong><em>\u0141k 8, 4-15<\/em><\/strong><\/td>\n<\/tr>\n<tr>\n<td width=\"129\">8:00<\/td>\n<td colspan=\"2\" width=\"613\">\u015ap. Danuta Cybula 23 greg.<\/td>\n<\/tr>\n<tr>\n<td width=\"129\">18:00<\/td>\n<td colspan=\"2\" width=\"613\">O Bo\u017ce b\u0142ogos\u0142awie\u0144stwo i opiek\u0119 Matki Bo\u017cej w rocznic\u0119 \u015blubu Iwony i Romana oraz Sylwii i Paw\u0142a oraz dla ich rodzin na dalsze lata<\/td>\n<\/tr>\n<tr>\n<td width=\"129\">18:00<\/td>\n<td colspan=\"2\" width=\"613\">\u015ap. Stans\u0142awa (k) Cie\u015bli\u0144ska w 14 rocz. \u015bm. oraz za zmar\u0142ych z rodziny Cie\u015bli\u0144skich: \u015bp. Tadeusz, Krystyna, J\u00f3zef (m)<\/td>\n<\/tr>\n<\/tbody>\n<\/table>\n<p>&nbsp;<\/p>\n<table width=\"726\">\n<tbody>\n<tr>\n<td colspan=\"2\" width=\"593\"><span style=\"color: #008000;\"><strong>24 wrze\u015bnia&nbsp;&nbsp; XXV NIEDZIELA ZWYK\u0141A <\/strong><\/span><\/td>\n<td width=\"133\"><strong><em>Mt 20, 1-16a<\/em><\/strong><\/td>\n<\/tr>\n<tr>\n<td width=\"87\">7:00<\/td>\n<td colspan=\"2\" width=\"639\">\u015ap. Zygmunt Rodziszewski w 25 rocz. \u015bm.<\/td>\n<\/tr>\n<tr>\n<td width=\"87\">9:00<\/td>\n<td colspan=\"2\" width=\"639\">\u015ap. Wiktor Idzikowski, Alfreda (k) Idzikowska, Barbara<\/td>\n<\/tr>\n<tr>\n<td width=\"87\">9:00<\/td>\n<td colspan=\"2\" width=\"639\">&nbsp;<\/td>\n<\/tr>\n<tr>\n<td width=\"87\">10:30<\/td>\n<td colspan=\"2\" width=\"639\">\u015ap. Czes\u0142awa (k) Mi\u0142osz w 2 rocz. \u015bm. oraz Ryszard i Henryk<\/td>\n<\/tr>\n<tr>\n<td width=\"87\"><strong>12:00<\/strong><\/td>\n<td colspan=\"2\" width=\"639\"><strong>Za parafian<\/strong><\/td>\n<\/tr>\n<tr>\n<td width=\"87\">15:00<\/td>\n<td colspan=\"2\" width=\"639\">\u015ap. Szczepan Jan Kaczmarek w 15 rocz. \u015bm.<\/td>\n<\/tr>\n<tr>\n<td width=\"87\">18:00<\/td>\n<td colspan=\"2\" width=\"639\">\u015ap. Danuta Cybula 24 greg.<\/td>\n<\/tr>\n<\/tbody>\n<\/table>\n<p>&nbsp;<\/p>\n<p>&nbsp;<\/p>\n<p>&nbsp;<\/p>\n","protected":false},"excerpt":{"rendered":"<p>&nbsp; 18 wrze\u015bnia &nbsp;&nbsp;PONIEDZIA\u0141EK \u015aWI\u0118TO \u015aW. STANIS\u0141AWA KOSTKI, zakonnika, patrona Polski i m\u0142odzie\u017cy \u0141k 2, 41-52 8:00 \u015ap. Danuta Cybula 18 greg. 18:00 O Bo\u017ce b\u0142ogos\u0142awie\u0144stwo i opiek\u0119 Matki Bo\u017cej dla wszystkich os\u00f3b i ich rodzin, kt\u00f3re podj\u0119\u0142y si\u0119 modlitwy r\u00f3\u017ca\u0144cowej w nowej R\u00f3\u017cy \u201eMatki Bo\u017cej Nadziei\u201d oraz za opiekuna \u2013 ks. Proboszcza &nbsp; 19 [&hellip;]<\/p>\n","protected":false},"author":1,"featured_media":2526,"comment_status":"closed","ping_status":"closed","sticky":false,"template":"","format":"standard","meta":{"ngg_post_thumbnail":0,"footnotes":""},"categories":[11,8,4],"tags":[],"class_list":["post-2961","post","type-post","status-publish","format-standard","has-post-thumbnail","hentry","category-aktualnosci","category-blog","category-intencje"],"_links":{"self":[{"href":"https:\/\/rafalk-elblag.pl\/index.php?rest_route=\/wp\/v2\/posts\/2961","targetHints":{"allow":["GET"]}}],"collection":[{"href":"https:\/\/rafalk-elblag.pl\/index.php?rest_route=\/wp\/v2\/posts"}],"about":[{"href":"https:\/\/rafalk-elblag.pl\/index.php?rest_route=\/wp\/v2\/types\/post"}],"author":[{"embeddable":true,"href":"https:\/\/rafalk-elblag.pl\/index.php?rest_route=\/wp\/v2\/users\/1"}],"replies":[{"embeddable":true,"href":"https:\/\/rafalk-elblag.pl\/index.php?rest_route=%2Fwp%2Fv2%2Fcomments&post=2961"}],"version-history":[{"count":2,"href":"https:\/\/rafalk-elblag.pl\/index.php?rest_route=\/wp\/v2\/posts\/2961\/revisions"}],"predecessor-version":[{"id":2965,"href":"https:\/\/rafalk-elblag.pl\/index.php?rest_route=\/wp\/v2\/posts\/2961\/revisions\/2965"}],"wp:featuredmedia":[{"embeddable":true,"href":"https:\/\/rafalk-elblag.pl\/index.php?rest_route=\/wp\/v2\/media\/2526"}],"wp:attachment":[{"href":"https:\/\/rafalk-elblag.pl\/index.php?rest_route=%2Fwp%2Fv2%2Fmedia&parent=2961"}],"wp:term":[{"taxonomy":"category","embeddable":true,"href":"https:\/\/rafalk-elblag.pl\/index.php?rest_route=%2Fwp%2Fv2%2Fcategories&post=2961"},{"taxonomy":"post_tag","embeddable":true,"href":"https:\/\/rafalk-elblag.pl\/index.php?rest_route=%2Fwp%2Fv2%2Ftags&post=2961"}],"curies":[{"name":"wp","href":"https:\/\/api.w.org\/{rel}","templated":true}]}}