{"id":2955,"date":"2017-09-11T11:46:54","date_gmt":"2017-09-11T11:46:54","guid":{"rendered":"http:\/\/rafalk-elblag.pl\/?p=2955"},"modified":"2017-09-11T11:46:54","modified_gmt":"2017-09-11T11:46:54","slug":"ogloszenia-parafialne-10-09-2017-r-xxiii-niedziela-zwykla","status":"publish","type":"post","link":"https:\/\/rafalk-elblag.pl\/?p=2955","title":{"rendered":"OG\u0141OSZENIA PARAFIALNE 10.09.2017 R. XXIII NIEDZIELA ZWYK\u0141A"},"content":{"rendered":"<p><a href=\"http:\/\/rafalk-elblag.pl\/wp-content\/uploads\/2016\/12\/pulpit.jpg\"><img loading=\"lazy\" decoding=\"async\" class=\"alignnone size-large wp-image-2530\" src=\"http:\/\/rafalk-elblag.pl\/wp-content\/uploads\/2016\/12\/pulpit-1024x682.jpg\" alt=\"\" width=\"900\" height=\"599\" srcset=\"https:\/\/rafalk-elblag.pl\/wp-content\/uploads\/2016\/12\/pulpit-1024x682.jpg 1024w, https:\/\/rafalk-elblag.pl\/wp-content\/uploads\/2016\/12\/pulpit-300x200.jpg 300w, https:\/\/rafalk-elblag.pl\/wp-content\/uploads\/2016\/12\/pulpit-768x512.jpg 768w, https:\/\/rafalk-elblag.pl\/wp-content\/uploads\/2016\/12\/pulpit.jpg 1698w\" sizes=\"auto, (max-width: 900px) 100vw, 900px\" \/><\/a><\/p>\n<p>&nbsp;<\/p>\n<p><strong>1. UWAGA!<\/strong> Od wrze\u015bnia powracamy do Mszy \u015bwi\u0119tej niedzielnej o godzinie 15.00, kt\u00f3ra rozpoczyna si\u0119 Koronk\u0105 do Mi\u0142osierdzia Bo\u017cego.<\/p>\n<p>&nbsp;<\/p>\n<p>2. W zwi\u0105zku z tym, \u017ce dzi\u015b rozpoczynamy<strong> Tydzie\u0144 Wychowania<\/strong>, pod has\u0142em \u201eMARYJA WYCHOWAWCZYNI\u0104 POKOLE\u0143\u201d.<em> Zapraszamy w tygodniu na Msze \u015aw. o godz. 18.00 po\u0142\u0105czone z modlitwami za dzieci, m\u0142odzie\u017c i rodziny.<\/em> <strong>Wi\u0119cej na stronie: <\/strong>www.tydzie\u0144wychowania.pl.<\/p>\n<p>&nbsp;<\/p>\n<p>3. Rozpocz\u0105\u0142 si\u0119 nowy rok szkolny i katechetyczny. Zatroszczmy si\u0119 o dobre wychowanie m\u0142odego pokolenia. postarajmy si\u0119 znale\u017a\u0107 czas dla naszych dzieci \u2013 \u017cywo interesujmy si\u0119 ich post\u0119pami w szkole, zadbajmy o ich udzia\u0142 w lekcjach religii. <strong>Przypominamy ponadto, \u017ce przygotowanie do sakrament\u00f3w \u015bwi\u0119tych tj. do pierwszej spowiedzi i Komunii \u015bwi\u0119tej oraz do Bierzmowania odbywa si\u0119 przy parafii, a nie w szkole.<\/strong><\/p>\n<p>&nbsp;<\/p>\n<p>4. W tym tygodniu na plebanii odb\u0119d\u0105 si\u0119 spotkania rodzic\u00f3w dzieci przygotowuj\u0105cych si\u0119 w tym roku do Pierwszej Spowiedzi i Komunii \u015awi\u0119tej wed\u0142ug nast\u0119puj\u0105cego porz\u0105dku:<\/p>\n<ul>\n<li><strong>dnia 11 wrze\u015bnia (poniedzia\u0142ek) klasa III a i klasa III b \u2013 o godz. 19.00;<\/strong><\/li>\n<li><strong>dnia 12 wrze\u015bnia (wtorek) klasa III c i klasa III d \u2013 o godz. 19.00;<\/strong><\/li>\n<li><strong>dnia 13 wrze\u015bnia (\u015broda) klasa III e \u2013 o godz. 19.00 oraz rodzice dzieci ucz\u0105cych si\u0119 w innych szko\u0142ach. <\/strong><\/li>\n<\/ul>\n<p><strong>OBECNO\u015a\u0106 OBOJGA RODZIC\u00d3W OBOWI\u0104ZKOWA !!!<\/strong><\/p>\n<p>&nbsp;<\/p>\n<p>5. Odpust Podwy\u017cszenia Krzy\u017ca \u015awi\u0119tego w katedrze \u015bw. Miko\u0142aja, a zarazem Sanktuarium Krzy\u017ca \u015awi\u0119tego, odb\u0119dzie si\u0119 w czwartek 14 wrze\u015bnia 2017 roku. <strong>Uroczysta Msza \u015aw. o godz. 18.00 pod przewodnictwem J. E. ks. Bp. dr. Jacka Jezierskiego &#8211; Biskupa Elbl\u0105skiego.<\/strong><\/p>\n<p>&nbsp;<\/p>\n<p>6. W sobot\u0119 16 wrze\u015bnia dzie\u0144 spotkania i formacji <strong>RODZINY I BRACTWA SZKAPLERZNEGO<\/strong>. Serdecznie zapraszamy na Msz\u0119 \u015bw. o godz. 18.00, a po niej na nabo\u017ce\u0144stwo Godzinki ku czci Matki Bo\u017cej Szkaplerznej.<\/p>\n<p><strong>&nbsp;<\/strong><\/p>\n<p><strong>7. UWAGA!!! <\/strong>Zapisy do bierzmowania m\u0142odzie\u017cy z klas III gimnazjum trwaj\u0105 do ko\u0144ca wrze\u015bnia. Rok drugi zapraszamy na spotkanie w niedziel\u0119 17 wrze\u015bnia po Mszy \u015bw. wieczornej. Zg\u0142oszenia u ks. Marcina.<\/p>\n<p><strong>&nbsp;<\/strong><\/p>\n<p><strong>8. W niedziel\u0119 17 wrze\u015bnia br. na Sumie Parafialnej o godz. 12.00 b\u0119dziemy prosi\u0107 o \u015bwiat\u0142o Ducha \u015awi\u0119tego na kolejny rok formacyjny. Zapraszamy wszystkie wsp\u00f3lnoty z liderami i opiekunami, kt\u00f3re s\u0105 w parafii do wsp\u00f3lnej modlitwy. Wsp\u00f3lnotom na r\u0119ce lider\u00f3w, zostanie przekazane \u015bwiat\u0142o Chrystusa. <em>Id\u017acie i g\u0142o\u015bcie.<\/em><\/strong><\/p>\n<p>&nbsp;<\/p>\n<p>9. Za tydzie\u0144 17 wrze\u015bnia w ko\u015bciele pw. \u201eWszystkich \u015awi\u0119tych\u201d w Elbl\u0105gu dla Zwi\u0105zku Sybirak\u00f3w i Kombatant\u00f3w z okazji 78 rocznicy napa\u015bci sowieckiej na Polsk\u0119 o godz. 8.30 zostanie odprawiona Msza \u015awi\u0119ta. <em>Po niej dalsze uroczysto\u015bci przy Krzy\u017cu Katy\u0144skim na cmentarzu Agrykola.<\/em><\/p>\n<p><strong>&nbsp;<\/strong><\/p>\n<p><strong>10. KURS ALPHA dla m\u0119\u017cczyzn<\/strong> startuje w poniedzia\u0142ek 18 wrze\u015bnia br. o godz. 19.00 w Ko\u015bciele Bo\u017cego Cia\u0142a w Elbl\u0105gu, ul. Robotnicza 29. Ka\u017cdy spotkanie obejmuje posi\u0142ek, wyk\u0142ad i dyskusj\u0119 w ma\u0142ych grupach. <em>Wi\u0119cej informacji na ulotkach przy Biuletynie.<\/em><\/p>\n<p><strong>&nbsp;<\/strong><\/p>\n<p><strong>11. W TYM TYGODNIU KOLEJNY ROK PRACY FORMACYJNEJ INAUGURUJE:<\/strong><\/p>\n<ul>\n<li><strong>Kr\u0105g Biblijny<\/strong> w \u015brod\u0119 13 wrze\u015bnia o godz. 19.00. Zapraszamy osoby pragn\u0105ce bardziej pochyli\u0107 si\u0119 nad Ksi\u0119g\u0105 \u017bycia.<\/li>\n<\/ul>\n<p>&nbsp;<\/p>\n<p>12. Parafialny punkt Caritas otwarty jest w ka\u017cdy czwartek w godzinach od 16.00 do 17.00 przy ul. Myliusa 1a. Osoby potrzebuj\u0105ce pomocy zapraszamy.<\/p>\n<p>&nbsp;<\/p>\n<p>14. Zach\u0119camy do czytania prasy katolickiej: nowy numer \u201eGo\u015bcia Niedzielnego\u201d w cenie 5 z\u0142. <strong>oraz dodatek<\/strong> <strong>\u201eGo\u015b\u0107 Elbl\u0105ski\u201d<\/strong> a nim wydarzenia z diecezji.<\/p>\n<p>&nbsp;<\/p>\n<p>&nbsp;<\/p>\n<p style=\"text-align: center;\"><span style=\"color: #339966;\"><strong>Numer konta bankowego<\/strong><\/span><br \/>\n<span style=\"color: #339966;\"><strong>PKO BP 72 1020 1752 0000 0102 0069 6047<\/strong><\/span><\/p>\n<p style=\"text-align: center;\">&nbsp;<\/p>\n<p style=\"text-align: center;\">&nbsp;<\/p>\n<p style=\"text-align: center;\">&nbsp;<\/p>\n","protected":false},"excerpt":{"rendered":"<p>&nbsp; 1. UWAGA! Od wrze\u015bnia powracamy do Mszy \u015bwi\u0119tej niedzielnej o godzinie 15.00, kt\u00f3ra rozpoczyna si\u0119 Koronk\u0105 do Mi\u0142osierdzia Bo\u017cego. &nbsp; 2. W zwi\u0105zku z tym, \u017ce dzi\u015b rozpoczynamy Tydzie\u0144 Wychowania, pod has\u0142em \u201eMARYJA WYCHOWAWCZYNI\u0104 POKOLE\u0143\u201d. Zapraszamy w tygodniu na Msze \u015aw. o godz. 18.00 po\u0142\u0105czone z modlitwami za dzieci, m\u0142odzie\u017c i rodziny. Wi\u0119cej na [&hellip;]<\/p>\n","protected":false},"author":1,"featured_media":2530,"comment_status":"closed","ping_status":"closed","sticky":false,"template":"","format":"standard","meta":{"ngg_post_thumbnail":0,"footnotes":""},"categories":[11,8,3],"tags":[],"class_list":["post-2955","post","type-post","status-publish","format-standard","has-post-thumbnail","hentry","category-aktualnosci","category-blog","category-ogloszenia"],"_links":{"self":[{"href":"https:\/\/rafalk-elblag.pl\/index.php?rest_route=\/wp\/v2\/posts\/2955","targetHints":{"allow":["GET"]}}],"collection":[{"href":"https:\/\/rafalk-elblag.pl\/index.php?rest_route=\/wp\/v2\/posts"}],"about":[{"href":"https:\/\/rafalk-elblag.pl\/index.php?rest_route=\/wp\/v2\/types\/post"}],"author":[{"embeddable":true,"href":"https:\/\/rafalk-elblag.pl\/index.php?rest_route=\/wp\/v2\/users\/1"}],"replies":[{"embeddable":true,"href":"https:\/\/rafalk-elblag.pl\/index.php?rest_route=%2Fwp%2Fv2%2Fcomments&post=2955"}],"version-history":[{"count":1,"href":"https:\/\/rafalk-elblag.pl\/index.php?rest_route=\/wp\/v2\/posts\/2955\/revisions"}],"predecessor-version":[{"id":2956,"href":"https:\/\/rafalk-elblag.pl\/index.php?rest_route=\/wp\/v2\/posts\/2955\/revisions\/2956"}],"wp:featuredmedia":[{"embeddable":true,"href":"https:\/\/rafalk-elblag.pl\/index.php?rest_route=\/wp\/v2\/media\/2530"}],"wp:attachment":[{"href":"https:\/\/rafalk-elblag.pl\/index.php?rest_route=%2Fwp%2Fv2%2Fmedia&parent=2955"}],"wp:term":[{"taxonomy":"category","embeddable":true,"href":"https:\/\/rafalk-elblag.pl\/index.php?rest_route=%2Fwp%2Fv2%2Fcategories&post=2955"},{"taxonomy":"post_tag","embeddable":true,"href":"https:\/\/rafalk-elblag.pl\/index.php?rest_route=%2Fwp%2Fv2%2Ftags&post=2955"}],"curies":[{"name":"wp","href":"https:\/\/api.w.org\/{rel}","templated":true}]}}