{"id":2953,"date":"2017-09-11T11:41:29","date_gmt":"2017-09-11T11:41:29","guid":{"rendered":"http:\/\/rafalk-elblag.pl\/?p=2953"},"modified":"2017-09-11T11:41:29","modified_gmt":"2017-09-11T11:41:29","slug":"intencje-mszalne-na-xxiii-tydzien-okresu-zwyklego-11-17-09-2017-r","status":"publish","type":"post","link":"https:\/\/rafalk-elblag.pl\/?p=2953","title":{"rendered":"INTENCJE MSZALNE NA XXIII TYDZIE\u0143 OKRESU ZWYK\u0141EGO (11-17.09.2017 R.)"},"content":{"rendered":"<p><a href=\"http:\/\/rafalk-elblag.pl\/wp-content\/uploads\/2016\/12\/shutterstock_49643152-1000.jpg\"><img loading=\"lazy\" decoding=\"async\" class=\"alignnone size-full wp-image-2526\" src=\"http:\/\/rafalk-elblag.pl\/wp-content\/uploads\/2016\/12\/shutterstock_49643152-1000.jpg\" alt=\"\" width=\"1000\" height=\"665\" srcset=\"https:\/\/rafalk-elblag.pl\/wp-content\/uploads\/2016\/12\/shutterstock_49643152-1000.jpg 1000w, https:\/\/rafalk-elblag.pl\/wp-content\/uploads\/2016\/12\/shutterstock_49643152-1000-300x200.jpg 300w, https:\/\/rafalk-elblag.pl\/wp-content\/uploads\/2016\/12\/shutterstock_49643152-1000-768x511.jpg 768w\" sizes=\"auto, (max-width: 1000px) 100vw, 1000px\" \/><\/a><\/p>\n<p>&nbsp;<\/p>\n<table width=\"726\">\n<tbody>\n<tr>\n<td colspan=\"2\" width=\"593\"><strong>11 wrze\u015bnia&nbsp;&nbsp; PONIEDZIA\u0141EK<\/strong><\/td>\n<td width=\"133\"><strong><em>\u0141k 6, 6-11<\/em><\/strong><\/td>\n<\/tr>\n<tr>\n<td width=\"87\">8:00<\/td>\n<td colspan=\"2\" width=\"639\">\u015ap. Jan Wr\u00f3blewski w 30 dzie\u0144 po pogrzebie<\/td>\n<\/tr>\n<tr>\n<td width=\"87\">18:00<\/td>\n<td colspan=\"2\" width=\"639\">\u015ap. Danuta Cybula 11 greg.<\/td>\n<\/tr>\n<tr>\n<td width=\"87\">18:00<\/td>\n<td colspan=\"2\" width=\"639\">\u015ap. Jadwiga i Aleksander (m) Urbanowscy, \u015bp. Stefania, Antoni, J\u00f3zef<\/td>\n<\/tr>\n<tr>\n<td width=\"87\">19:00<\/td>\n<td colspan=\"2\" width=\"639\"><strong>Spotkanie organizacyjne dla rodzic\u00f3w przed I Komuni\u0105 \u015aw. [klasa III a i III b]<\/strong><\/td>\n<\/tr>\n<\/tbody>\n<\/table>\n<p>&nbsp;<\/p>\n<table width=\"726\">\n<tbody>\n<tr>\n<td colspan=\"2\" width=\"593\"><strong>12 wrze\u015bnia &nbsp;&nbsp;<\/strong><strong>WTOREK<\/strong><\/td>\n<td width=\"133\"><strong><em>\u0141k 6, 12-19<\/em><\/strong><\/td>\n<\/tr>\n<tr>\n<td width=\"87\">8:00<\/td>\n<td colspan=\"2\" width=\"639\">\u015ap. Danuta Cybula 12 greg.<\/td>\n<\/tr>\n<tr>\n<td width=\"87\">18:00<\/td>\n<td colspan=\"2\" width=\"639\">O Bo\u017ce b\u0142ogos\u0142awie\u0144stwo, potrzebne \u0142aski i opiek\u0119 Matki Bo\u017cej dla Kacpra w 15 rocz. urodzin i Maji w 5 rocz. urodzn<\/td>\n<\/tr>\n<tr>\n<td width=\"87\">18:00<\/td>\n<td colspan=\"2\" width=\"639\">Msza \u015aw. dzi\u0119kczynna w 2 rocz. \u015blubu Magdy i Dawida Domaszewicz, z pro\u015bb\u0105 o Bo\u017ce b\u0142ogos\u0142awie\u0144stwo, potrzebne \u0142aski i opiek\u0119 Matki Bo\u017cej oraz o szcz\u0119\u015bliwe rozwi\u0105zanie<\/td>\n<\/tr>\n<tr>\n<td width=\"87\">19:00<\/td>\n<td colspan=\"2\" width=\"639\"><strong>Spotkanie organizacyjne dla rodzic\u00f3w przed I Komuni\u0105 \u015aw. [klasa III c i III d]<\/strong><\/td>\n<\/tr>\n<\/tbody>\n<\/table>\n<p>&nbsp;<\/p>\n<table width=\"726\">\n<tbody>\n<tr>\n<td colspan=\"2\" width=\"593\"><strong>13 wrze\u015bnia &nbsp;&nbsp;\u015aRODA<\/strong><\/p>\n<p><strong>wsp. \u015aw. Jana Chryzostoma, biskupa i Doktora Ko\u015bcio\u0142a<\/strong><\/td>\n<td width=\"133\"><strong><em>\u0141k 6, 20-26<\/em><\/strong><\/td>\n<\/tr>\n<tr>\n<td width=\"87\">8:00<\/td>\n<td colspan=\"2\" width=\"639\">Zmarli rodzice z obojga stron: \u015bp. Katarzyna i J\u00f3zef oraz Stanis\u0142awa (k) i Adam<\/td>\n<\/tr>\n<tr>\n<td width=\"87\">18:00<\/td>\n<td colspan=\"2\" width=\"639\">W intencjach czcicieli MBNP<\/td>\n<\/tr>\n<tr>\n<td width=\"87\">18:00<\/td>\n<td colspan=\"2\" width=\"639\">\u015ap. Danuta Cybula 13 greg.<\/td>\n<\/tr>\n<tr>\n<td width=\"87\"><strong>19:00<\/strong><\/td>\n<td colspan=\"2\" width=\"639\"><strong>Spotkanie organizacyjne dla rodzic\u00f3w przed I Komuni\u0105 \u015aw. [klasa III e i z innych szk\u00f3\u0142 ni\u017c Szko\u0142a Podstawowa nr 11]<\/strong><\/td>\n<\/tr>\n<\/tbody>\n<\/table>\n<p>&nbsp;<\/p>\n<table width=\"726\">\n<tbody>\n<tr>\n<td colspan=\"2\" width=\"593\"><span style=\"color: #ff0000;\"><strong>14 wrze\u015bnia &nbsp;&nbsp;CZWARTEK<\/strong><\/span><\/p>\n<p><span style=\"color: #ff0000;\"><strong>\u015aWI\u0118TO PODWY\u017bSZENIA KRZY\u017bA \u015aWI\u0118TEGO<\/strong><\/span><\/td>\n<td width=\"133\"><strong><em>J 3, 13-17<\/em><\/strong><\/td>\n<\/tr>\n<tr>\n<td width=\"87\">8:00<\/td>\n<td colspan=\"2\" width=\"639\">Za rodzic\u00f3w kap\u0142an\u00f3w o Bo\u017ce b\u0142ogos\u0142awie\u0144stwo i potrzebne \u0142aski, a dla zmar\u0142ych o dar \u017cycia wiecznego w niebie<\/td>\n<\/tr>\n<tr>\n<td width=\"87\">18:00<\/td>\n<td colspan=\"2\" width=\"639\">\u015ap. Anna i W\u0142adys\u0142aw (m) Ocalewicz i zmarli z rodziny Szczerbi\u0144skich<\/td>\n<\/tr>\n<tr>\n<td width=\"87\">18:00<\/td>\n<td colspan=\"2\" width=\"639\">\u015ap. Danuta Cybula 14 greg.<\/td>\n<\/tr>\n<\/tbody>\n<\/table>\n<p>&nbsp;<\/p>\n<table width=\"726\">\n<tbody>\n<tr>\n<td colspan=\"2\" width=\"593\"><span style=\"color: #0000ff;\"><strong>15 wrze\u015bnia&nbsp;&nbsp; PI\u0104TEK<\/strong><\/span><\/p>\n<p><span style=\"color: #0000ff;\"><strong>Wsp. Naj\u015bwi\u0119tszej Maryi Panny Bolesnej<\/strong><\/span><\/td>\n<td width=\"133\"><strong><em>J 19, 25-27<\/em><\/strong><\/td>\n<\/tr>\n<tr>\n<td width=\"87\">8:00<\/td>\n<td colspan=\"2\" width=\"639\">Dzi\u0119kczynna za dar opieki i mi\u0142o\u015b\u0107 Matki Bo\u017cej Szkaplerznej dla Zofii i Henryka z pro\u015bb\u0105 o dalsz\u0105 opiek\u0119 MB i Bo\u017ce b\u0142ogos\u0142awie\u0144stwo<\/td>\n<\/tr>\n<tr>\n<td width=\"87\">18:00<\/td>\n<td colspan=\"2\" width=\"639\">\u015ap. Martyna Zubertowska w 2 rocz. \u015bmierci<\/td>\n<\/tr>\n<tr>\n<td width=\"87\">18:00<\/td>\n<td colspan=\"2\" width=\"639\">\u015ap. Danuta Cybula 15 greg.<\/td>\n<\/tr>\n<\/tbody>\n<\/table>\n<p>&nbsp;<\/p>\n<table width=\"726\">\n<tbody>\n<tr>\n<td colspan=\"2\" width=\"593\"><strong>16 wrze\u015bnia&nbsp;&nbsp; SOBOTA<\/strong><\/p>\n<p><strong>Wsp. \u015awi\u0119tych m\u0119czennik\u00f3w Korneliusza [papie\u017ca] i Cypriana [biskupa]<\/strong><\/td>\n<td width=\"133\"><strong><em>\u0141k 6, 43-46<\/em><\/strong><\/td>\n<\/tr>\n<tr>\n<td width=\"87\">8:00<\/td>\n<td colspan=\"2\" width=\"639\">\u015ap. Eliza i Jan Martowicz<\/td>\n<\/tr>\n<tr>\n<td width=\"87\">8:00<\/td>\n<td colspan=\"2\" width=\"639\">\u015ap. Danuta Cybula 16 greg.<\/td>\n<\/tr>\n<tr>\n<td width=\"87\">18:00<\/td>\n<td colspan=\"2\" width=\"639\">Za Rodzin\u0119 i Bractwo Szkaplerzne<\/td>\n<\/tr>\n<tr>\n<td width=\"87\">18:00<\/td>\n<td colspan=\"2\" width=\"639\">\u015ap. Hanna Jankowska w 3 rocz. \u015bmierci oraz rodzice z obojga stron<\/td>\n<\/tr>\n<\/tbody>\n<\/table>\n<p>&nbsp;<\/p>\n<table width=\"726\">\n<tbody>\n<tr>\n<td colspan=\"2\" width=\"593\"><span style=\"color: #008000;\"><strong>17 wrze\u015bnia&nbsp;&nbsp; XXIV NIEDZIELA ZWYK\u0141A <\/strong><\/span><\/td>\n<td width=\"133\"><strong><em>Mt 18, 21-35<\/em><\/strong><\/td>\n<\/tr>\n<tr>\n<td width=\"87\">7:00<\/td>\n<td colspan=\"2\" width=\"639\">\u015ap. Wojciech Juchnowicz w dniu urodzin, \u015bp. Czes\u0142aw Juchnowicz w 9 rocz. \u015bmierci, \u015bp. Jadwiga Rejnik<\/td>\n<\/tr>\n<tr>\n<td width=\"87\">9:00<\/td>\n<td colspan=\"2\" width=\"639\">O zdrowie, Bo\u017ce b\u0142ogos\u0142awie\u0144stwo i opiek\u0119 Matki Bo\u017cej z okazji 14 rocznicy urodzin Mi\u0142osza oraz w intencji Tomasza z okazji iminin i ca\u0142ej rodziny Szczepanik<\/td>\n<\/tr>\n<tr>\n<td width=\"87\">9:00<\/td>\n<td colspan=\"2\" width=\"639\">\u015ap. Jan, Feliksa (k), Kowalczyk, \u015bp. Dorota Kinach, \u015bp. Miko\u0142aj Gorszonowski oraz zmarli z rodzin Kinach, Gorszonowskich i Guzowskich<\/td>\n<\/tr>\n<tr>\n<td width=\"87\">10:30<\/td>\n<td colspan=\"2\" width=\"639\">O Bo\u017ce b\u0142ogos\u0142awie\u0144stwo i potrzebne \u0142aski dla Jadwigi, Ewy i Marty<\/td>\n<\/tr>\n<tr>\n<td width=\"87\"><span style=\"color: #ff0000;\"><strong>12:00<\/strong><\/span><\/td>\n<td colspan=\"2\" width=\"639\"><span style=\"color: #ff0000;\"><strong>Za parafian [INAUGURACJA ROKU DUSZPASTERSKIEGO 2017\/2018 DLA WSP\u00d3LNOT I STOWARZYSZE\u0143 PARAFII \u015aW. RAFA\u0141A KALINOWSKIEGO]<\/strong><\/span><\/td>\n<\/tr>\n<tr>\n<td width=\"87\">15:00<\/td>\n<td colspan=\"2\" width=\"639\">O Bo\u017ce b\u0142ogos\u0142awie\u0144stwo, potrzebne \u0142aski i opiek\u0119 Matki Bo\u017cej dla wnuk\u00f3w: Marcina, Seweryna, Marty, Krzysztofa i Piotra oraz ich rodzin<\/td>\n<\/tr>\n<tr>\n<td width=\"87\">18:00<\/td>\n<td colspan=\"2\" width=\"639\">\u015ap. Danuta Cybula 17 greg.<\/td>\n<\/tr>\n<tr>\n<td width=\"87\"><strong>19:00<\/strong><\/td>\n<td colspan=\"2\" width=\"639\"><strong>Spotkanie formacyjne dla II roku przygotowa\u0144 do bierzmowania<\/strong><\/td>\n<\/tr>\n<\/tbody>\n<\/table>\n<p>&nbsp;<\/p>\n<p>&nbsp;<\/p>\n","protected":false},"excerpt":{"rendered":"<p>&nbsp; 11 wrze\u015bnia&nbsp;&nbsp; PONIEDZIA\u0141EK \u0141k 6, 6-11 8:00 \u015ap. Jan Wr\u00f3blewski w 30 dzie\u0144 po pogrzebie 18:00 \u015ap. Danuta Cybula 11 greg. 18:00 \u015ap. Jadwiga i Aleksander (m) Urbanowscy, \u015bp. Stefania, Antoni, J\u00f3zef 19:00 Spotkanie organizacyjne dla rodzic\u00f3w przed I Komuni\u0105 \u015aw. [klasa III a i III b] &nbsp; 12 wrze\u015bnia &nbsp;&nbsp;WTOREK \u0141k 6, 12-19 [&hellip;]<\/p>\n","protected":false},"author":1,"featured_media":2526,"comment_status":"closed","ping_status":"closed","sticky":false,"template":"","format":"standard","meta":{"ngg_post_thumbnail":0,"footnotes":""},"categories":[11,8,4],"tags":[],"class_list":["post-2953","post","type-post","status-publish","format-standard","has-post-thumbnail","hentry","category-aktualnosci","category-blog","category-intencje"],"_links":{"self":[{"href":"https:\/\/rafalk-elblag.pl\/index.php?rest_route=\/wp\/v2\/posts\/2953","targetHints":{"allow":["GET"]}}],"collection":[{"href":"https:\/\/rafalk-elblag.pl\/index.php?rest_route=\/wp\/v2\/posts"}],"about":[{"href":"https:\/\/rafalk-elblag.pl\/index.php?rest_route=\/wp\/v2\/types\/post"}],"author":[{"embeddable":true,"href":"https:\/\/rafalk-elblag.pl\/index.php?rest_route=\/wp\/v2\/users\/1"}],"replies":[{"embeddable":true,"href":"https:\/\/rafalk-elblag.pl\/index.php?rest_route=%2Fwp%2Fv2%2Fcomments&post=2953"}],"version-history":[{"count":1,"href":"https:\/\/rafalk-elblag.pl\/index.php?rest_route=\/wp\/v2\/posts\/2953\/revisions"}],"predecessor-version":[{"id":2954,"href":"https:\/\/rafalk-elblag.pl\/index.php?rest_route=\/wp\/v2\/posts\/2953\/revisions\/2954"}],"wp:featuredmedia":[{"embeddable":true,"href":"https:\/\/rafalk-elblag.pl\/index.php?rest_route=\/wp\/v2\/media\/2526"}],"wp:attachment":[{"href":"https:\/\/rafalk-elblag.pl\/index.php?rest_route=%2Fwp%2Fv2%2Fmedia&parent=2953"}],"wp:term":[{"taxonomy":"category","embeddable":true,"href":"https:\/\/rafalk-elblag.pl\/index.php?rest_route=%2Fwp%2Fv2%2Fcategories&post=2953"},{"taxonomy":"post_tag","embeddable":true,"href":"https:\/\/rafalk-elblag.pl\/index.php?rest_route=%2Fwp%2Fv2%2Ftags&post=2953"}],"curies":[{"name":"wp","href":"https:\/\/api.w.org\/{rel}","templated":true}]}}