{"id":2948,"date":"2017-09-02T22:40:09","date_gmt":"2017-09-02T22:40:09","guid":{"rendered":"http:\/\/rafalk-elblag.pl\/?p=2948"},"modified":"2017-09-02T22:40:09","modified_gmt":"2017-09-02T22:40:09","slug":"ogloszenia-parafialne-3-09-2017-r-xxii-niedziela-zwykla","status":"publish","type":"post","link":"https:\/\/rafalk-elblag.pl\/?p=2948","title":{"rendered":"OG\u0141OSZENIA PARAFIALNE 3.09.2017 R. XXII NIEDZIELA ZWYK\u0141A"},"content":{"rendered":"<p><a href=\"http:\/\/rafalk-elblag.pl\/wp-content\/uploads\/2016\/12\/pulpit.jpg\"><img loading=\"lazy\" decoding=\"async\" class=\"alignnone size-large wp-image-2530\" src=\"http:\/\/rafalk-elblag.pl\/wp-content\/uploads\/2016\/12\/pulpit-1024x682.jpg\" alt=\"\" width=\"900\" height=\"599\" srcset=\"https:\/\/rafalk-elblag.pl\/wp-content\/uploads\/2016\/12\/pulpit-1024x682.jpg 1024w, https:\/\/rafalk-elblag.pl\/wp-content\/uploads\/2016\/12\/pulpit-300x200.jpg 300w, https:\/\/rafalk-elblag.pl\/wp-content\/uploads\/2016\/12\/pulpit-768x512.jpg 768w, https:\/\/rafalk-elblag.pl\/wp-content\/uploads\/2016\/12\/pulpit.jpg 1698w\" sizes=\"auto, (max-width: 900px) 100vw, 900px\" \/><\/a><\/p>\n<p>&nbsp;<\/p>\n<p>1. Zapraszamy w pierwsz\u0105 niedziel\u0119 miesi\u0105ca na <strong>Adoracj\u0119 Naj\u015bwi\u0119tszego Sakramentu od godz. 16.00 do godz. 18.00.<\/strong><\/p>\n<p><strong>&nbsp;<\/strong><\/p>\n<p><strong>2. UWAGA!<\/strong> Od wrze\u015bnia powracamy do Mszy \u015bwi\u0119tej niedzielnej o godzinie 15.00, kt\u00f3ra rozpoczyna si\u0119 Koronk\u0105 do Mi\u0142osierdzia Bo\u017cego.<\/p>\n<p>&nbsp;<\/p>\n<p>3. Kleryk Micha\u0142 dzisiaj przed ko\u015bcio\u0142em rozprowadza \u201eMy\u015blnik Klerycki\u201d tj. pismo alumn\u00f3w Wy\u017cszego Seminarium Duchownego Diecezji Elbl\u0105skiej za dobrowoln\u0105 ofiar\u0119. <em>Ca\u0142y numer po\u015bwi\u0119cony jest 25-leciu DIECEZJI ELBL\u0104SKIEJ.<\/em><\/p>\n<p>&nbsp;<\/p>\n<p>4. Ofiary sk\u0142adane dzisiaj na tac\u0119 przeznaczone s\u0105 na sp\u0142at\u0119 za wykonanie o\u0142tarza, ambonek i chrzcielnicy. <em>B\u00f3g zap\u0142a\u0107 za sk\u0142adane ofiary<\/em><strong><em>.<\/em><\/strong><\/p>\n<p><strong>&nbsp;<\/strong><\/p>\n<p><strong>5. Msze \u015bw. inauguruj\u0105ce kolejny rok szkolny i katechetyczny 2017\/2018 odprawione zostan\u0105 4 wrze\u015bnia <\/strong>br. dla klas II i III Gimnazjum oraz dla klas IV, V, VI i VII Szko\u0142y Podstawowej o godz. 9.00, natomiast o godz. 10.30 dla klas O, I, II, III Szko\u0142y Podstawowej nr 11. Po Mszach \u015bw. dzieci i m\u0142odzie\u017c udaj\u0105 si\u0119 bezpo\u015brednio do szko\u0142y na drug\u0105 cz\u0119\u015b\u0107 <strong>inauguracji Nowego Roku Szkolnego. <\/strong>Zapraszamy do wsp\u00f3lnej modlitwy uczni\u00f3w, rodzic\u00f3w i nauczycieli.<\/p>\n<p>&nbsp;<\/p>\n<p>6. Po\u015bwi\u0119cenie tornistr\u00f3w i przybor\u00f3w szkolnych dla uczni\u00f3w klas pierwszych oraz b\u0142ogos\u0142awie\u0144stwo uczni\u00f3w klas pierwszych b\u0119dzie mia\u0142o miejsce 10 wrze\u015bnia na Mszy \u015bw. z udzia\u0142em dzieci o godz. 10.30. ZAPRASZAMY DZIECI Z RODZICAMI.<\/p>\n<p>&nbsp;<\/p>\n<p>7. W tym tygodniu przypada:<strong> pierwszy czwartek miesi\u0105ca<\/strong> \u2013 zapraszamy na Msz\u0119 \u015bw. o godz. 18, a po niej na Adoracj\u0119 Naj\u015bwi\u0119tszego Sakramentu tj. na \u201eGODZIN\u0118 \u015aWI\u0118T\u0104\u201d<\/p>\n<p>&nbsp;<\/p>\n<p>8. W pi\u0105tek 8 wrze\u015bnia przypada \u015awi\u0119to Narodzenia Naj\u015bwi\u0119tszej Maryi Panny. Zapraszamy w tym dniu na Msze \u015bw. o godz. 8.00 oraz o godz. 18.00.<\/p>\n<p><strong>&nbsp;<\/strong><\/p>\n<p><strong>9. W TYM TYGODNIU KOLEJNY ROK PRACY FORMACYJNEJ INAUGURUJ\u0104:<\/strong><\/p>\n<ul>\n<li><strong>Odnowa w Duchu \u015awi\u0119tym<\/strong> \u201eKana Galilejska\u201d we wtorek 5 wrze\u015bnia na<br \/>\nMszy \u015bw. o godz. 18.00, a po spotkanie na plebanii.<\/li>\n<li><strong>Katolickiego Stowarzyszenia M\u0142odzie\u017cowego<\/strong> \u201eBOANERGES\u201d w \u015brod\u0119 o godz. 19.00. Ks. Marcin zaprasza i oczekuje.<\/li>\n<li><strong>Wsp\u00f3lna Krwi Chrystusa<\/strong> zaprasza w \u015brod\u0119 tj. 6 wrze\u015bnia o godz. 19.00.<\/li>\n<li><strong>Apostolat Margaretka <\/strong>zaprasza w I czwartek miesi\u0105ca tj. 7 wrze\u015bnia na Msz\u0119 \u015bw. i godz. 18.00 i Godzin\u0119 \u015awi\u0119t\u0105. Po wsp\u00f3lnej modlitwie spotkanie na plebanii.<\/li>\n<li><strong>Scholka Dzieci\u0119ca \u201eRAFAEL\u201d <\/strong>zaprasza dzieci pragn\u0105ce \u015bpiewem chwali\u0107 Pana<br \/>\nw pi\u0105tek, tj. 8 wrze\u015bnia o godz. 17.00.<\/li>\n<li><strong>S\u0142u\u017cba Liturgiczna O\u0142tarza z<\/strong>aprasza wszystkich ministrant\u00f3w i ch\u0119tnych, kt\u00f3rzy by chcieli s\u0142u\u017cy\u0107 przy o\u0142tarzu na zbi\u00f3rk\u0119 9 wrze\u015bnia o godz. 10.00 do salki na plebani\u0119.<\/li>\n<\/ul>\n<p>&nbsp;<\/p>\n<p>10. W sobot\u0119 9 wrze\u015bnia przypada 8 rocznica \u015bmierci ks. Bp. Andrzeja \u015aliwi\u0144skiego. Zapraszamy do wsp\u00f3lnej modlitwy podczas Mszy \u015awi\u0119tej o godz. 18.00 w Katedrze Elbl\u0105skiej. Pierwszy Biskup Elbl\u0105ski spoczywa w krypcie Biskup\u00f3w Elbl\u0105skich.<\/p>\n<p><strong>&nbsp;<\/strong><\/p>\n<p><strong>11. Nasza parafia tradycyjnie organizuje pielgrzymk\u0119 autokarow\u0105 do Sanktuarium Matki Bo\u017cej Gietrzwa\u0142dzkiej na obchody 140. Rocznicy Objawie\u0144 i 50 Rocznicy Koronacji Obrazu. Wyjazd \u2013 10 wrze\u015bnia (niedziela) o godz. 8.00. Koszt 25 z\u0142. Zapisy w zakrystii.<\/strong><\/p>\n<p>&nbsp;<\/p>\n<p>12. Zach\u0119camy do czytania prasy katolickiej: nowy numer \u201eGo\u015bcia Niedzielnego\u201d w cenie 5 z\u0142. <strong>oraz dodatek<\/strong> <strong>\u201eGo\u015b\u0107 Elbl\u0105ski\u201d<\/strong>, a w nim wydarzenia z diecezji.<\/p>\n<p>&nbsp;<\/p>\n<p>13. Pan powo\u0142a\u0142 do wieczno\u015bci: \u015bp. Waldemara Makowskiego lat 62 z ul. Leszczy\u0144skiego.<\/p>\n<p>&nbsp;<\/p>\n<p style=\"text-align: center;\">\n<span style=\"font-size: 14px; color: #008000;\"><strong>Numer konta bankowego<\/strong><\/span><br \/>\n<span style=\"color: #008000;\"><strong>PKO BP 72 1020 1752 0000 0102 0069 6047<\/strong><\/span><\/p>\n","protected":false},"excerpt":{"rendered":"<p>&nbsp; 1. Zapraszamy w pierwsz\u0105 niedziel\u0119 miesi\u0105ca na Adoracj\u0119 Naj\u015bwi\u0119tszego Sakramentu od godz. 16.00 do godz. 18.00. &nbsp; 2. UWAGA! Od wrze\u015bnia powracamy do Mszy \u015bwi\u0119tej niedzielnej o godzinie 15.00, kt\u00f3ra rozpoczyna si\u0119 Koronk\u0105 do Mi\u0142osierdzia Bo\u017cego. &nbsp; 3. Kleryk Micha\u0142 dzisiaj przed ko\u015bcio\u0142em rozprowadza \u201eMy\u015blnik Klerycki\u201d tj. pismo alumn\u00f3w Wy\u017cszego Seminarium Duchownego Diecezji Elbl\u0105skiej [&hellip;]<\/p>\n","protected":false},"author":1,"featured_media":2530,"comment_status":"closed","ping_status":"closed","sticky":false,"template":"","format":"standard","meta":{"ngg_post_thumbnail":0,"footnotes":""},"categories":[11,8,3],"tags":[],"class_list":["post-2948","post","type-post","status-publish","format-standard","has-post-thumbnail","hentry","category-aktualnosci","category-blog","category-ogloszenia"],"_links":{"self":[{"href":"https:\/\/rafalk-elblag.pl\/index.php?rest_route=\/wp\/v2\/posts\/2948","targetHints":{"allow":["GET"]}}],"collection":[{"href":"https:\/\/rafalk-elblag.pl\/index.php?rest_route=\/wp\/v2\/posts"}],"about":[{"href":"https:\/\/rafalk-elblag.pl\/index.php?rest_route=\/wp\/v2\/types\/post"}],"author":[{"embeddable":true,"href":"https:\/\/rafalk-elblag.pl\/index.php?rest_route=\/wp\/v2\/users\/1"}],"replies":[{"embeddable":true,"href":"https:\/\/rafalk-elblag.pl\/index.php?rest_route=%2Fwp%2Fv2%2Fcomments&post=2948"}],"version-history":[{"count":1,"href":"https:\/\/rafalk-elblag.pl\/index.php?rest_route=\/wp\/v2\/posts\/2948\/revisions"}],"predecessor-version":[{"id":2949,"href":"https:\/\/rafalk-elblag.pl\/index.php?rest_route=\/wp\/v2\/posts\/2948\/revisions\/2949"}],"wp:featuredmedia":[{"embeddable":true,"href":"https:\/\/rafalk-elblag.pl\/index.php?rest_route=\/wp\/v2\/media\/2530"}],"wp:attachment":[{"href":"https:\/\/rafalk-elblag.pl\/index.php?rest_route=%2Fwp%2Fv2%2Fmedia&parent=2948"}],"wp:term":[{"taxonomy":"category","embeddable":true,"href":"https:\/\/rafalk-elblag.pl\/index.php?rest_route=%2Fwp%2Fv2%2Fcategories&post=2948"},{"taxonomy":"post_tag","embeddable":true,"href":"https:\/\/rafalk-elblag.pl\/index.php?rest_route=%2Fwp%2Fv2%2Ftags&post=2948"}],"curies":[{"name":"wp","href":"https:\/\/api.w.org\/{rel}","templated":true}]}}