{"id":2946,"date":"2017-09-02T22:33:51","date_gmt":"2017-09-02T22:33:51","guid":{"rendered":"http:\/\/rafalk-elblag.pl\/?p=2946"},"modified":"2017-09-02T22:33:51","modified_gmt":"2017-09-02T22:33:51","slug":"intencje-mszalne-na-xxii-tydzien-okresu-zwyklego-4-10-09-2017-r","status":"publish","type":"post","link":"https:\/\/rafalk-elblag.pl\/?p=2946","title":{"rendered":"INTENCJE MSZALNE NA XXII TYDZIE\u0143 OKRESU ZWYK\u0141EGO (4-10.09.2017 R.)"},"content":{"rendered":"<p><a href=\"http:\/\/rafalk-elblag.pl\/wp-content\/uploads\/2016\/12\/shutterstock_49643152-1000.jpg\"><img loading=\"lazy\" decoding=\"async\" class=\"alignnone size-full wp-image-2526\" src=\"http:\/\/rafalk-elblag.pl\/wp-content\/uploads\/2016\/12\/shutterstock_49643152-1000.jpg\" alt=\"\" width=\"1000\" height=\"665\" srcset=\"https:\/\/rafalk-elblag.pl\/wp-content\/uploads\/2016\/12\/shutterstock_49643152-1000.jpg 1000w, https:\/\/rafalk-elblag.pl\/wp-content\/uploads\/2016\/12\/shutterstock_49643152-1000-300x200.jpg 300w, https:\/\/rafalk-elblag.pl\/wp-content\/uploads\/2016\/12\/shutterstock_49643152-1000-768x511.jpg 768w\" sizes=\"auto, (max-width: 1000px) 100vw, 1000px\" \/><\/a><\/p>\n<p>&nbsp;<\/p>\n<table width=\"726\">\n<tbody>\n<tr>\n<td colspan=\"2\" width=\"593\"><strong>4 wrze\u015bnia&nbsp;&nbsp; PONIEDZIA\u0141EK<\/strong><\/td>\n<td width=\"133\"><strong><em>\u0141k 4, 16-30<\/em><\/strong><\/td>\n<\/tr>\n<tr>\n<td width=\"87\">8:00<\/td>\n<td colspan=\"2\" width=\"639\">\u015ap. Danuta Cybula 4 greg.<\/td>\n<\/tr>\n<tr>\n<td width=\"87\">9:00<\/td>\n<td colspan=\"2\" width=\"639\">O Bo\u017ce b\u0142ogos\u0142awie\u0144stwo dla dyrekcji, nauczycieli, pracownik\u00f3w i uczni\u00f3w Szko\u0142y Podstawowej nr 11 z okazji rozpocz\u0119cia nowego roku szkolnego i katechetycznego <strong>[klasy IV, V, VI, VII Szko\u0142y Podstawowej oraz II i III klasy gimnazjum]<\/strong><\/td>\n<\/tr>\n<tr>\n<td width=\"87\">10:30<\/td>\n<td colspan=\"2\" width=\"639\">O Bo\u017ce b\u0142ogos\u0142awie\u0144stwo dla dyrekcji, nauczycieli, pracownik\u00f3w i uczni\u00f3w Szko\u0142y Podstawowej nr 11 z okazji rozpocz\u0119cia nowego roku szkolnego i katechetycznego <strong>[klasy 0, I, II i III Szko\u0142y Podstawowej]<\/strong><\/td>\n<\/tr>\n<tr>\n<td width=\"87\">18:00<\/td>\n<td colspan=\"2\" width=\"639\">\u015ap. Marian Pietrzak w 18 rocz. \u015bmierci i rodzic\u00f3w z obojga stron, \u015bp. Krystyna (k) i Kazimierz D\u0105bkowscy oraz \u015bp. Natalia Koziatek i dusze w czy\u015b\u0107cu cierpi\u0105ce<\/td>\n<\/tr>\n<tr>\n<td width=\"87\">18:00<\/td>\n<td colspan=\"2\" width=\"639\">\u015ap. Ryszard Dembler w 30 dzie\u0144 po pogrzebie<\/td>\n<\/tr>\n<\/tbody>\n<\/table>\n<p>&nbsp;<\/p>\n<table width=\"726\">\n<tbody>\n<tr>\n<td colspan=\"2\" width=\"593\"><strong>5 wrze\u015bnia &nbsp;&nbsp;<\/strong><strong>WTOREK<\/strong><\/td>\n<td width=\"133\"><strong><em>\u0141k 4, 31-37<\/em><\/strong><\/td>\n<\/tr>\n<tr>\n<td width=\"87\">8:00<\/td>\n<td colspan=\"2\" width=\"639\">\u015ap. Danuta Cybula 5 greg.<\/td>\n<\/tr>\n<tr>\n<td width=\"87\">18:00<\/td>\n<td colspan=\"2\" width=\"639\">O Bo\u017ce b\u0142ogos\u0142awie\u0144stwo dla wsp\u00f3lnoty Odnowy w Duchu \u015awi\u0119tym \u201eKana Galilejska\u201d w nowym roku duszpasterskim, o \u015bwiat\u0142o Ducha \u015awi\u0119tego dla wszystkich cz\u0142onk\u00f3w wsp\u00f3lnoty<\/td>\n<\/tr>\n<tr>\n<td width=\"87\">18:00<\/td>\n<td colspan=\"2\" width=\"639\">\u015ap. Edward Korzeniowski w 16 rocz. \u015bm.<\/td>\n<\/tr>\n<tr>\n<td width=\"87\">18:00<\/td>\n<td colspan=\"2\" width=\"639\">\u015ap. Alina Szczuko w 10 rocz. \u015bm.<\/td>\n<\/tr>\n<tr>\n<td width=\"87\">18:00<\/td>\n<td colspan=\"2\" width=\"639\">\u015ap. Waldemar Makowski<\/td>\n<\/tr>\n<\/tbody>\n<\/table>\n<p>&nbsp;<\/p>\n<table width=\"726\">\n<tbody>\n<tr>\n<td colspan=\"2\" width=\"593\"><strong>6 wrze\u015bnia &nbsp;&nbsp;\u015aRODA<\/strong><\/td>\n<td width=\"133\"><strong><em>\u0141k 4, 38-44<\/em><\/strong><\/td>\n<\/tr>\n<tr>\n<td width=\"87\">8:00<\/td>\n<td colspan=\"2\" width=\"639\">\u015ap. Danuta Cybula 6 greg.<\/td>\n<\/tr>\n<tr>\n<td width=\"87\">18:00<\/td>\n<td colspan=\"2\" width=\"639\">W intencjach czcicieli MBNP<\/td>\n<\/tr>\n<tr>\n<td width=\"87\">18:00<\/td>\n<td colspan=\"2\" width=\"639\">\u015ap. Robert Bogdanowicz w 4 rocz. \u015bmierci, \u015ap. Krystyna (k) Bogdanowicz<\/td>\n<\/tr>\n<\/tbody>\n<\/table>\n<p>&nbsp;<\/p>\n<table width=\"726\">\n<tbody>\n<tr>\n<td colspan=\"2\" width=\"593\"><span style=\"color: #ff0000;\"><strong>7 wrze\u015bnia &nbsp;&nbsp;CZWARTEK<\/strong><\/span><\/p>\n<p><span style=\"color: #ff0000;\"><strong>Pierwszy czwartek miesi\u0105ca<\/strong><\/span><\/td>\n<td width=\"133\"><strong><em>\u0141k 5, 1-11<\/em><\/strong><\/td>\n<\/tr>\n<tr>\n<td width=\"87\">8:00<\/td>\n<td colspan=\"2\" width=\"639\">\u015ap. Danuta Cybula 7 greg.<\/td>\n<\/tr>\n<tr>\n<td width=\"87\">18:00<\/td>\n<td colspan=\"2\" width=\"639\">Za kleryk\u00f3w z naszej parafii oraz o nowe powo\u0142ania do WSD w Elbl\u0105gu<\/td>\n<\/tr>\n<tr>\n<td width=\"87\">18:00<\/td>\n<td colspan=\"2\" width=\"639\">\u015ap. W\u0142odzimierz Wile\u0144ski w 1 rocz. \u015bm. oraz zmar\u0142ych z obojga stron<\/td>\n<\/tr>\n<tr>\n<td width=\"87\"><strong>18:45<\/strong><\/td>\n<td colspan=\"2\" width=\"639\"><strong>GODZINA \u015aWI\u0118TA [adoracja w intencji powo\u0142a\u0144]<\/strong><\/td>\n<\/tr>\n<\/tbody>\n<\/table>\n<p>&nbsp;<\/p>\n<table width=\"726\">\n<tbody>\n<tr>\n<td colspan=\"2\" width=\"593\"><span style=\"color: #0000ff;\"><strong>8 wrze\u015bnia&nbsp;&nbsp; PI\u0104TEK<\/strong><\/span><\/p>\n<p><span style=\"color: #0000ff;\"><strong>\u015awi\u0119to Narodzenia Naj\u015bwi\u0119tszej Maryi Panny<\/strong><\/span><\/td>\n<td width=\"133\"><strong><em>Mt 1,1-16.18-23<\/em><\/strong><\/td>\n<\/tr>\n<tr>\n<td width=\"87\">8:00<\/td>\n<td colspan=\"2\" width=\"639\">\u015ap. Danuta Cybula 8 greg.<\/td>\n<\/tr>\n<tr>\n<td width=\"87\">18:00<\/td>\n<td colspan=\"2\" width=\"639\">\u015ap. Krystyna (k) Adamczyk 1 rocz. \u015bm.<\/td>\n<\/tr>\n<tr>\n<td width=\"87\">18:00<\/td>\n<td colspan=\"2\" width=\"639\">\u015ap. Andrzej w 10. rocz. \u015bm. \u015ap. Izydor, Genowefa (k) z rodz. Binkowskich<\/td>\n<\/tr>\n<\/tbody>\n<\/table>\n<p>&nbsp;<\/p>\n<table width=\"726\">\n<tbody>\n<tr>\n<td colspan=\"2\" width=\"593\"><strong>9 wrze\u015bnia&nbsp;&nbsp; SOBOTA<\/strong><\/td>\n<td width=\"133\"><strong><em>\u0141k 6, 1-5<\/em><\/strong><\/td>\n<\/tr>\n<tr>\n<td width=\"87\">8:00<\/td>\n<td colspan=\"2\" width=\"639\">\u015ap. Tekla Zinkiewicz w 30 dzie\u0144 po pogrzebie<\/td>\n<\/tr>\n<tr>\n<td width=\"87\">16:00<\/td>\n<td colspan=\"2\" width=\"639\">\u015alub<\/td>\n<\/tr>\n<tr>\n<td width=\"87\">18:00<\/td>\n<td colspan=\"2\" width=\"639\">\u015ap. Danuta Cybula 9 greg.<\/td>\n<\/tr>\n<tr>\n<td width=\"87\">18:00<\/td>\n<td colspan=\"2\" width=\"639\">\u015ap. Cezary Grajkowski w 2 rocz. \u015bm.<\/td>\n<\/tr>\n<\/tbody>\n<\/table>\n<p>&nbsp;<\/p>\n<table width=\"726\">\n<tbody>\n<tr>\n<td colspan=\"2\" width=\"593\"><span style=\"color: #008000;\"><strong>10 wrze\u015bnia&nbsp;&nbsp; XXIII NIEDZIELA ZWYK\u0141A <\/strong><\/span><\/td>\n<td width=\"133\"><strong><em>Mt 18, 15-20<\/em><\/strong><\/td>\n<\/tr>\n<tr>\n<td width=\"87\">7:00<\/td>\n<td colspan=\"2\" width=\"639\">\u015ap. Danuta Cybula 10 greg.<\/td>\n<\/tr>\n<tr>\n<td width=\"87\"><strong>8:00<\/strong><\/td>\n<td colspan=\"2\" width=\"639\"><strong>Wyjazd pielgrzymki autokarowej do Gietrzwa\u0142du [140 rocznica objawie\u0144]<\/strong><\/td>\n<\/tr>\n<tr>\n<td width=\"87\">9:00<\/td>\n<td colspan=\"2\" width=\"639\">\u015ap. J\u00f3zef Gawerski<\/td>\n<\/tr>\n<tr>\n<td width=\"87\">9:00<\/td>\n<td colspan=\"2\" width=\"639\">Rez.<\/td>\n<\/tr>\n<tr>\n<td width=\"87\">10:30<\/td>\n<td colspan=\"2\" width=\"639\">Dzi\u0119kczynna z okazji 5 rocz. \u015blubu Agnieszki i Szymona z pro\u015bb\u0105 o Bo\u017ce b\u0142ogos\u0142awie\u0144stwo i opiek\u0119 Matki Bo\u017cej oraz za syna Dawida<\/td>\n<\/tr>\n<tr>\n<td width=\"87\"><strong>12:00<\/strong><\/td>\n<td colspan=\"2\" width=\"639\">Dzi\u0119kczynna w 5 rocz. \u015blubu Doroty i Leszka Malinowskich oraz w 5 rocz. urodzin syna Antoniego z pro\u015bb\u0105 o Bo\u017ce b\u0142ogos\u0142awie\u0144stwo i potrzebne \u0142aski dla ca\u0142ej rodziny<\/td>\n<\/tr>\n<tr>\n<td width=\"87\">15:00<\/td>\n<td colspan=\"2\" width=\"639\">Dzi\u0119kczynna w 90 rocz. urodzin Korduli Mat\u0142ach z pro\u015bb\u0105 o Bo\u017ce b\u0142ogos\u0142awienstwo i potrzebne \u0142aski dla Jubilatki<\/td>\n<\/tr>\n<tr>\n<td width=\"87\">18:00<\/td>\n<td colspan=\"2\" width=\"639\">Dzi\u0119kczynna w 15 rocz. \u015blubu Moniki i Grzegorza z pro\u015bb\u0105 o Bo\u017ce b\u0142ogos\u0142awie\u0144stwo i potrzebne \u0142aski dla Jubilat\u00f3w<\/td>\n<\/tr>\n<\/tbody>\n<\/table>\n<p>&nbsp;<\/p>\n<p>&nbsp;<\/p>\n","protected":false},"excerpt":{"rendered":"<p>&nbsp; 4 wrze\u015bnia&nbsp;&nbsp; PONIEDZIA\u0141EK \u0141k 4, 16-30 8:00 \u015ap. Danuta Cybula 4 greg. 9:00 O Bo\u017ce b\u0142ogos\u0142awie\u0144stwo dla dyrekcji, nauczycieli, pracownik\u00f3w i uczni\u00f3w Szko\u0142y Podstawowej nr 11 z okazji rozpocz\u0119cia nowego roku szkolnego i katechetycznego [klasy IV, V, VI, VII Szko\u0142y Podstawowej oraz II i III klasy gimnazjum] 10:30 O Bo\u017ce b\u0142ogos\u0142awie\u0144stwo dla dyrekcji, nauczycieli, [&hellip;]<\/p>\n","protected":false},"author":1,"featured_media":2526,"comment_status":"closed","ping_status":"closed","sticky":false,"template":"","format":"standard","meta":{"ngg_post_thumbnail":0,"footnotes":""},"categories":[11,8,4],"tags":[],"class_list":["post-2946","post","type-post","status-publish","format-standard","has-post-thumbnail","hentry","category-aktualnosci","category-blog","category-intencje"],"_links":{"self":[{"href":"https:\/\/rafalk-elblag.pl\/index.php?rest_route=\/wp\/v2\/posts\/2946","targetHints":{"allow":["GET"]}}],"collection":[{"href":"https:\/\/rafalk-elblag.pl\/index.php?rest_route=\/wp\/v2\/posts"}],"about":[{"href":"https:\/\/rafalk-elblag.pl\/index.php?rest_route=\/wp\/v2\/types\/post"}],"author":[{"embeddable":true,"href":"https:\/\/rafalk-elblag.pl\/index.php?rest_route=\/wp\/v2\/users\/1"}],"replies":[{"embeddable":true,"href":"https:\/\/rafalk-elblag.pl\/index.php?rest_route=%2Fwp%2Fv2%2Fcomments&post=2946"}],"version-history":[{"count":1,"href":"https:\/\/rafalk-elblag.pl\/index.php?rest_route=\/wp\/v2\/posts\/2946\/revisions"}],"predecessor-version":[{"id":2947,"href":"https:\/\/rafalk-elblag.pl\/index.php?rest_route=\/wp\/v2\/posts\/2946\/revisions\/2947"}],"wp:featuredmedia":[{"embeddable":true,"href":"https:\/\/rafalk-elblag.pl\/index.php?rest_route=\/wp\/v2\/media\/2526"}],"wp:attachment":[{"href":"https:\/\/rafalk-elblag.pl\/index.php?rest_route=%2Fwp%2Fv2%2Fmedia&parent=2946"}],"wp:term":[{"taxonomy":"category","embeddable":true,"href":"https:\/\/rafalk-elblag.pl\/index.php?rest_route=%2Fwp%2Fv2%2Fcategories&post=2946"},{"taxonomy":"post_tag","embeddable":true,"href":"https:\/\/rafalk-elblag.pl\/index.php?rest_route=%2Fwp%2Fv2%2Ftags&post=2946"}],"curies":[{"name":"wp","href":"https:\/\/api.w.org\/{rel}","templated":true}]}}