{"id":2944,"date":"2017-08-29T09:54:19","date_gmt":"2017-08-29T09:54:19","guid":{"rendered":"http:\/\/rafalk-elblag.pl\/?p=2944"},"modified":"2017-08-29T09:54:19","modified_gmt":"2017-08-29T09:54:19","slug":"ogloszenia-parafialne-27-08-2017-r-xxi-niedziela-zwykla","status":"publish","type":"post","link":"https:\/\/rafalk-elblag.pl\/?p=2944","title":{"rendered":"OG\u0141OSZENIA PARAFIALNE 27.08.2017 R. XXI NIEDZIELA ZWYK\u0141A"},"content":{"rendered":"<p><a href=\"http:\/\/rafalk-elblag.pl\/wp-content\/uploads\/2016\/12\/pulpit.jpg\"><img loading=\"lazy\" decoding=\"async\" class=\"alignnone size-large wp-image-2530\" src=\"http:\/\/rafalk-elblag.pl\/wp-content\/uploads\/2016\/12\/pulpit-1024x682.jpg\" alt=\"\" width=\"900\" height=\"599\" srcset=\"https:\/\/rafalk-elblag.pl\/wp-content\/uploads\/2016\/12\/pulpit-1024x682.jpg 1024w, https:\/\/rafalk-elblag.pl\/wp-content\/uploads\/2016\/12\/pulpit-300x200.jpg 300w, https:\/\/rafalk-elblag.pl\/wp-content\/uploads\/2016\/12\/pulpit-768x512.jpg 768w, https:\/\/rafalk-elblag.pl\/wp-content\/uploads\/2016\/12\/pulpit.jpg 1698w\" sizes=\"auto, (max-width: 900px) 100vw, 900px\" \/><\/a><\/p>\n<p>&nbsp;<\/p>\n<p><strong>1. Dzi\u0119kujemy tym wszystkim kt\u00f3rzy w miesi\u0105cu sierpniu podj\u0119li apel Ko\u015bcio\u0142a<\/strong><em> o abstynencj\u0119 prze\u017cywan\u0105 w spos\u00f3b radosny i odwa\u017cny. Zdolno\u015b\u0107 rezygnacji z alkoholu z motyw\u00f3w religijno-moralnych, wychowawczych i patriotycznych oraz umiej\u0119tno\u015b\u0107 zabawy &nbsp;i wypoczynku bez alkoholu nie s\u0105 powodem do wstydu,<strong> ale s\u0105 znakiem m\u0105dro\u015bci i odpowiedzialno\u015bci. GRATULUJEMY !!!<\/strong><\/em><\/p>\n<p>&nbsp;<\/p>\n<p>2. W pi\u0105tek przypada 78 rocznica wybuchu II Wojny \u015awiatowej. Pami\u0119tajmy w modlitwie o wszystkich, kt\u00f3rzy oddali swe \u017cycie w obronie Ojczyzny oraz pro\u015bmy o pok\u00f3j na \u015bwiecie.<\/p>\n<p>&nbsp;<\/p>\n<p>3. Od 3 wrze\u015bnia br. powracamy do Mszy \u015bw. niedzielnej o godz. 15.00. <em>Dzi\u0119kuj\u0119 osobom z Apostolatu Bo\u017cego Mi\u0142osierdzia za prowadzenie Koronki w czasie wakacji.<\/em><\/p>\n<p>&nbsp;<\/p>\n<p>4. Zapraszamy wszystkich ministrant\u00f3w i ch\u0119tnych, kt\u00f3rzy by chcieli s\u0142u\u017cy\u0107 przy o\u0142tarzu na zbi\u00f3rk\u0119 9 wrze\u015bnia o godz. 10.00 do salki na plebani\u0119.<\/p>\n<p><strong>&nbsp;<\/strong><\/p>\n<p><strong>5. Msze \u015bw. inauguruj\u0105ce kolejny rok szkolny i katechetyczny 2017\/2018 odprawione zostan\u0105 4 wrze\u015bnia <\/strong>br. dla klas II i III Gimnazjum nr 4 oraz dla klas IV, V, VI i VII Szko\u0142y Podstawowej o godz. 9.00, natomiast o godz. 10.30 dla klas O, I, II, III Szko\u0142y Podstawowej nr 11. Po Mszach \u015bw. dzieci i m\u0142odzie\u017c udaj\u0105 si\u0119 bezpo\u015brednio do szko\u0142y na drug\u0105 cz\u0119\u015b\u0107 <strong>inauguracji Nowego Roku Szkolnego. <\/strong>Zapraszamy do wsp\u00f3lnej modlitwy uczni\u00f3w, rodzic\u00f3w i nauczycieli. <strong>Od jutra zach\u0119camy dzieci i m\u0142odzie\u017c do spowiedzi \u015bwi\u0119tej od godz. 17.30.<\/strong><\/p>\n<p><strong>&nbsp;<\/strong><\/p>\n<p>6. Po\u015bwi\u0119cenie tornistr\u00f3w i przybor\u00f3w szkolnych dla uczni\u00f3w klas pierwszych oraz b\u0142ogos\u0142awie\u0144stwo uczni\u00f3w klas pierwszych b\u0119dzie mia\u0142o miejsce 10 wrze\u015bnia na Mszy \u015bw. z udzia\u0142em dzieci o godz. 10.30. ZAPRASZAMY DZIECI Z RODZICAMI.<\/p>\n<p><strong>&nbsp;<\/strong><\/p>\n<p>7. W tym tygodniu przypada:<\/p>\n<ul>\n<li><strong>pierwszy pi\u0105tek miesi\u0105ca:<\/strong><\/li>\n<li>spowied\u017a dla dzieci od godz. 15.45. Msza \u015bw. o godz. 16.30<\/li>\n<li>dla doros\u0142ych od godz. 17.30<\/li>\n<li><strong>pierwsza sobota miesi\u0105ca<\/strong> \u2013 zapraszamy na Nabo\u017ce\u0144stwo R\u00f3\u017ca\u0144cowe o godz. 17.00<\/li>\n<\/ul>\n<p>&nbsp;<\/p>\n<p>8. Po przerwie wakacyjnej w I pi\u0105tek miesi\u0105ca, od godz. 9.30, z Panem Jezusem udamy si\u0119 do chorych. <em>Prosimy zg\u0142asza\u0107 do kap\u0142an\u00f3w chorych pragn\u0105cych rozpocz\u0105\u0107 9 pierwszych pi\u0105tk\u00f3w miesi\u0105ca.<\/em><\/p>\n<p>&nbsp;<\/p>\n<p>9. Za tydzie\u0144 ofiary zbierane na tac\u0119 przeznaczona b\u0119d\u0105 na sp\u0142at\u0119 za wykonanie o\u0142tarza, ambonek i chrzcielnicy. B\u00f3g zap\u0142a\u0107 za sk\u0142adane ofiary<strong>.<\/strong><\/p>\n<p><strong>&nbsp;<\/strong><\/p>\n<p><strong>10. Przypominamy \u017ce kancelaria parafialna czynna jest w \u015brody od 16.00 do 17.30 i w soboty od 10.30 do 12.00. <\/strong><\/p>\n<p><strong>&nbsp;<\/strong><\/p>\n<p><strong>11. WYBIERZMY SI\u0118 DO MULTIKINA W OGRODACH !!! <\/strong>Jutro idziemy do MULTIKINA na film hiszpa\u0144skich tw\u00f3rc\u00f3w pod tytu\u0142em:<strong> \u201eFatima. Ostatnia tajemnica<\/strong>\u201d. Film wyj\u0105tkowy ukazuje te\u017c w\u0105tki zwi\u0105zane z Polsk\u0105. Wybierzmy si\u0119 wsp\u00f3lnie do kina jutro tj. w poniedzia\u0142ek 28 sierpnia br. na godz. 19.30. Cena biletu 11 z\u0142, p\u0142atne przy wej\u015bciu do sali kinowej.<strong><em> Zapraszamy ca\u0142e rodziny. Film z lektorem.<\/em><\/strong><\/p>\n<p><strong>&nbsp;<\/strong><\/p>\n<p>12. Za tydzie\u0144 kleryk Micha\u0142 przed ko\u015bcio\u0142em b\u0119dzie rozprowadza\u0142 \u201eMy\u015blnik Klerycki\u201d tj. pismo alumn\u00f3w Wy\u017cszego Seminarium Duchownego Diecezji Elbl\u0105skiej. Ca\u0142y numer po\u015bwi\u0119cony jest 25-leciu DIECEZJI ELBL\u0104SKIEJ.<\/p>\n<p>&nbsp;<\/p>\n<p>13. Zach\u0119camy do czytania prasy katolickiej: nowy numer \u201eGo\u015bcia Niedzielnego\u201d w cenie 5 z\u0142. z filmem \u201eMISJA\u201d na DVD<strong> oraz dodatek<\/strong> <strong>\u201eGo\u015b\u0107 Elbl\u0105ski\u201d<\/strong> a nim wydarzenia z diecezji.<\/p>\n<p>&nbsp;<\/p>\n<p>14. Pan powo\u0142a\u0142 do wieczno\u015bci: \u015bp. Jadwig\u0119 Zinkiewicz lat 80 z ul. Lubelskiej; \u015bp. Eugeniusza Dembi\u0144skiego lat 78 z ul. Leszczy\u0144skiego.<\/p>\n<p>&nbsp;<\/p>\n<p>&nbsp;<\/p>\n","protected":false},"excerpt":{"rendered":"<p>&nbsp; 1. Dzi\u0119kujemy tym wszystkim kt\u00f3rzy w miesi\u0105cu sierpniu podj\u0119li apel Ko\u015bcio\u0142a o abstynencj\u0119 prze\u017cywan\u0105 w spos\u00f3b radosny i odwa\u017cny. Zdolno\u015b\u0107 rezygnacji z alkoholu z motyw\u00f3w religijno-moralnych, wychowawczych i patriotycznych oraz umiej\u0119tno\u015b\u0107 zabawy &nbsp;i wypoczynku bez alkoholu nie s\u0105 powodem do wstydu, ale s\u0105 znakiem m\u0105dro\u015bci i odpowiedzialno\u015bci. GRATULUJEMY !!! &nbsp; 2. W pi\u0105tek przypada [&hellip;]<\/p>\n","protected":false},"author":1,"featured_media":2530,"comment_status":"closed","ping_status":"closed","sticky":false,"template":"","format":"standard","meta":{"ngg_post_thumbnail":0,"footnotes":""},"categories":[11,8,3],"tags":[],"class_list":["post-2944","post","type-post","status-publish","format-standard","has-post-thumbnail","hentry","category-aktualnosci","category-blog","category-ogloszenia"],"_links":{"self":[{"href":"https:\/\/rafalk-elblag.pl\/index.php?rest_route=\/wp\/v2\/posts\/2944","targetHints":{"allow":["GET"]}}],"collection":[{"href":"https:\/\/rafalk-elblag.pl\/index.php?rest_route=\/wp\/v2\/posts"}],"about":[{"href":"https:\/\/rafalk-elblag.pl\/index.php?rest_route=\/wp\/v2\/types\/post"}],"author":[{"embeddable":true,"href":"https:\/\/rafalk-elblag.pl\/index.php?rest_route=\/wp\/v2\/users\/1"}],"replies":[{"embeddable":true,"href":"https:\/\/rafalk-elblag.pl\/index.php?rest_route=%2Fwp%2Fv2%2Fcomments&post=2944"}],"version-history":[{"count":1,"href":"https:\/\/rafalk-elblag.pl\/index.php?rest_route=\/wp\/v2\/posts\/2944\/revisions"}],"predecessor-version":[{"id":2945,"href":"https:\/\/rafalk-elblag.pl\/index.php?rest_route=\/wp\/v2\/posts\/2944\/revisions\/2945"}],"wp:featuredmedia":[{"embeddable":true,"href":"https:\/\/rafalk-elblag.pl\/index.php?rest_route=\/wp\/v2\/media\/2530"}],"wp:attachment":[{"href":"https:\/\/rafalk-elblag.pl\/index.php?rest_route=%2Fwp%2Fv2%2Fmedia&parent=2944"}],"wp:term":[{"taxonomy":"category","embeddable":true,"href":"https:\/\/rafalk-elblag.pl\/index.php?rest_route=%2Fwp%2Fv2%2Fcategories&post=2944"},{"taxonomy":"post_tag","embeddable":true,"href":"https:\/\/rafalk-elblag.pl\/index.php?rest_route=%2Fwp%2Fv2%2Ftags&post=2944"}],"curies":[{"name":"wp","href":"https:\/\/api.w.org\/{rel}","templated":true}]}}