{"id":2942,"date":"2017-08-29T09:48:03","date_gmt":"2017-08-29T09:48:03","guid":{"rendered":"http:\/\/rafalk-elblag.pl\/?p=2942"},"modified":"2017-08-29T09:48:03","modified_gmt":"2017-08-29T09:48:03","slug":"intencje-mszalne-na-xxi-tydzien-okresu-zwyklego-28-08-3-09-2017-r","status":"publish","type":"post","link":"https:\/\/rafalk-elblag.pl\/?p=2942","title":{"rendered":"INTENCJE MSZALNE NA XXI TYDZIE\u0143 OKRESU ZWYK\u0141EGO (28.08.-3.09.2017 R.)"},"content":{"rendered":"<p><a href=\"http:\/\/rafalk-elblag.pl\/wp-content\/uploads\/2016\/12\/shutterstock_49643152-1000.jpg\"><img loading=\"lazy\" decoding=\"async\" class=\"alignnone size-full wp-image-2526\" src=\"http:\/\/rafalk-elblag.pl\/wp-content\/uploads\/2016\/12\/shutterstock_49643152-1000.jpg\" alt=\"\" width=\"1000\" height=\"665\" srcset=\"https:\/\/rafalk-elblag.pl\/wp-content\/uploads\/2016\/12\/shutterstock_49643152-1000.jpg 1000w, https:\/\/rafalk-elblag.pl\/wp-content\/uploads\/2016\/12\/shutterstock_49643152-1000-300x200.jpg 300w, https:\/\/rafalk-elblag.pl\/wp-content\/uploads\/2016\/12\/shutterstock_49643152-1000-768x511.jpg 768w\" sizes=\"auto, (max-width: 1000px) 100vw, 1000px\" \/><\/a><\/p>\n<p>&nbsp;<\/p>\n<table width=\"726\">\n<tbody>\n<tr>\n<td colspan=\"2\" width=\"565\"><strong>28 sierpnia&nbsp;&nbsp; PONIEDZIA\u0141EK wsp. \u015bw. Augustyna, biskupa<\/strong><\/td>\n<td width=\"161\"><strong><em>Mt 23, 1. 13 -22<\/em><\/strong><\/td>\n<\/tr>\n<tr>\n<td width=\"87\">8.00<\/td>\n<td colspan=\"2\" width=\"639\">\u015ap. Wojciech \u017bukowski w 30 dzie\u0144 po pogrzebie<\/td>\n<\/tr>\n<tr>\n<td width=\"87\">18.00<\/td>\n<td colspan=\"2\" width=\"639\">\u015ap. Anna i Edmund Kwas w kolejn\u0105 rocznic\u0119 \u015bmierci<\/td>\n<\/tr>\n<tr>\n<td width=\"87\"><strong>19.30 <\/strong><\/td>\n<td colspan=\"2\" width=\"639\"><strong>OGRODY MULTIKINO film: \u201e Fatima. Ostatnia tajemnica\u201d<\/strong><\/td>\n<\/tr>\n<\/tbody>\n<\/table>\n<p>&nbsp;<\/p>\n<table width=\"726\">\n<tbody>\n<tr>\n<td colspan=\"2\" width=\"565\"><strong>29 sierpnia&nbsp; <\/strong><strong>WTOREK &nbsp;<\/strong><\/p>\n<p><strong>Wspomnienie M\u0119cze\u0144stwa \u015bw. Jana Chrzciciela<\/strong><\/td>\n<td width=\"161\"><strong><em>Mk 6, 17 &#8211; 29&nbsp;&nbsp; <\/em><\/strong><\/td>\n<\/tr>\n<tr>\n<td width=\"87\">8.00<\/td>\n<td colspan=\"2\" width=\"639\">O \u0142ask\u0119 zdrowia, Bo\u017ce b\u0142ogos\u0142. i opiek\u0119 Matki Bo\u017cej dla Romana w dniu urodzin<\/td>\n<\/tr>\n<tr>\n<td width=\"87\">18.00<\/td>\n<td colspan=\"2\" width=\"639\">\u015ap. Albina(k) i Tadeusz Leszczy\u0144scy<\/td>\n<\/tr>\n<tr>\n<td width=\"87\">18.00<\/td>\n<td colspan=\"2\" width=\"639\">\u015ap. Zygfryd Dobrzeniecki \u2013 intencja od brata J\u00f3zefa z \u017con\u0105<\/td>\n<\/tr>\n<\/tbody>\n<\/table>\n<p>&nbsp;<\/p>\n<p>&nbsp;<\/p>\n<table width=\"726\">\n<tbody>\n<tr>\n<td colspan=\"2\" width=\"565\"><strong>30 sierpnia&nbsp; \u015aRODA&nbsp; <\/strong><\/td>\n<td width=\"161\"><strong><em>Mt 23, 27 \u2013 32<\/em><\/strong><\/td>\n<\/tr>\n<tr>\n<td width=\"87\">8.00<\/td>\n<td colspan=\"2\" width=\"639\">&nbsp;<\/td>\n<\/tr>\n<tr>\n<td width=\"87\">18.00<\/td>\n<td colspan=\"2\" width=\"639\">W intencji czcicieli Matki Bo\u017cej Nieustaj\u0105cej Pomocy<\/td>\n<\/tr>\n<tr>\n<td width=\"87\">18.00<\/td>\n<td colspan=\"2\" width=\"639\">\u015ap. Leokadia(k) i Alfons Obr\u0119mscy<\/td>\n<\/tr>\n<tr>\n<td width=\"87\">18.00<\/td>\n<td colspan=\"2\" width=\"639\">Za dar kap\u0142a\u0144stwa ks. Arka Grabowskiego z pro\u015bb\u0105 o Bo\u017ce b\u0142ogos\u0142. i opiek\u0119 Matki Bo\u017cej Nieustaj\u0105cej Pomocy w dalszej pos\u0142udze kap\u0142a\u0144skiej prosi MARGARETKA<\/td>\n<\/tr>\n<\/tbody>\n<\/table>\n<p>&nbsp;<\/p>\n<table width=\"726\">\n<tbody>\n<tr>\n<td colspan=\"2\" width=\"565\"><strong>31 sierpnia&nbsp; CZWARTEK <\/strong><\/td>\n<td width=\"161\"><strong><em>Mt 24, 42 &#8211; 51<\/em><\/strong><\/td>\n<\/tr>\n<tr>\n<td width=\"87\">8.00<\/td>\n<td colspan=\"2\" width=\"639\">&nbsp;<\/td>\n<\/tr>\n<tr>\n<td width=\"87\">18.00<\/td>\n<td colspan=\"2\" width=\"639\">\u015ap. Mariusz Mu\u017cy\u0142o w 11 rocznice \u015bmierci<\/td>\n<\/tr>\n<tr>\n<td width=\"87\">18.00<\/td>\n<td colspan=\"2\" width=\"639\">\u015ap. Danuta Tomaszewicz w 30 dzie\u0144 po pogrzebie<\/td>\n<\/tr>\n<\/tbody>\n<\/table>\n<p>&nbsp;<\/p>\n<table width=\"726\">\n<tbody>\n<tr>\n<td colspan=\"2\" width=\"565\"><strong>1 wrze\u015bnia&nbsp; PIERWSZY&nbsp; PI\u0104TEK&nbsp; MIESI\u0104CA <\/strong><\/td>\n<td width=\"161\"><strong><em>Mt 25, 1 &#8211; 13<\/em><\/strong><\/td>\n<\/tr>\n<tr>\n<td width=\"87\">8.00<\/td>\n<td colspan=\"2\" width=\"639\">\u015ap. Danuta Cybula&nbsp; 1 greg.<\/td>\n<\/tr>\n<tr>\n<td width=\"87\">8.00<\/td>\n<td colspan=\"2\" width=\"639\">\u015ap. Barbara Petrycka w 15 rocz. \u015bmierci i zmar\u0142ych rodzic\u00f3w z obojga stron: \u015bp. Maria i Stanis\u0142aw oraz Maria i Franciszek<\/td>\n<\/tr>\n<tr>\n<td width=\"87\">16.30<\/td>\n<td colspan=\"2\" width=\"639\">Zmarli z rodzin Niewi\u0144skich, Karpiesiuk, Adamowicz i Jarmoc<\/td>\n<\/tr>\n<tr>\n<td width=\"87\">18.00<\/td>\n<td colspan=\"2\" width=\"639\">\u015ap. Jolanta w dniu urodzin, \u015bp. Napoleon, Bronis\u0142awa(k), Romuald(m) z rodziny Karman<\/p>\n<p>&nbsp;<\/td>\n<\/tr>\n<\/tbody>\n<\/table>\n<p>&nbsp;<\/p>\n<table width=\"726\">\n<tbody>\n<tr>\n<td colspan=\"2\" width=\"565\"><strong>2 wrze\u015bnia&nbsp; PIERWSZA&nbsp; SOBOTA&nbsp; MIESI\u0104CA&nbsp;&nbsp; <\/strong><\/td>\n<td width=\"161\"><strong><em>Mt 25, 14 &#8211; 30<\/em><\/strong><\/td>\n<\/tr>\n<tr>\n<td width=\"87\">8.00<\/td>\n<td colspan=\"2\" width=\"639\">\u015ap. Danuta Cybula&nbsp; 2 greg.<\/td>\n<\/tr>\n<tr>\n<td width=\"87\">16.00<\/td>\n<td colspan=\"2\" width=\"639\">\u015alub<\/td>\n<\/tr>\n<tr>\n<td width=\"87\"><strong>17.00<\/strong><\/td>\n<td colspan=\"2\" width=\"639\"><strong>Nabo\u017ce\u0144stwo wynagradzaj\u0105ce w pierwsz\u0105 sobot\u0119 miesi\u0105ca <\/strong><\/td>\n<\/tr>\n<tr>\n<td width=\"87\">18.00<\/td>\n<td colspan=\"2\" width=\"639\">\u015ap. Stefania Myszk, \u015bp. Stefania Ambro\u017cejczyk, \u015bp. Stefan\u00f3w(m)<\/p>\n<p>z rodziny Kami\u0144skich<\/td>\n<\/tr>\n<tr>\n<td width=\"87\">18.00<\/td>\n<td colspan=\"2\" width=\"639\">Dzi\u0119kczynna za otrzymane \u0142aski z pro\u015bb\u0105 o Bo\u017ce b\u0142ogos\u0142. dla wszystkich R\u00f3\u017c R\u00f3\u017ca\u0144cowych oraz o \u0142ask\u0119 zdrowia dla Ani i Moniki \u2013 intencja od VIII R\u00f3\u017cy M. B. Salety\u0144skiej<\/td>\n<\/tr>\n<\/tbody>\n<\/table>\n<p>&nbsp;<\/p>\n<table width=\"726\">\n<tbody>\n<tr>\n<td colspan=\"2\" width=\"565\"><span style=\"color: #008000;\"><strong>3 wrzesnia&nbsp;&nbsp; XXII NIEDZIELA ZWYK\u0141A<\/strong><\/span><\/td>\n<td width=\"161\"><strong><em>Mt 16, 21 &#8211; 27<\/em><\/strong><\/td>\n<\/tr>\n<tr>\n<td width=\"87\">7.00<\/td>\n<td colspan=\"2\" width=\"639\">\u015ap. Danuta Cybula&nbsp; 3 greg.<\/td>\n<\/tr>\n<tr>\n<td width=\"87\">9.00<\/td>\n<td colspan=\"2\" width=\"639\">\u015ap. Bronis\u0142awa (k) i W\u0142adys\u0142aw(m) Kowalscy<\/td>\n<\/tr>\n<tr>\n<td width=\"87\">9.00<\/td>\n<td colspan=\"2\" width=\"639\">Rez.<\/td>\n<\/tr>\n<tr>\n<td width=\"87\">10.30<\/td>\n<td colspan=\"2\" width=\"639\">Dzi\u0119kczynna w 13 rocz. urodzin Jakuba z pro\u015bb\u0105 o Bo\u017ce b\u0142ogos\u0142. i opiek\u0119 Matki Bo\u017cej dla niego i Wiktorii w Nowym Roku Szkolnym oraz dla Ewy i Arka<\/td>\n<\/tr>\n<tr>\n<td width=\"87\"><strong>12.00<\/strong><\/td>\n<td colspan=\"2\" width=\"639\"><strong>Za parafian<\/strong><\/td>\n<\/tr>\n<tr>\n<td width=\"87\">15.00<\/td>\n<td colspan=\"2\" width=\"639\">\u015ap. Irena Gaza<\/td>\n<\/tr>\n<tr>\n<td width=\"87\">18.00<\/td>\n<td colspan=\"2\" width=\"639\">\u015ap. Wiktor Gajewski w 1 rocz. \u015bmierci<\/td>\n<\/tr>\n<\/tbody>\n<\/table>\n<p>&nbsp;<\/p>\n<p>&nbsp;<\/p>\n<p>&nbsp;<\/p>\n","protected":false},"excerpt":{"rendered":"<p>&nbsp; 28 sierpnia&nbsp;&nbsp; PONIEDZIA\u0141EK wsp. \u015bw. Augustyna, biskupa Mt 23, 1. 13 -22 8.00 \u015ap. Wojciech \u017bukowski w 30 dzie\u0144 po pogrzebie 18.00 \u015ap. Anna i Edmund Kwas w kolejn\u0105 rocznic\u0119 \u015bmierci 19.30 OGRODY MULTIKINO film: \u201e Fatima. Ostatnia tajemnica\u201d &nbsp; 29 sierpnia&nbsp; WTOREK &nbsp; Wspomnienie M\u0119cze\u0144stwa \u015bw. Jana Chrzciciela Mk 6, 17 &#8211; 29&nbsp;&nbsp; [&hellip;]<\/p>\n","protected":false},"author":1,"featured_media":2526,"comment_status":"closed","ping_status":"closed","sticky":false,"template":"","format":"standard","meta":{"ngg_post_thumbnail":0,"footnotes":""},"categories":[11,8,4],"tags":[],"class_list":["post-2942","post","type-post","status-publish","format-standard","has-post-thumbnail","hentry","category-aktualnosci","category-blog","category-intencje"],"_links":{"self":[{"href":"https:\/\/rafalk-elblag.pl\/index.php?rest_route=\/wp\/v2\/posts\/2942","targetHints":{"allow":["GET"]}}],"collection":[{"href":"https:\/\/rafalk-elblag.pl\/index.php?rest_route=\/wp\/v2\/posts"}],"about":[{"href":"https:\/\/rafalk-elblag.pl\/index.php?rest_route=\/wp\/v2\/types\/post"}],"author":[{"embeddable":true,"href":"https:\/\/rafalk-elblag.pl\/index.php?rest_route=\/wp\/v2\/users\/1"}],"replies":[{"embeddable":true,"href":"https:\/\/rafalk-elblag.pl\/index.php?rest_route=%2Fwp%2Fv2%2Fcomments&post=2942"}],"version-history":[{"count":1,"href":"https:\/\/rafalk-elblag.pl\/index.php?rest_route=\/wp\/v2\/posts\/2942\/revisions"}],"predecessor-version":[{"id":2943,"href":"https:\/\/rafalk-elblag.pl\/index.php?rest_route=\/wp\/v2\/posts\/2942\/revisions\/2943"}],"wp:featuredmedia":[{"embeddable":true,"href":"https:\/\/rafalk-elblag.pl\/index.php?rest_route=\/wp\/v2\/media\/2526"}],"wp:attachment":[{"href":"https:\/\/rafalk-elblag.pl\/index.php?rest_route=%2Fwp%2Fv2%2Fmedia&parent=2942"}],"wp:term":[{"taxonomy":"category","embeddable":true,"href":"https:\/\/rafalk-elblag.pl\/index.php?rest_route=%2Fwp%2Fv2%2Fcategories&post=2942"},{"taxonomy":"post_tag","embeddable":true,"href":"https:\/\/rafalk-elblag.pl\/index.php?rest_route=%2Fwp%2Fv2%2Ftags&post=2942"}],"curies":[{"name":"wp","href":"https:\/\/api.w.org\/{rel}","templated":true}]}}