{"id":2939,"date":"2017-08-19T21:42:06","date_gmt":"2017-08-19T21:42:06","guid":{"rendered":"http:\/\/rafalk-elblag.pl\/?p=2939"},"modified":"2017-08-19T21:42:06","modified_gmt":"2017-08-19T21:42:06","slug":"ogloszenia-parafialne-20-08-2017-r-xx-niedziela-zwykla","status":"publish","type":"post","link":"https:\/\/rafalk-elblag.pl\/?p=2939","title":{"rendered":"OG\u0141OSZENIA PARAFIALNE 20.08.2017 R. XX NIEDZIELA ZWYK\u0141A"},"content":{"rendered":"<p><a href=\"http:\/\/rafalk-elblag.pl\/wp-content\/uploads\/2016\/12\/pulpit.jpg\"><img loading=\"lazy\" decoding=\"async\" class=\"alignnone size-large wp-image-2530\" src=\"http:\/\/rafalk-elblag.pl\/wp-content\/uploads\/2016\/12\/pulpit-1024x682.jpg\" alt=\"\" width=\"900\" height=\"599\" srcset=\"https:\/\/rafalk-elblag.pl\/wp-content\/uploads\/2016\/12\/pulpit-1024x682.jpg 1024w, https:\/\/rafalk-elblag.pl\/wp-content\/uploads\/2016\/12\/pulpit-300x200.jpg 300w, https:\/\/rafalk-elblag.pl\/wp-content\/uploads\/2016\/12\/pulpit-768x512.jpg 768w, https:\/\/rafalk-elblag.pl\/wp-content\/uploads\/2016\/12\/pulpit.jpg 1698w\" sizes=\"auto, (max-width: 900px) 100vw, 900px\" \/><\/a><\/p>\n<p>&nbsp;<\/p>\n<p>1. Ofiary sk\u0142adane dzisiaj do puszki przeznaczone s\u0105 na utrzymanie naszego Wy\u017cszego Seminarium Duchownego w Elbl\u0105gu. B\u00f3g zap\u0142a\u0107.<\/p>\n<p><strong>&nbsp;<\/strong><\/p>\n<p><strong>2. Dzisiaj wypada pi\u0105ta rocznica NAWIEDZENIA NASZEJ PARAFII PRZEZ&nbsp; MATK\u0118 BO\u017b\u0104 W&nbsp; JASNOG\u00d3RSKIM WIZERUNKU. <\/strong>Bogu niech b\u0119d\u0105 dzi\u0119ki i Tobie Matko za Twoj\u0105 obecno\u015b\u0107 w naszej wsp\u00f3lnocie. Dzi\u0119kujemy Ci Matko, za Twoj\u0105 obecno\u015b\u0107 i za to \u017ce mogli\u015bmy stan\u0105\u0107 przed Twoim obliczem i powiedzie\u0107 o wszystkich naszych sprawach. Nadal Ci\u0119 prosimy rozwa\u017caj&nbsp; je w sercu i przedstawiaj je swojemu Synowi. Niech ten czas Nawiedzenia nadal przynosi b\u0142ogos\u0142awione owoce w \u017cyciu ka\u017cdego z nas i ca\u0142ej naszej wsp\u00f3lnoty parafialnej. W tym roku prze\u017cywamy 300-lecie koronacji cudownego wizerunku Pani Jasnog\u00f3rskiej wo\u0142ajmy zatem: <strong>\u201eMaryjo, kt\u00f3ra\u015b uwierzy\u0142a, prowad\u017a nas do Jezusa.\u201d<\/strong><\/p>\n<p><strong>&nbsp;<\/strong><\/p>\n<p><strong>3. Pami\u0119tajmy \u017ce sierpie\u0144 jest miesi\u0105cem abstynencji. <\/strong><em>Zach\u0119camy tak\u017ce do osobistej modlitwy w intencji trze\u017awo\u015bci ca\u0142ej naszej parafii i Polski. Pod ch\u00f3rem wy\u0142o\u017cona jest KSI\u0118GA ABSTYNENCJI. Zach\u0119camy do podj\u0119cia abstynencji w miesi\u0105cu sierpniu 2017 roku i do wpisania si\u0119 do powy\u017cszej ksi\u0119gi.<\/em><\/p>\n<p>&nbsp;<\/p>\n<p>4. Nasza parafia tradycyjnie organizuje pielgrzymk\u0119 autokarow\u0105 do Sanktuarium Matki Bo\u017cej Gietrzwa\u0142dzkiej na obchody 140 Rocznicy Objawie\u0144. Wyjazd 10 wrze\u015bnia (niedziela) o godz. 8.00. Koszt 25 z\u0142. Zapisy w zakrystii.<\/p>\n<p><strong>&nbsp;<\/strong><\/p>\n<p><strong>5. W tygodniu w liturgii Ko\u015bcio\u0142a wspominamy: <\/strong><\/p>\n<ul>\n<li><strong>w poniedzia\u0142ek wspomnienie \u015bw. Piusa X &#8211; Papie\u017ca,<\/strong><\/li>\n<li><strong>we wtorek wspomnienie Naj\u015bwi\u0119tszej Maryi Panny, Kr\u00f3lowej,<\/strong><\/li>\n<li><strong>w czwartek \u015awi\u0119to \u015bw. Bart\u0142omieja &#8211; Aposto\u0142a,&nbsp; <\/strong><\/li>\n<li><strong>w sobot\u0119 Uroczysto\u015b\u0107 Naj\u015bwi\u0119tszej Maryi Panny Cz\u0119stochowskiej oraz odnowienie \u015alub\u00f3w Jasnog\u00f3rskich<\/strong><\/li>\n<\/ul>\n<p>&nbsp;<\/p>\n<p>6. Pozdrawiam Go\u015bci, kt\u00f3rzy dzisiaj modl\u0105 si\u0119 z nami w ko\u015bciele \u015bw. Rafa\u0142a Kalinowskiego i Matki Bo\u017cej Szkaplerznej. \u017bycz\u0119 wszystkim \u0142adnej pogody i udanego wypoczynku.<\/p>\n<p><strong>&nbsp;<\/strong><\/p>\n<p><strong>7. WYBIERZMY SI\u0118 DO MULTIKINA !!! <\/strong>Na ekranach polskich kin mo\u017cna ogl\u0105da\u0107 film hiszpa\u0144skich tw\u00f3rc\u00f3w pod tytu\u0142em:<strong> \u201eFatima. Ostatnia tajemnica<\/strong>\u201d, stworzony specjalnie z okazji 100-lecia objawie\u0144&nbsp; fatimskich. Jak zawsze gor\u0105co zach\u0119cam do wsp\u00f3lnego wybrania si\u0119 do kina w poniedzia\u0142ek 28 sierpnia br. na godz. 19.30. Cena biletu 11 z\u0142, p\u0142atne przy wej\u015bciu do sali kinowej.<strong><em>&nbsp; <\/em><\/strong><\/p>\n<p>&nbsp;<\/p>\n<p>8. Zach\u0119camy do czytania prasy katolickiej: nowy numer \u201eGo\u015bcia Niedzielnego\u201d w cenie 5 z\u0142. <strong>z dodatkiem<\/strong> <strong>\u201eGo\u015b\u0107 Elbl\u0105ski\u201d<\/strong>.<\/p>\n<p>&nbsp;<\/p>\n<p>&nbsp;<\/p>\n","protected":false},"excerpt":{"rendered":"<p>&nbsp; 1. Ofiary sk\u0142adane dzisiaj do puszki przeznaczone s\u0105 na utrzymanie naszego Wy\u017cszego Seminarium Duchownego w Elbl\u0105gu. B\u00f3g zap\u0142a\u0107. &nbsp; 2. Dzisiaj wypada pi\u0105ta rocznica NAWIEDZENIA NASZEJ PARAFII PRZEZ&nbsp; MATK\u0118 BO\u017b\u0104 W&nbsp; JASNOG\u00d3RSKIM WIZERUNKU. Bogu niech b\u0119d\u0105 dzi\u0119ki i Tobie Matko za Twoj\u0105 obecno\u015b\u0107 w naszej wsp\u00f3lnocie. Dzi\u0119kujemy Ci Matko, za Twoj\u0105 obecno\u015b\u0107 i za [&hellip;]<\/p>\n","protected":false},"author":1,"featured_media":2530,"comment_status":"closed","ping_status":"closed","sticky":false,"template":"","format":"standard","meta":{"ngg_post_thumbnail":0,"footnotes":""},"categories":[11,8,3],"tags":[],"class_list":["post-2939","post","type-post","status-publish","format-standard","has-post-thumbnail","hentry","category-aktualnosci","category-blog","category-ogloszenia"],"_links":{"self":[{"href":"https:\/\/rafalk-elblag.pl\/index.php?rest_route=\/wp\/v2\/posts\/2939","targetHints":{"allow":["GET"]}}],"collection":[{"href":"https:\/\/rafalk-elblag.pl\/index.php?rest_route=\/wp\/v2\/posts"}],"about":[{"href":"https:\/\/rafalk-elblag.pl\/index.php?rest_route=\/wp\/v2\/types\/post"}],"author":[{"embeddable":true,"href":"https:\/\/rafalk-elblag.pl\/index.php?rest_route=\/wp\/v2\/users\/1"}],"replies":[{"embeddable":true,"href":"https:\/\/rafalk-elblag.pl\/index.php?rest_route=%2Fwp%2Fv2%2Fcomments&post=2939"}],"version-history":[{"count":1,"href":"https:\/\/rafalk-elblag.pl\/index.php?rest_route=\/wp\/v2\/posts\/2939\/revisions"}],"predecessor-version":[{"id":2940,"href":"https:\/\/rafalk-elblag.pl\/index.php?rest_route=\/wp\/v2\/posts\/2939\/revisions\/2940"}],"wp:featuredmedia":[{"embeddable":true,"href":"https:\/\/rafalk-elblag.pl\/index.php?rest_route=\/wp\/v2\/media\/2530"}],"wp:attachment":[{"href":"https:\/\/rafalk-elblag.pl\/index.php?rest_route=%2Fwp%2Fv2%2Fmedia&parent=2939"}],"wp:term":[{"taxonomy":"category","embeddable":true,"href":"https:\/\/rafalk-elblag.pl\/index.php?rest_route=%2Fwp%2Fv2%2Fcategories&post=2939"},{"taxonomy":"post_tag","embeddable":true,"href":"https:\/\/rafalk-elblag.pl\/index.php?rest_route=%2Fwp%2Fv2%2Ftags&post=2939"}],"curies":[{"name":"wp","href":"https:\/\/api.w.org\/{rel}","templated":true}]}}