{"id":2937,"date":"2017-08-19T21:36:12","date_gmt":"2017-08-19T21:36:12","guid":{"rendered":"http:\/\/rafalk-elblag.pl\/?p=2937"},"modified":"2017-08-19T21:36:12","modified_gmt":"2017-08-19T21:36:12","slug":"ogloszenia-parafialne-13-08-2017-r-xix-niedziela-zwykla","status":"publish","type":"post","link":"https:\/\/rafalk-elblag.pl\/?p=2937","title":{"rendered":"OG\u0141OSZENIA PARAFIALNE 13.08.2017 R. XIX NIEDZIELA ZWYK\u0141A"},"content":{"rendered":"<p><a href=\"http:\/\/rafalk-elblag.pl\/wp-content\/uploads\/2016\/12\/pulpit.jpg\"><img loading=\"lazy\" decoding=\"async\" class=\"alignnone size-large wp-image-2530\" src=\"http:\/\/rafalk-elblag.pl\/wp-content\/uploads\/2016\/12\/pulpit-1024x682.jpg\" alt=\"\" width=\"900\" height=\"599\" srcset=\"https:\/\/rafalk-elblag.pl\/wp-content\/uploads\/2016\/12\/pulpit-1024x682.jpg 1024w, https:\/\/rafalk-elblag.pl\/wp-content\/uploads\/2016\/12\/pulpit-300x200.jpg 300w, https:\/\/rafalk-elblag.pl\/wp-content\/uploads\/2016\/12\/pulpit-768x512.jpg 768w, https:\/\/rafalk-elblag.pl\/wp-content\/uploads\/2016\/12\/pulpit.jpg 1698w\" sizes=\"auto, (max-width: 900px) 100vw, 900px\" \/><\/a><\/p>\n<p>&nbsp;<\/p>\n<p><strong>1. We wtorek prze\u017cywa\u0107 b\u0119dziemy Uroczysto\u015b\u0107 Wniebowzi\u0119cia Naj\u015bwi\u0119tszej Maryi Panny<\/strong>. Msze \u015bwi\u0119te jak w niedziel\u0119, tj. 7.00, 9.00, 10.30, 12.00 i 18.00<em>. <strong>UWAGA!!! <\/strong>Przypominamy, \u017ce tego dnia jest po\u015bwi\u0119cenie zi\u00f3\u0142, kwiat\u00f3w i owoc\u00f3w.<\/em><\/p>\n<p>&nbsp;<\/p>\n<p>2. W \u015brod\u0119 16 sierpnia dzie\u0144 spotkania i modlitwy <strong>Rodziny i Bractwa Szkaplerza \u015awi\u0119tego.<\/strong> Zapraszam na Msze \u015awi\u0119t\u0105 o godz. 18.00, z mo\u017cliwo\u015bci\u0105 przyj\u0119cia szkaplerza karmelita\u0144skiego oraz na Godzinki ku czci Matki Bo\u017cej Szkaplerznej po Mszy \u015bw. <em>Po modlitwach spotkanie Rady Szkaplerznej na plebanii \u2013 zapraszam.<\/em><\/p>\n<p>&nbsp;<\/p>\n<p>3. W tym tygodniu w liturgii Ko\u015bcio\u0142a wspominamy:<\/p>\n<ul>\n<li><strong>w poniedzia\u0142ek wsp. \u015bw. Maksymiliana Marii Kolbego, m\u0119czennika i patrona Diecezji Elbl\u0105skiej<\/strong><\/li>\n<li><strong>w czwartek \u015bw. Jacka, kap\u0142ana \u2013 imieniny Jego Ekscelencji ks. dr Jacka Jezierskiego \u2013 Biskupa Elbl\u0105skiego.&nbsp;<\/strong><strong>Pami\u0119tajmy w modlitwie o czcigodnym solenizancie.<\/strong><\/li>\n<\/ul>\n<p><strong>&nbsp;<\/strong><\/p>\n<p><strong>4. Pami\u0119tajmy \u017ce sierpie\u0144 jest miesi\u0105cem abstynencji. <\/strong><em>Zach\u0119camy tak\u017ce do osobistej modlitwy w intencji trze\u017awo\u015bci ca\u0142ej naszej parafii i Polski. Pod ch\u00f3rem wy\u0142o\u017cona jest KSI\u0118GA ABSTYNENCJI. Zach\u0119camy do podj\u0119cia abstynencji w miesi\u0105cu sierpniu 2017 roku i do wpisania si\u0119 do powy\u017cszej ksi\u0119gi.<\/em><\/p>\n<p>&nbsp;<\/p>\n<p>5. Za tydzie\u0144 ofiary sk\u0142adane do puszek przeznaczone b\u0119d\u0105 na utrzymanie naszego Wy\u017cszego Seminarium Duchownego w Elbl\u0105gu. B\u00f3g zap\u0142a\u0107.<\/p>\n<p>&nbsp;<\/p>\n<p>6. Wszystkim parafianom, go\u015bciom \u017cyczymy udanego wypoczynku i b\u0142ogos\u0142awie\u0144stwa Bo\u017cego.<\/p>\n<p>&nbsp;<\/p>\n<p>7. Zach\u0119camy do czytania prasy katolickiej: nowy numer \u201eGo\u015bcia Niedzielnego\u201d w cenie 5 z\u0142. <strong>z dodatkiem<\/strong>&nbsp; <strong>\u201eGo\u015b\u0107 Elbl\u0105ski\u201d<\/strong> oraz \u201eCuda i \u0141aski Bo\u017ce\u201d: 3,50 z\u0142.<\/p>\n<p>&nbsp;<\/p>\n<p>&nbsp;<\/p>\n","protected":false},"excerpt":{"rendered":"<p>&nbsp; 1. We wtorek prze\u017cywa\u0107 b\u0119dziemy Uroczysto\u015b\u0107 Wniebowzi\u0119cia Naj\u015bwi\u0119tszej Maryi Panny. Msze \u015bwi\u0119te jak w niedziel\u0119, tj. 7.00, 9.00, 10.30, 12.00 i 18.00. UWAGA!!! Przypominamy, \u017ce tego dnia jest po\u015bwi\u0119cenie zi\u00f3\u0142, kwiat\u00f3w i owoc\u00f3w. &nbsp; 2. W \u015brod\u0119 16 sierpnia dzie\u0144 spotkania i modlitwy Rodziny i Bractwa Szkaplerza \u015awi\u0119tego. Zapraszam na Msze \u015awi\u0119t\u0105 o godz. [&hellip;]<\/p>\n","protected":false},"author":1,"featured_media":2530,"comment_status":"closed","ping_status":"closed","sticky":false,"template":"","format":"standard","meta":{"ngg_post_thumbnail":0,"footnotes":""},"categories":[3],"tags":[],"class_list":["post-2937","post","type-post","status-publish","format-standard","has-post-thumbnail","hentry","category-ogloszenia"],"_links":{"self":[{"href":"https:\/\/rafalk-elblag.pl\/index.php?rest_route=\/wp\/v2\/posts\/2937","targetHints":{"allow":["GET"]}}],"collection":[{"href":"https:\/\/rafalk-elblag.pl\/index.php?rest_route=\/wp\/v2\/posts"}],"about":[{"href":"https:\/\/rafalk-elblag.pl\/index.php?rest_route=\/wp\/v2\/types\/post"}],"author":[{"embeddable":true,"href":"https:\/\/rafalk-elblag.pl\/index.php?rest_route=\/wp\/v2\/users\/1"}],"replies":[{"embeddable":true,"href":"https:\/\/rafalk-elblag.pl\/index.php?rest_route=%2Fwp%2Fv2%2Fcomments&post=2937"}],"version-history":[{"count":1,"href":"https:\/\/rafalk-elblag.pl\/index.php?rest_route=\/wp\/v2\/posts\/2937\/revisions"}],"predecessor-version":[{"id":2938,"href":"https:\/\/rafalk-elblag.pl\/index.php?rest_route=\/wp\/v2\/posts\/2937\/revisions\/2938"}],"wp:featuredmedia":[{"embeddable":true,"href":"https:\/\/rafalk-elblag.pl\/index.php?rest_route=\/wp\/v2\/media\/2530"}],"wp:attachment":[{"href":"https:\/\/rafalk-elblag.pl\/index.php?rest_route=%2Fwp%2Fv2%2Fmedia&parent=2937"}],"wp:term":[{"taxonomy":"category","embeddable":true,"href":"https:\/\/rafalk-elblag.pl\/index.php?rest_route=%2Fwp%2Fv2%2Fcategories&post=2937"},{"taxonomy":"post_tag","embeddable":true,"href":"https:\/\/rafalk-elblag.pl\/index.php?rest_route=%2Fwp%2Fv2%2Ftags&post=2937"}],"curies":[{"name":"wp","href":"https:\/\/api.w.org\/{rel}","templated":true}]}}