{"id":2935,"date":"2017-08-19T21:30:49","date_gmt":"2017-08-19T21:30:49","guid":{"rendered":"http:\/\/rafalk-elblag.pl\/?p=2935"},"modified":"2017-08-19T21:30:49","modified_gmt":"2017-08-19T21:30:49","slug":"intencje-mszalne-na-xx-tydzien-okresu-zwyklego-21-27-08-2017-r","status":"publish","type":"post","link":"https:\/\/rafalk-elblag.pl\/?p=2935","title":{"rendered":"INTENCJE MSZALNE NA XX TYDZIE\u0143 OKRESU ZWYK\u0141EGO (21-27.08.2017 R.)"},"content":{"rendered":"<p><a href=\"http:\/\/rafalk-elblag.pl\/wp-content\/uploads\/2016\/12\/shutterstock_49643152-1000.jpg\"><img loading=\"lazy\" decoding=\"async\" class=\"alignnone size-full wp-image-2526\" src=\"http:\/\/rafalk-elblag.pl\/wp-content\/uploads\/2016\/12\/shutterstock_49643152-1000.jpg\" alt=\"\" width=\"1000\" height=\"665\" srcset=\"https:\/\/rafalk-elblag.pl\/wp-content\/uploads\/2016\/12\/shutterstock_49643152-1000.jpg 1000w, https:\/\/rafalk-elblag.pl\/wp-content\/uploads\/2016\/12\/shutterstock_49643152-1000-300x200.jpg 300w, https:\/\/rafalk-elblag.pl\/wp-content\/uploads\/2016\/12\/shutterstock_49643152-1000-768x511.jpg 768w\" sizes=\"auto, (max-width: 1000px) 100vw, 1000px\" \/><\/a><\/p>\n<p>&nbsp;<\/p>\n<table width=\"726\">\n<tbody>\n<tr>\n<td colspan=\"2\" width=\"584\"><strong>21 sierpnia&nbsp;&nbsp; PONIEDZIA\u0141EK&nbsp;&nbsp; wsp. sw. Piusa X, papie\u017ca<\/strong><\/td>\n<td width=\"143\"><strong><em>Mt 19, 16 &#8211; 22<\/em><\/strong><\/td>\n<\/tr>\n<tr>\n<td width=\"87\">8.00<\/td>\n<td colspan=\"2\" width=\"639\">\u015ap. Tadeusz Malinowski w 5 rocznic\u0119 \u015bmierci<\/td>\n<\/tr>\n<tr>\n<td width=\"87\">18.00<\/td>\n<td colspan=\"2\" width=\"639\">\u015ap. Jan Siekierka w 12 rocznic\u0119 \u015bmierci<\/td>\n<\/tr>\n<\/tbody>\n<\/table>\n<p>&nbsp;<\/p>\n<table width=\"726\">\n<tbody>\n<tr>\n<td colspan=\"2\" width=\"584\"><strong>22 sierpnia&nbsp; <\/strong><strong>WTOREK<\/strong><strong>&nbsp;&nbsp;&nbsp; wsp. Naj\u015bwi\u0119tszej Maryi Panny, Kr\u00f3lowej<\/strong><\/td>\n<td width=\"143\"><strong><em>\u0141k 1, 26 &#8211; 38<\/em><\/strong><\/td>\n<\/tr>\n<tr>\n<td width=\"87\">8.00<\/td>\n<td colspan=\"2\" width=\"639\">\u015ap. Zbigniew Jasi\u0144ski w 30 dzie\u0144 po pogrzebie<\/td>\n<\/tr>\n<tr>\n<td width=\"87\">18.00<\/td>\n<td colspan=\"2\" width=\"639\">\u015ap. Bronis\u0142awa(k) w 17 rocz. \u015bmierci i za zmar\u0142ych z rodziny Wala i Osowskich<\/td>\n<\/tr>\n<\/tbody>\n<\/table>\n<p>&nbsp;<\/p>\n<table width=\"726\">\n<tbody>\n<tr>\n<td colspan=\"2\" width=\"584\"><strong>23 sierpnia&nbsp; \u015aRODA&nbsp; <\/strong><\/td>\n<td width=\"143\"><strong><em>Mt 18, 15 &#8211; 20<\/em><\/strong><\/td>\n<\/tr>\n<tr>\n<td width=\"87\">8.00<\/td>\n<td colspan=\"2\" width=\"639\">\u015ap. Irena Zasada w 9 rocz. \u015bmierci, \u015bp. Stanislaw(m) Piwnikiewicz w 15 rocz. \u015bmierci<\/td>\n<\/tr>\n<tr>\n<td width=\"87\">18.00<\/td>\n<td colspan=\"2\" width=\"639\">W intencji czcicieli Matki Bo\u017cej Nieustaj\u0105cej Pomocy<\/td>\n<\/tr>\n<\/tbody>\n<\/table>\n<p>&nbsp;<\/p>\n<table width=\"726\">\n<tbody>\n<tr>\n<td colspan=\"2\" width=\"584\"><strong>24 sierpnia &nbsp;CZWARTEK &nbsp;\u015awi\u0119to \u015bw. Bart\u0142omieja, Aposto\u0142a<\/strong><\/td>\n<td width=\"143\"><strong><em>J 1, 45 &#8211; 51<\/em><\/strong><\/td>\n<\/tr>\n<tr>\n<td width=\"87\">8.00<\/td>\n<td colspan=\"2\" width=\"639\">INTENCJA WOLNA<\/td>\n<\/tr>\n<tr>\n<td width=\"87\">18.00<\/td>\n<td colspan=\"2\" width=\"639\">\u015ap. Janina Walko w 1 rocznic\u0119 \u015bmierci<\/td>\n<\/tr>\n<\/tbody>\n<\/table>\n<p>&nbsp;<\/p>\n<table width=\"726\">\n<tbody>\n<tr>\n<td colspan=\"2\" width=\"584\"><strong>26 sierpnia &nbsp;SOBOTA&nbsp;&nbsp;<\/strong><strong><span style=\"color: #800000;\">Uroczysto\u015b\u0107 Naj\u015bwi\u0119tszej Maryi Panny Cz\u0119stochowskiej<\/span>&nbsp; &nbsp; &nbsp; &nbsp; &nbsp; &nbsp; &nbsp; &nbsp; &nbsp; &nbsp; &nbsp; &nbsp; &nbsp; &nbsp; &nbsp;&nbsp;<\/strong><\/td>\n<td width=\"143\"><strong><em>J 2, 1 &#8211; 11<\/em><\/strong><\/td>\n<\/tr>\n<tr>\n<td width=\"87\">8.00<\/td>\n<td colspan=\"2\" width=\"639\">Dzi\u0119kczynna w 50 rocznic\u0119 \u015blubu Krystyny i Stanis\u0142awa Cie\u015blakowskich z pro\u015bb\u0105 o Bo\u017ce b\u0142ogos\u0142. dla Z\u0141OTYCH JUBILAT\u00d3W<\/td>\n<\/tr>\n<tr>\n<td width=\"87\">16.00<\/td>\n<td colspan=\"2\" width=\"639\">\u015aLUB<\/td>\n<\/tr>\n<tr>\n<td width=\"87\">17.00<\/td>\n<td colspan=\"2\" width=\"639\">\u015aLUB<\/td>\n<\/tr>\n<tr>\n<td width=\"87\">18.00<\/td>\n<td colspan=\"2\" width=\"639\">\u015ap. Wac\u0142aw, Cecylia (w 2 rocz.) Makarewicz, \u015bp. Szczepan, Andrzej Biedrzyccy, \u015bp. Danuta i Miros\u0142aw Siemaszek, \u015bp. Zofia Lachowicz, \u015bp. Bo\u017cena i Antoni Matuszewscy<\/td>\n<\/tr>\n<\/tbody>\n<\/table>\n<p>&nbsp;<\/p>\n<table width=\"726\">\n<tbody>\n<tr>\n<td colspan=\"2\" width=\"584\"><span style=\"color: #008000;\"><strong>27 sierpnia&nbsp;&nbsp; XXI NIEDZIELA ZWYK\u0141A<\/strong><\/span><\/td>\n<td width=\"143\"><strong><em>Mt 16, 13 &#8211; 20<\/em><\/strong><\/td>\n<\/tr>\n<tr>\n<td width=\"87\">7.00<\/td>\n<td colspan=\"2\" width=\"639\">\u015ap. Monika Sadowska w 30 dzie\u0144 po pogrzebie<\/td>\n<\/tr>\n<tr>\n<td width=\"87\">9.00<\/td>\n<td colspan=\"2\" width=\"639\">Dzi\u0119kczynna za otrzymane \u0142aski w 40 rocznic\u0119 \u015blubu Barbary i Piotra Ku\u015bniewskich z pro\u015bb\u0105 o Bo\u017ce blogos\u0142. dla RUBINOWYCH JUBILAT\u00d3W<\/td>\n<\/tr>\n<tr>\n<td width=\"87\">10.30<\/td>\n<td colspan=\"2\" width=\"639\">Dzi\u0119kczynna w 90 urodziny Adeli Demskiej z prosb\u0105 o zdrowie, Bo\u017ce b\u0142ogos\u0142., opiek\u0119 Matki Bo\u017cej dla DROGIEJ JUBILATKI i dla ca\u0142ej rodziny<\/td>\n<\/tr>\n<tr>\n<td width=\"87\"><strong>12.00<\/strong><\/td>\n<td colspan=\"2\" width=\"639\"><strong>Za parafian<\/strong><\/td>\n<\/tr>\n<tr>\n<td width=\"87\">15.00<\/td>\n<td colspan=\"2\" width=\"639\">Koronka do Bo\u017cego Mi\u0142osierdzia<\/td>\n<\/tr>\n<tr>\n<td width=\"87\">18.00<\/td>\n<td colspan=\"2\" width=\"639\">\u015ap. Krystyna Kami\u0144ska w dniu urodzin<\/td>\n<\/tr>\n<\/tbody>\n<\/table>\n<p>&nbsp;<\/p>\n<p>&nbsp;<\/p>\n","protected":false},"excerpt":{"rendered":"<p>&nbsp; 21 sierpnia&nbsp;&nbsp; PONIEDZIA\u0141EK&nbsp;&nbsp; wsp. sw. Piusa X, papie\u017ca Mt 19, 16 &#8211; 22 8.00 \u015ap. Tadeusz Malinowski w 5 rocznic\u0119 \u015bmierci 18.00 \u015ap. Jan Siekierka w 12 rocznic\u0119 \u015bmierci &nbsp; 22 sierpnia&nbsp; WTOREK&nbsp;&nbsp;&nbsp; wsp. Naj\u015bwi\u0119tszej Maryi Panny, Kr\u00f3lowej \u0141k 1, 26 &#8211; 38 8.00 \u015ap. Zbigniew Jasi\u0144ski w 30 dzie\u0144 po pogrzebie 18.00 \u015ap. [&hellip;]<\/p>\n","protected":false},"author":1,"featured_media":2526,"comment_status":"closed","ping_status":"closed","sticky":false,"template":"","format":"standard","meta":{"ngg_post_thumbnail":0,"footnotes":""},"categories":[11,8,4],"tags":[],"class_list":["post-2935","post","type-post","status-publish","format-standard","has-post-thumbnail","hentry","category-aktualnosci","category-blog","category-intencje"],"_links":{"self":[{"href":"https:\/\/rafalk-elblag.pl\/index.php?rest_route=\/wp\/v2\/posts\/2935","targetHints":{"allow":["GET"]}}],"collection":[{"href":"https:\/\/rafalk-elblag.pl\/index.php?rest_route=\/wp\/v2\/posts"}],"about":[{"href":"https:\/\/rafalk-elblag.pl\/index.php?rest_route=\/wp\/v2\/types\/post"}],"author":[{"embeddable":true,"href":"https:\/\/rafalk-elblag.pl\/index.php?rest_route=\/wp\/v2\/users\/1"}],"replies":[{"embeddable":true,"href":"https:\/\/rafalk-elblag.pl\/index.php?rest_route=%2Fwp%2Fv2%2Fcomments&post=2935"}],"version-history":[{"count":1,"href":"https:\/\/rafalk-elblag.pl\/index.php?rest_route=\/wp\/v2\/posts\/2935\/revisions"}],"predecessor-version":[{"id":2936,"href":"https:\/\/rafalk-elblag.pl\/index.php?rest_route=\/wp\/v2\/posts\/2935\/revisions\/2936"}],"wp:featuredmedia":[{"embeddable":true,"href":"https:\/\/rafalk-elblag.pl\/index.php?rest_route=\/wp\/v2\/media\/2526"}],"wp:attachment":[{"href":"https:\/\/rafalk-elblag.pl\/index.php?rest_route=%2Fwp%2Fv2%2Fmedia&parent=2935"}],"wp:term":[{"taxonomy":"category","embeddable":true,"href":"https:\/\/rafalk-elblag.pl\/index.php?rest_route=%2Fwp%2Fv2%2Fcategories&post=2935"},{"taxonomy":"post_tag","embeddable":true,"href":"https:\/\/rafalk-elblag.pl\/index.php?rest_route=%2Fwp%2Fv2%2Ftags&post=2935"}],"curies":[{"name":"wp","href":"https:\/\/api.w.org\/{rel}","templated":true}]}}