{"id":2932,"date":"2017-08-19T21:23:09","date_gmt":"2017-08-19T21:23:09","guid":{"rendered":"http:\/\/rafalk-elblag.pl\/?p=2932"},"modified":"2017-08-19T21:23:09","modified_gmt":"2017-08-19T21:23:09","slug":"intencje-mszalne-na-xix-tydzien-okresu-zwyklego-14-20-08-2017-r","status":"publish","type":"post","link":"https:\/\/rafalk-elblag.pl\/?p=2932","title":{"rendered":"INTENCJE MSZALNE NA XIX TYDZIE\u0143 OKRESU ZWYK\u0141EGO (14-20.08.2017 R.)"},"content":{"rendered":"<p><a href=\"http:\/\/rafalk-elblag.pl\/wp-content\/uploads\/2016\/12\/shutterstock_49643152-1000.jpg\"><img loading=\"lazy\" decoding=\"async\" class=\"alignnone size-full wp-image-2526\" src=\"http:\/\/rafalk-elblag.pl\/wp-content\/uploads\/2016\/12\/shutterstock_49643152-1000.jpg\" alt=\"\" width=\"1000\" height=\"665\" srcset=\"https:\/\/rafalk-elblag.pl\/wp-content\/uploads\/2016\/12\/shutterstock_49643152-1000.jpg 1000w, https:\/\/rafalk-elblag.pl\/wp-content\/uploads\/2016\/12\/shutterstock_49643152-1000-300x200.jpg 300w, https:\/\/rafalk-elblag.pl\/wp-content\/uploads\/2016\/12\/shutterstock_49643152-1000-768x511.jpg 768w\" sizes=\"auto, (max-width: 1000px) 100vw, 1000px\" \/><\/a><\/p>\n<p>&nbsp;<\/p>\n<table width=\"726\">\n<tbody>\n<tr>\n<td colspan=\"2\" width=\"584\"><strong>14 sierpnia&nbsp;&nbsp; PONIEDZIA\u0141EK&nbsp;&nbsp; wsp. \u015bw. Maksymiliana Marii Kolbego, Kap\u0142ana i M\u0119czynnika Patrona Diecazji Elblaskiej<\/strong><\/td>\n<td width=\"143\"><strong><em>Mt 17, 22 &#8211; 27<\/em><\/strong><\/td>\n<\/tr>\n<tr>\n<td width=\"87\">8.00<\/td>\n<td colspan=\"2\" width=\"639\">\u015ap. J\u00f3zef(m) Gawerski<\/td>\n<\/tr>\n<tr>\n<td width=\"87\">18.00<\/td>\n<td colspan=\"2\" width=\"639\">\u015ap. Tadeusz Cz\u0119\u015bcik w 9 rocz. \u015bmierci oraz zmarli rodzice \u015bp. Eugenia Grabowska<\/td>\n<\/tr>\n<\/tbody>\n<\/table>\n<p>&nbsp;<\/p>\n<table width=\"726\">\n<tbody>\n<tr>\n<td colspan=\"2\" width=\"584\"><strong>15 sierpnia&nbsp; <\/strong><strong>WTOREK<\/strong><strong>&nbsp;&nbsp; &nbsp;<span style=\"color: #800000;\">UROCZYSTO\u015a\u0106 WNIEBOWZI\u0118CIA NAJ\u015aWI\u0118TSZEJ MARYI PANNY<\/span><\/strong><\/td>\n<td width=\"143\"><strong><em>\u0141k 1, 39 -56<\/em><\/strong><\/td>\n<\/tr>\n<tr>\n<td width=\"87\"><strong>7.00<\/strong><\/td>\n<td colspan=\"2\" width=\"639\"><strong>Za parafian<\/strong><\/td>\n<\/tr>\n<tr>\n<td width=\"87\">9.00<\/td>\n<td colspan=\"2\" width=\"639\">\u015ap. Halina Krakowska w 6 rocz. \u015bmierci<\/td>\n<\/tr>\n<tr>\n<td width=\"87\">9.00<\/td>\n<td colspan=\"2\" width=\"639\">\u015ap. Tadeusz Grze\u015bkiewicz<\/td>\n<\/tr>\n<tr>\n<td width=\"87\">10.30<\/td>\n<td colspan=\"2\" width=\"639\">\u015ap. ks. Franciszek Bokuniewicz w 14 rocz. smierci<\/td>\n<\/tr>\n<tr>\n<td width=\"87\">12.00<\/td>\n<td colspan=\"2\" width=\"639\">Dzi\u0119kczynna w 60 rocznic\u0119 \u015blubu Marianny i Gustawa Pietruszka z pro\u015bb\u0105 o Bo\u017ce b\u0142ogos\u0142. i potrzebne \u0142aski dla Czcigodnych Jubilatow\u00f3w<\/td>\n<\/tr>\n<tr>\n<td width=\"87\">18.00<\/td>\n<td colspan=\"2\" width=\"639\">Dziekczynna za szcz\u0119\u015bliw\u0105 operacje Jana(m) z pro\u015bb\u0105 o Bo\u017ce b\u0142ogos\u0142. i opieke Matki Bo\u017cej<\/td>\n<\/tr>\n<\/tbody>\n<\/table>\n<p>&nbsp;<\/p>\n<table width=\"726\">\n<tbody>\n<tr>\n<td colspan=\"2\" width=\"584\"><strong>16 sierpnia&nbsp; \u015aRODA&nbsp; Spotanie Bractwa Szkaplerznego<\/strong><\/td>\n<td width=\"143\"><strong><em>Mt 18, 15 &#8211; 20<\/em><\/strong><\/td>\n<\/tr>\n<tr>\n<td width=\"87\">8.00<\/td>\n<td colspan=\"2\" width=\"639\">&nbsp;<\/td>\n<\/tr>\n<tr>\n<td width=\"87\">18.00<\/td>\n<td colspan=\"2\" width=\"639\">W intencji Rodziny Karmelita\u0144skiej i Bractwa Szkaplerznego<\/td>\n<\/tr>\n<\/tbody>\n<\/table>\n<p>&nbsp;<\/p>\n<table width=\"726\">\n<tbody>\n<tr>\n<td colspan=\"2\" width=\"584\"><strong>17 sierpnia CZWARTEK &nbsp;&nbsp;wsp. \u015bw. Jacka, kap\u0142ana<\/strong><\/td>\n<td width=\"143\"><strong><em>Mt 18, 21 -19,1<\/em><\/strong><\/td>\n<\/tr>\n<tr>\n<td width=\"87\">8.00<\/td>\n<td colspan=\"2\" width=\"639\">\u015ap. Helena Majkowska w 2 rocz. \u015bmierci<\/td>\n<\/tr>\n<tr>\n<td width=\"87\">18.00<\/td>\n<td colspan=\"2\" width=\"639\">\u015ap. Ildefons Kra\u015bnik, \u015bp. Kazimiera(k), \u015bp. Emanuel Zubrzycki oraz zmarli z rodziny Kra\u015bnikow i Czepik\u00f3w<\/td>\n<\/tr>\n<\/tbody>\n<\/table>\n<p>&nbsp;<\/p>\n<table width=\"726\">\n<tbody>\n<tr>\n<td colspan=\"2\" width=\"584\"><strong>18 sierpnia PI\u0104TEK <\/strong><\/td>\n<td width=\"143\"><strong><em>Mt 19, 3 &#8211; 12<\/em><\/strong><\/td>\n<\/tr>\n<tr>\n<td width=\"87\">8.00<\/td>\n<td colspan=\"2\" width=\"639\">\u015ap. Waleria Kuci\u0144ska w 30 dzie\u0144 po pogrzebie<\/td>\n<\/tr>\n<tr>\n<td width=\"87\">18.00<\/td>\n<td colspan=\"2\" width=\"639\">\u015ap. Czes\u0142aw(m) oraz zmarli rodzice z obojga stron, zmar\u0142a siostra i szwagier<\/td>\n<\/tr>\n<\/tbody>\n<\/table>\n<p>&nbsp;<\/p>\n<table width=\"726\">\n<tbody>\n<tr>\n<td colspan=\"2\" width=\"584\"><strong>19 sierpnia SOBOTA &nbsp;<\/strong><\/td>\n<td width=\"143\"><strong><em>Mt 19, 13 &#8211; 15<\/em><\/strong><\/td>\n<\/tr>\n<tr>\n<td width=\"87\">8.00<\/td>\n<td colspan=\"2\" width=\"639\">\u015ap. Stanis\u0142aw(m) Bielarczyk w 10 rocz. smierci, \u015bp. Tadeusz, Teresa, Edward Bielarczyk<\/td>\n<\/tr>\n<tr>\n<td width=\"87\">18.00<\/td>\n<td colspan=\"2\" width=\"639\">\u015ap. Stefania Bajson w 28 rocz. \u015bmierci oraz zmarli z rodzin Bajson, Jasi\u0144skich i Kachnowicz<\/td>\n<\/tr>\n<\/tbody>\n<\/table>\n<p>&nbsp;<\/p>\n<table width=\"726\">\n<tbody>\n<tr>\n<td colspan=\"2\" width=\"584\"><span style=\"color: #008000;\"><strong>20 sierpnia&nbsp;&nbsp; XX NIEDZIELA ZWYK\u0141A<\/strong><\/span><\/td>\n<td width=\"143\"><strong><em>Mt 15, 21 &#8211; 28<\/em><\/strong><\/td>\n<\/tr>\n<tr>\n<td width=\"87\">7.00<\/td>\n<td colspan=\"2\" width=\"639\">\u015ap. Julia Kata w 3 rocz. \u015bmierci i zmar\u0142ych z rodziny<\/td>\n<\/tr>\n<tr>\n<td width=\"87\">9.00<\/td>\n<td colspan=\"2\" width=\"639\">\u015ap. Kazimierz(m) w 30 rocz. \u015bmierci. \u015bp. Jadwiga i Norbert<\/td>\n<\/tr>\n<tr>\n<td width=\"87\">10.30<\/td>\n<td colspan=\"2\" width=\"639\">\u015ap. Tadeusz Skowro\u0144ski int. od Agnieszki i Joanny Walczy\u0144skich<\/td>\n<\/tr>\n<tr>\n<td width=\"87\"><strong>12.00<\/strong><\/td>\n<td colspan=\"2\" width=\"639\"><strong>Za parafian<\/strong><\/td>\n<\/tr>\n<tr>\n<td width=\"87\">15.00<\/td>\n<td colspan=\"2\" width=\"639\">Koronka do Bo\u017cego Mi\u0142osierdzia<\/td>\n<\/tr>\n<tr>\n<td width=\"87\">18.00<\/td>\n<td colspan=\"2\" width=\"639\">Msza \u015bw. dzi\u0119kczynna za szcz\u0119\u015bliwe prze\u017cyte wsp\u00f3lnie lata z pro\u015bb\u0105 o Bo\u017ce b\u0142ogos\u0142. i potrzebne \u0142aski na dalsze lata \u017cycia dla Agnieszki i Tomasza Gr\u0105dzik w 15 rocz. \u015blubu, Anety i Grzegorza Zielka w 13 rocz. \u015blubu, Iwony i Marcina Sieradz w 12 rocz. \u015blubu, Jadwigi i Leszka Gr\u0105dzik w 39 rocz. \u015blubu<\/p>\n<p>&nbsp;<\/td>\n<\/tr>\n<\/tbody>\n<\/table>\n<p>&nbsp;<\/p>\n<p>&nbsp;<\/p>\n","protected":false},"excerpt":{"rendered":"<p>&nbsp; 14 sierpnia&nbsp;&nbsp; PONIEDZIA\u0141EK&nbsp;&nbsp; wsp. \u015bw. Maksymiliana Marii Kolbego, Kap\u0142ana i M\u0119czynnika Patrona Diecazji Elblaskiej Mt 17, 22 &#8211; 27 8.00 \u015ap. J\u00f3zef(m) Gawerski 18.00 \u015ap. Tadeusz Cz\u0119\u015bcik w 9 rocz. \u015bmierci oraz zmarli rodzice \u015bp. Eugenia Grabowska &nbsp; 15 sierpnia&nbsp; WTOREK&nbsp;&nbsp; &nbsp;UROCZYSTO\u015a\u0106 WNIEBOWZI\u0118CIA NAJ\u015aWI\u0118TSZEJ MARYI PANNY \u0141k 1, 39 -56 7.00 Za parafian 9.00 [&hellip;]<\/p>\n","protected":false},"author":1,"featured_media":2526,"comment_status":"closed","ping_status":"closed","sticky":false,"template":"","format":"standard","meta":{"ngg_post_thumbnail":0,"footnotes":""},"categories":[4],"tags":[],"class_list":["post-2932","post","type-post","status-publish","format-standard","has-post-thumbnail","hentry","category-intencje"],"_links":{"self":[{"href":"https:\/\/rafalk-elblag.pl\/index.php?rest_route=\/wp\/v2\/posts\/2932","targetHints":{"allow":["GET"]}}],"collection":[{"href":"https:\/\/rafalk-elblag.pl\/index.php?rest_route=\/wp\/v2\/posts"}],"about":[{"href":"https:\/\/rafalk-elblag.pl\/index.php?rest_route=\/wp\/v2\/types\/post"}],"author":[{"embeddable":true,"href":"https:\/\/rafalk-elblag.pl\/index.php?rest_route=\/wp\/v2\/users\/1"}],"replies":[{"embeddable":true,"href":"https:\/\/rafalk-elblag.pl\/index.php?rest_route=%2Fwp%2Fv2%2Fcomments&post=2932"}],"version-history":[{"count":1,"href":"https:\/\/rafalk-elblag.pl\/index.php?rest_route=\/wp\/v2\/posts\/2932\/revisions"}],"predecessor-version":[{"id":2933,"href":"https:\/\/rafalk-elblag.pl\/index.php?rest_route=\/wp\/v2\/posts\/2932\/revisions\/2933"}],"wp:featuredmedia":[{"embeddable":true,"href":"https:\/\/rafalk-elblag.pl\/index.php?rest_route=\/wp\/v2\/media\/2526"}],"wp:attachment":[{"href":"https:\/\/rafalk-elblag.pl\/index.php?rest_route=%2Fwp%2Fv2%2Fmedia&parent=2932"}],"wp:term":[{"taxonomy":"category","embeddable":true,"href":"https:\/\/rafalk-elblag.pl\/index.php?rest_route=%2Fwp%2Fv2%2Fcategories&post=2932"},{"taxonomy":"post_tag","embeddable":true,"href":"https:\/\/rafalk-elblag.pl\/index.php?rest_route=%2Fwp%2Fv2%2Ftags&post=2932"}],"curies":[{"name":"wp","href":"https:\/\/api.w.org\/{rel}","templated":true}]}}