{"id":2928,"date":"2017-08-17T12:07:32","date_gmt":"2017-08-17T12:07:32","guid":{"rendered":"http:\/\/rafalk-elblag.pl\/?p=2928"},"modified":"2017-08-17T12:07:32","modified_gmt":"2017-08-17T12:07:32","slug":"ogloszenia-parafialne-6-08-2017-r-xviii-niedziela-zwykla","status":"publish","type":"post","link":"https:\/\/rafalk-elblag.pl\/?p=2928","title":{"rendered":"OG\u0141OSZENIA PARAFIALNE 6.08.2017 R. XVIII NIEDZIELA ZWYK\u0141A"},"content":{"rendered":"<p><a href=\"http:\/\/rafalk-elblag.pl\/wp-content\/uploads\/2016\/12\/pulpit.jpg\"><img loading=\"lazy\" decoding=\"async\" class=\"alignnone size-large wp-image-2530\" src=\"http:\/\/rafalk-elblag.pl\/wp-content\/uploads\/2016\/12\/pulpit-1024x682.jpg\" alt=\"\" width=\"900\" height=\"599\" srcset=\"https:\/\/rafalk-elblag.pl\/wp-content\/uploads\/2016\/12\/pulpit-1024x682.jpg 1024w, https:\/\/rafalk-elblag.pl\/wp-content\/uploads\/2016\/12\/pulpit-300x200.jpg 300w, https:\/\/rafalk-elblag.pl\/wp-content\/uploads\/2016\/12\/pulpit-768x512.jpg 768w, https:\/\/rafalk-elblag.pl\/wp-content\/uploads\/2016\/12\/pulpit.jpg 1698w\" sizes=\"auto, (max-width: 900px) 100vw, 900px\" \/><\/a><\/p>\n<p>&nbsp;<\/p>\n<p>1. Zapraszamy w pierwsz\u0105 niedziel\u0119 miesi\u0105ca sierpnia na <strong>Adoracj\u0119 Naj\u015bwi\u0119tszego Sakramentu od godz. 15.00 do godz. 18.00. Rozpocznie si\u0119 Koronk\u0105 do Bo\u017cego Mi\u0142osierdzia.<\/strong><\/p>\n<p>&nbsp;<\/p>\n<p>2. Trwaj\u0105c w jedno\u015bci modlitewnej z pielgrzymami zach\u0119cam do udzia\u0142u (w czasie trwania pielgrzymki) w Mszach \u015bwi\u0119tych wieczornych, kt\u00f3re ko\u0144czymy jedn\u0105 dziesi\u0105tk\u0105 r\u00f3\u017ca\u0144ca i <strong>Apelem Jasnog\u00f3rskim. <\/strong><\/p>\n<p><strong><em>&nbsp;<\/em><\/strong><\/p>\n<p>3. Dzisiejsze ofiary sk\u0142adane na tac\u0119 przeznaczone s\u0105 na uregulowanie zaleg\u0142o\u015bci za wykonany o\u0142tarz, ambonki oraz chrzcielnic\u0119. B\u00f3g zap\u0142a\u0107.<\/p>\n<p><strong>&nbsp;<\/strong><\/p>\n<p><strong>4. Rozpocz\u0105\u0142 si\u0119 sierpie\u0144 \u2013 miesi\u0105c abstynencji. <\/strong>Przez pami\u0119\u0107 o wielkich dzie\u0142ach, kt\u00f3re B\u00f3g dokona\u0142 w naszym narodzie w tym miesi\u0105cu, a tak\u017ce odpowiadaj\u0105c na Apel Ko\u015bcio\u0142a, powstrzymajmy si\u0119 od spo\u017cywania napoj\u00f3w alkoholowych; nie cz\u0119stujmy te\u017c nimi innych. <em>Zach\u0119camy tak\u017ce do osobistej modlitwy w intencji trze\u017awo\u015bci ca\u0142ej naszej parafii i Polski. Pod ch\u00f3rem wy\u0142o\u017cona jest KSI\u0118GA ABSTYNENCJI. Zach\u0119camy do wpisywania si\u0119 by w ten spos\u00f3b podj\u0105\u0107 APEL KO\u015aCIO\u0141A odczytany tydzie\u0144 temu.&nbsp; <\/em><\/p>\n<p><strong>&nbsp;<\/strong><\/p>\n<p><strong>5. W pi\u0105tek (11 sierpnia) XXV JUBILEUSZOWA Elbl\u0105ska Pielgrzymka Piesza wchodzi na Jasn\u0105 G\u00f3r\u0119.<\/strong> Zapraszamy rodziny p\u0105tnik\u00f3w, na Msz\u0119 \u015awi\u0119t\u0105 o godz. 18.00 i <strong>Apel Jasnog\u00f3rski.<\/strong> Duchowo b\u0119dziemy si\u0119 \u0142\u0105czy\u0107 z pielgrzymami, trwaj\u0105cymi na modlitwie w Kaplicy Cudownego Obrazu. <em>Dzi\u0119kuj\u0119 ks. Marcinowi Marciniakowi za zorganizowanie, prowadzenie i opiek\u0119 duchow\u0105 nad naszymi p\u0105tnikami. Wdzi\u0119czny jestem tym osobom, kt\u00f3re wspiera\u0142y pielgrzym\u00f3w swoj\u0105 ofiar\u0105, modlitw\u0105 i w inny spos\u00f3b Panu Bogu wiadomy.<\/em><\/p>\n<p><strong>&nbsp;<\/strong><\/p>\n<p><strong>6. Parafia otrzyma\u0142a podzi\u0119kowanie za w\u0142\u0105czenie si\u0119 w akcje \u201ePOLA NADZIEI\u201d, <\/strong>propaguj\u0105c\u0105 ide\u0119 opieki hospicyjnej w spo\u0142ecze\u0144stwie. \u015awiadectwo \u017conkilowe znajdziemy na tablicy og\u0142osze\u0144. Dzi\u0119kujemy gor\u0105co, bo dzi\u0119ki pozyskanym \u015brodkom b\u0119dziemy mogli jeszcze lepiej zadba\u0107 o komfort \u017cycia ci\u0119\u017cko chorych pacjent\u00f3w Hospicjum Elbl\u0105skiego.<\/p>\n<p>&nbsp;<\/p>\n<p>7. Apostolat \u201eMargaretka\u201d zaprasza na pielgrzymk\u0119 do Medjugorie (miejsca modlitwy i pokoju) w dniach 3 &#8211; 9 wrze\u015bnia br. Koszt wyjazdu to 390 z\u0142. plus 160 euro. Opiek\u0119 duchow\u0105 sprawuje ks. Piotr Bryk. tel. 603 662&nbsp;797.<\/p>\n<p>&nbsp;<\/p>\n<p>8. Wszystkim parafianom, go\u015bciom \u017cyczymy udanego wypoczynku i b\u0142ogos\u0142awie\u0144stwa Bo\u017cego.<\/p>\n<p>&nbsp;<\/p>\n<p>9. Zach\u0119camy do czytania prasy katolickiej: nowy numer \u201eGo\u015bcia Niedzielnego\u201d w cenie 5 z\u0142. <strong>z dodatkiem<\/strong>&nbsp; <strong>\u201eGo\u015b\u0107 Elbl\u0105ski\u201d<\/strong> oraz \u201eCuda i \u0141aski Bo\u017ce\u201d: 3,50 z\u0142.<\/p>\n<p>&nbsp;<\/p>\n<p>10. Pan powo\u0142a\u0142 do wieczno\u015bci: \u015bp. Danut\u0119 Tomaszewicz lat 61 z ul. Myliusa; \u015bp. Ryszarda Demblera lat 67 z ul. Broniewskiego; \u015bp. Tekl\u0119 Zinkiewicz lat 78 z ul. Lubelskiej.<\/p>\n<p>&nbsp;<\/p>\n<p>&nbsp;<\/p>\n","protected":false},"excerpt":{"rendered":"<p>&nbsp; 1. Zapraszamy w pierwsz\u0105 niedziel\u0119 miesi\u0105ca sierpnia na Adoracj\u0119 Naj\u015bwi\u0119tszego Sakramentu od godz. 15.00 do godz. 18.00. Rozpocznie si\u0119 Koronk\u0105 do Bo\u017cego Mi\u0142osierdzia. &nbsp; 2. Trwaj\u0105c w jedno\u015bci modlitewnej z pielgrzymami zach\u0119cam do udzia\u0142u (w czasie trwania pielgrzymki) w Mszach \u015bwi\u0119tych wieczornych, kt\u00f3re ko\u0144czymy jedn\u0105 dziesi\u0105tk\u0105 r\u00f3\u017ca\u0144ca i Apelem Jasnog\u00f3rskim. &nbsp; 3. Dzisiejsze ofiary [&hellip;]<\/p>\n","protected":false},"author":1,"featured_media":2530,"comment_status":"closed","ping_status":"closed","sticky":false,"template":"","format":"standard","meta":{"ngg_post_thumbnail":0,"footnotes":""},"categories":[3],"tags":[],"class_list":["post-2928","post","type-post","status-publish","format-standard","has-post-thumbnail","hentry","category-ogloszenia"],"_links":{"self":[{"href":"https:\/\/rafalk-elblag.pl\/index.php?rest_route=\/wp\/v2\/posts\/2928","targetHints":{"allow":["GET"]}}],"collection":[{"href":"https:\/\/rafalk-elblag.pl\/index.php?rest_route=\/wp\/v2\/posts"}],"about":[{"href":"https:\/\/rafalk-elblag.pl\/index.php?rest_route=\/wp\/v2\/types\/post"}],"author":[{"embeddable":true,"href":"https:\/\/rafalk-elblag.pl\/index.php?rest_route=\/wp\/v2\/users\/1"}],"replies":[{"embeddable":true,"href":"https:\/\/rafalk-elblag.pl\/index.php?rest_route=%2Fwp%2Fv2%2Fcomments&post=2928"}],"version-history":[{"count":1,"href":"https:\/\/rafalk-elblag.pl\/index.php?rest_route=\/wp\/v2\/posts\/2928\/revisions"}],"predecessor-version":[{"id":2929,"href":"https:\/\/rafalk-elblag.pl\/index.php?rest_route=\/wp\/v2\/posts\/2928\/revisions\/2929"}],"wp:featuredmedia":[{"embeddable":true,"href":"https:\/\/rafalk-elblag.pl\/index.php?rest_route=\/wp\/v2\/media\/2530"}],"wp:attachment":[{"href":"https:\/\/rafalk-elblag.pl\/index.php?rest_route=%2Fwp%2Fv2%2Fmedia&parent=2928"}],"wp:term":[{"taxonomy":"category","embeddable":true,"href":"https:\/\/rafalk-elblag.pl\/index.php?rest_route=%2Fwp%2Fv2%2Fcategories&post=2928"},{"taxonomy":"post_tag","embeddable":true,"href":"https:\/\/rafalk-elblag.pl\/index.php?rest_route=%2Fwp%2Fv2%2Ftags&post=2928"}],"curies":[{"name":"wp","href":"https:\/\/api.w.org\/{rel}","templated":true}]}}