{"id":2926,"date":"2017-08-17T12:03:56","date_gmt":"2017-08-17T12:03:56","guid":{"rendered":"http:\/\/rafalk-elblag.pl\/?p=2926"},"modified":"2017-08-17T12:03:56","modified_gmt":"2017-08-17T12:03:56","slug":"ogloszenia-parafialne-30-07-2017-r-xvii-niedziela-zwykla","status":"publish","type":"post","link":"https:\/\/rafalk-elblag.pl\/?p=2926","title":{"rendered":"OG\u0141OSZENIA PARAFIALNE 30.07.2017 R. XVII NIEDZIELA ZWYK\u0141A"},"content":{"rendered":"<p><a href=\"http:\/\/rafalk-elblag.pl\/wp-content\/uploads\/2016\/12\/pulpit.jpg\"><img loading=\"lazy\" decoding=\"async\" class=\"alignnone size-large wp-image-2530\" src=\"http:\/\/rafalk-elblag.pl\/wp-content\/uploads\/2016\/12\/pulpit-1024x682.jpg\" alt=\"\" width=\"900\" height=\"599\" srcset=\"https:\/\/rafalk-elblag.pl\/wp-content\/uploads\/2016\/12\/pulpit-1024x682.jpg 1024w, https:\/\/rafalk-elblag.pl\/wp-content\/uploads\/2016\/12\/pulpit-300x200.jpg 300w, https:\/\/rafalk-elblag.pl\/wp-content\/uploads\/2016\/12\/pulpit-768x512.jpg 768w, https:\/\/rafalk-elblag.pl\/wp-content\/uploads\/2016\/12\/pulpit.jpg 1698w\" sizes=\"auto, (max-width: 900px) 100vw, 900px\" \/><\/a><\/p>\n<p>&nbsp;<\/p>\n<p><strong>1. Od wtorku 1 sierpnia rozpoczynamy miesi\u0105c trze\u017awo\u015bci.<\/strong> <em>Jak co roku prosimy o \u015bwiadectwo abstynencji, kt\u00f3ra&nbsp; jest darem mi\u0142o\u015bci. Prosimy o abstynencj\u0119 prze\u017cywan\u0105 w spos\u00f3b radosny i odwa\u017cny. Zdolno\u015b\u0107 rezygnacji z alkoholu z motyw\u00f3w religijno-moralnych, wychowawczych i patriotycznych oraz umiej\u0119tno\u015b\u0107 zabawy i wypoczynku bez alkoholu nie s\u0105 powodem do wstydu. S\u0105 znakiem m\u0105dro\u015bci i odpowiedzialno\u015bci.<\/em><\/p>\n<p><strong>&nbsp;<\/strong><\/p>\n<p><strong>2. Przy naszej parafii dzia\u0142a grupa rodzinna Al-Anon (\u201e\u015amieszki\u201d), <\/strong>kt\u00f3ra zaprasza zainteresowanych problemem picia bliskiej osoby. Grupa spotyka si\u0119 w ka\u017cdy czwartek na plebanii o godz. 17.00, natomiast w pierwsze czwartki miesi\u0105ca jest mityng otwarty dla zainteresowanych wsp\u00f3lnot\u0105.<\/p>\n<p>&nbsp;<\/p>\n<p>3. Miesi\u0105c lipiec by\u0142 po\u015bwi\u0119cony kontemplacji Naj\u015bwi\u0119tszej Krwi Chrystusa.<strong> Dzi\u0119kuj\u0119 <\/strong>Wsp\u00f3lnocie Krwi Chrystusa za prowadzenie modlitw przed Msz\u0105 \u015bw. wieczorow\u0105 o godz. 17.30.&nbsp; B\u00f3g zap\u0142a\u0107.<\/p>\n<p><strong>&nbsp;<\/strong><\/p>\n<p><strong>4. Trwaj\u0105c w jedno\u015bci modlitewnej z pielgrzymami zmierzaj\u0105cymi do Cz\u0119stochowy \u2013 Stolicy Duchowej Polski, zach\u0119camy do udzia\u0142u (w czasie trwania pielgrzymki) w Mszach \u015bw. wieczornych, kt\u00f3re b\u0119dziemy ko\u0144czy\u0107 Apelem Jasnog\u00f3rskim. <\/strong><\/p>\n<p><strong>&nbsp;<\/strong><\/p>\n<p><strong>5. UWAGA !!! <\/strong><em>W czasie trwania pielgrzymki pieszej do Cz\u0119stochowy o godz. 21.00 b\u0119d\u0105 bi\u0142y dzwony, przypominaj\u0105c nam i zach\u0119ca\u0107 nas do wsp\u00f3lnej modlitwy \u2013 APELOWEJ.<\/em><\/p>\n<p>&nbsp;<\/p>\n<p>6. W tym tygodniu przypada pierwszy czwartek, pi\u0105tek i sobota miesi\u0105ca sierpnia. Zapraszamy do wsp\u00f3lnej modlitwy:<\/p>\n<ul>\n<li><strong>w pierwszy czwartek<\/strong> modli\u0107 si\u0119 b\u0119dziemy o \u015bwi\u0119to\u015b\u0107 kap\u0142an\u00f3w, nowe powo\u0142ania kap\u0142a\u0144skie oraz za Seminarium Elbl\u0105skie. Zapraszamy po Mszy \u015bw. wieczornej na <strong>,,Godzin\u0119 \u015awi\u0119t\u0105\u201d,<\/strong> czyli adoracj\u0119 przed Naj\u015bwi\u0119tszym Sakramentem w powy\u017cszych intencjach zako\u0144czon\u0105 Apelem Jasnog\u00f3rskim.<\/li>\n<li><strong>w pierwszy pi\u0105tek<\/strong> spowied\u017a od 17.30 i Msza \u015bw. Wotywna o Naj\u015bwi\u0119tszym Sercu Pana Jezusa o godz. 18.00.<\/li>\n<li><strong>w pierwsz\u0105 sobot\u0119<\/strong> miesi\u0105ca zapraszamy \u017bywy R\u00f3\u017caniec i czcicieli Matki Bo\u017cej na nabo\u017ce\u0144stwo o godz. 17.00. W tym dniu zmiana tajemnic R\u00f3\u017ca\u0144ca.<\/li>\n<\/ul>\n<p>&nbsp;<\/p>\n<p>7. Za tydzie\u0144 pierwsza niedziela miesi\u0105ca. Zapraszamy na <strong>Adoracj\u0119 Naj\u015bwi\u0119tszego Sakramentu od godz. 15.00 do godz. 18.00.<\/strong><\/p>\n<p>&nbsp;<\/p>\n<p>8. W przysz\u0142\u0105 niedziel\u0119 taca inwestycyjna przeznaczona na&nbsp; uregulowanie zaleg\u0142o\u015bci za wykonane elementy w prezbiterium naszego ko\u015bcio\u0142a. B\u00f3g zap\u0142a\u0107 za sk\u0142adane ofiary.<\/p>\n<p>&nbsp;<\/p>\n<p>9. Zach\u0119camy do prasy katolickiej: nowy numer \u201eGo\u015bcia Niedzielnego\u201d- 5 z\u0142. <strong>z dodatkiem<\/strong>&nbsp; <strong>\u201eGo\u015b\u0107 Elbl\u0105ski\u201d<\/strong> oraz nowy numer: \u201eCuda i \u0141aski Bo\u017ce\u201d&nbsp; w cenie 3,50.<\/p>\n<p>&nbsp;<\/p>\n<p>10. W \u015brod\u0119 2 sierpnia br. ks. Pawe\u0142 Guminiak zaprasza na jednodniow\u0105 pielgrzymk\u0119 do Ob\u00f3r &#8211; Sanktuarium Matki Bo\u017cej Bolesnej) i wzi\u0119cia udzia\u0142u we MSZY \u015aW. DZI\u0118KCZYNNEJ za XXV Jubileuszow\u0105 Pielgrzymk\u0119 Diecezji Elbl\u0105skiej o godz. 11.30. Po uroczysto\u015bciach zatrzymanie przy tamie miejscu m\u0119cze\u0144stwa b\u0142. Jerzego Popie\u0142uszki oraz w Sanktuarium w Sk\u0119pe. Koszt 60 z\u0142. Zapisy w zakrystii.<\/p>\n<p>&nbsp;<\/p>\n<p>11. Apostolat \u201eMargaretka\u201d zaprasza na pielgrzymk\u0119 do Medjugorie (miejsca modlitwy i pokoju) w dniach 3 &#8211; 9 wrze\u015bnia br. Koszt wyjazdu to 390 z\u0142. plus 160 euro. Opiek\u0119 duchow\u0105 sprawuje ks. Piotr Bryk. Zapisy i informacje: tel. 603 662&nbsp;797.<\/p>\n<p><strong>&nbsp;<\/strong><\/p>\n<p><strong>12. Parafia \u015bw. Miko\u0142aja organizuje pielgrzymk\u0119 autokarow\u0105 do Krakowa, Kalwarii Zebrzydowskiej, Wadowic oraz do Cz\u0119stochowy. <\/strong>W Cz\u0119stochowie przywitamy p\u0105tnik\u00f3w Elbl\u0105skiej Pielgrzymki Pieszej. Wyjazd spod Katedry 8 sierpnia ok. godz. 23.00, natomiast powr\u00f3t 12 sierpnia ok. godz. 7.00. Koszt 270 z\u0142. od osoby. Zapisy w kancelarii b\u0105d\u017a w zakrystii. <strong>Szczeg\u00f3\u0142owe informacje mo\u017cna uzyska\u0107 u ks. Adama tel. 607&nbsp;933&nbsp;586.<\/strong><\/p>\n<p>&nbsp;<\/p>\n<p>13. Pan powo\u0142a\u0142 do wieczno\u015bci: \u015bp. Monik\u0119 Sadowsk\u0105 lat 85 z ul. Tuwima.<\/p>\n<p>&nbsp;<\/p>\n<p>&nbsp;<\/p>\n","protected":false},"excerpt":{"rendered":"<p>&nbsp; 1. Od wtorku 1 sierpnia rozpoczynamy miesi\u0105c trze\u017awo\u015bci. Jak co roku prosimy o \u015bwiadectwo abstynencji, kt\u00f3ra&nbsp; jest darem mi\u0142o\u015bci. Prosimy o abstynencj\u0119 prze\u017cywan\u0105 w spos\u00f3b radosny i odwa\u017cny. Zdolno\u015b\u0107 rezygnacji z alkoholu z motyw\u00f3w religijno-moralnych, wychowawczych i patriotycznych oraz umiej\u0119tno\u015b\u0107 zabawy i wypoczynku bez alkoholu nie s\u0105 powodem do wstydu. S\u0105 znakiem m\u0105dro\u015bci i [&hellip;]<\/p>\n","protected":false},"author":1,"featured_media":2530,"comment_status":"closed","ping_status":"closed","sticky":false,"template":"","format":"standard","meta":{"ngg_post_thumbnail":0,"footnotes":""},"categories":[3],"tags":[],"class_list":["post-2926","post","type-post","status-publish","format-standard","has-post-thumbnail","hentry","category-ogloszenia"],"_links":{"self":[{"href":"https:\/\/rafalk-elblag.pl\/index.php?rest_route=\/wp\/v2\/posts\/2926","targetHints":{"allow":["GET"]}}],"collection":[{"href":"https:\/\/rafalk-elblag.pl\/index.php?rest_route=\/wp\/v2\/posts"}],"about":[{"href":"https:\/\/rafalk-elblag.pl\/index.php?rest_route=\/wp\/v2\/types\/post"}],"author":[{"embeddable":true,"href":"https:\/\/rafalk-elblag.pl\/index.php?rest_route=\/wp\/v2\/users\/1"}],"replies":[{"embeddable":true,"href":"https:\/\/rafalk-elblag.pl\/index.php?rest_route=%2Fwp%2Fv2%2Fcomments&post=2926"}],"version-history":[{"count":1,"href":"https:\/\/rafalk-elblag.pl\/index.php?rest_route=\/wp\/v2\/posts\/2926\/revisions"}],"predecessor-version":[{"id":2927,"href":"https:\/\/rafalk-elblag.pl\/index.php?rest_route=\/wp\/v2\/posts\/2926\/revisions\/2927"}],"wp:featuredmedia":[{"embeddable":true,"href":"https:\/\/rafalk-elblag.pl\/index.php?rest_route=\/wp\/v2\/media\/2530"}],"wp:attachment":[{"href":"https:\/\/rafalk-elblag.pl\/index.php?rest_route=%2Fwp%2Fv2%2Fmedia&parent=2926"}],"wp:term":[{"taxonomy":"category","embeddable":true,"href":"https:\/\/rafalk-elblag.pl\/index.php?rest_route=%2Fwp%2Fv2%2Fcategories&post=2926"},{"taxonomy":"post_tag","embeddable":true,"href":"https:\/\/rafalk-elblag.pl\/index.php?rest_route=%2Fwp%2Fv2%2Ftags&post=2926"}],"curies":[{"name":"wp","href":"https:\/\/api.w.org\/{rel}","templated":true}]}}