{"id":2924,"date":"2017-08-17T11:59:55","date_gmt":"2017-08-17T11:59:55","guid":{"rendered":"http:\/\/rafalk-elblag.pl\/?p=2924"},"modified":"2017-08-17T11:59:55","modified_gmt":"2017-08-17T11:59:55","slug":"ogloszenia-parafialne-23-07-2017-r-xvi-niedziela-zwykla","status":"publish","type":"post","link":"https:\/\/rafalk-elblag.pl\/?p=2924","title":{"rendered":"OG\u0141OSZENIA PARAFIALNE 23.07.2017 R. XVI NIEDZIELA ZWYK\u0141A"},"content":{"rendered":"<p><a href=\"http:\/\/rafalk-elblag.pl\/wp-content\/uploads\/2016\/12\/pulpit.jpg\"><img loading=\"lazy\" decoding=\"async\" class=\"alignnone size-large wp-image-2530\" src=\"http:\/\/rafalk-elblag.pl\/wp-content\/uploads\/2016\/12\/pulpit-1024x682.jpg\" alt=\"\" width=\"900\" height=\"599\" srcset=\"https:\/\/rafalk-elblag.pl\/wp-content\/uploads\/2016\/12\/pulpit-1024x682.jpg 1024w, https:\/\/rafalk-elblag.pl\/wp-content\/uploads\/2016\/12\/pulpit-300x200.jpg 300w, https:\/\/rafalk-elblag.pl\/wp-content\/uploads\/2016\/12\/pulpit-768x512.jpg 768w, https:\/\/rafalk-elblag.pl\/wp-content\/uploads\/2016\/12\/pulpit.jpg 1698w\" sizes=\"auto, (max-width: 900px) 100vw, 900px\" \/><\/a><\/p>\n<p>&nbsp;<\/p>\n<p>1. Dzisiaj Niedziela Pielgrzymkowa. <strong>Grupa P\u00d3\u0141NOC ELBL\u0104G<\/strong> zaprasza wszystkich na <em>&nbsp;JUBILEUSZOW\u0104&nbsp; XXV Elbl\u0105sk\u0105 Pielgrzymk\u0119 Piesz\u0105 na Jasn\u0105 G\u00f3r\u0119.<\/em> Ks. Marcin zach\u0119ca, by wybra\u0107 si\u0119 na pielgrzymkowy szlak. Has\u0142o tegorocznej pielgrzymki brzmi: <strong>\u201eABY ON WZRASTA\u0141 WE MNIE\u2026\u201d.<\/strong><\/p>\n<p>&nbsp;<\/p>\n<p>2. Ofiary zbierane dzisiaj do puszek przed ko\u015bcio\u0142em przeznaczone s\u0105 na potrzeby organizacyjne grupy pielgrzymkowej P\u00d3\u0141NOC- ELBL\u0104G. <em>Dzi\u0119kujemy.<\/em><\/p>\n<p>&nbsp;<\/p>\n<p>3. Zach\u0119camy do wypisywania intencji i wrzucania ich do kartonika wy\u0142o\u017conego na stoliku, kt\u00f3re pielgrzymi ponios\u0105 wraz z modlitw\u0105 do Cz\u0119stochowy<\/p>\n<p><strong>&nbsp;<\/strong><\/p>\n<p><strong>4. UWAGA !!! W TYM TYGODNIU DWA WYDARZENIA MEDYCZNE: <\/strong><\/p>\n<ul>\n<li>W dniu 25 lipca br. (wtorek) od godz. 14.00 w przechodni lekarskiej <strong>\u201eDU\u017bY MEDYK\u201d<\/strong> przy ul. Myliusa 20 w Elbl\u0105gu odb\u0119d\u0105 si\u0119 <strong>badania USG DOPPLER<\/strong> przep\u0142yw\u00f3w szyjnych i ko\u0144czyn dolnych, USG tarczycy, nerek p\u0142uc staw\u00f3w, piersi oraz Echo Serca. Badania s\u0105 odp\u0142atne: cena jednego badania 55 z\u0142. <em>Wi\u0119cej informacji na plakacie<\/em><\/li>\n<li>Krakowskie Centrum Diagnostyki organizuje <strong>badania p\u0142uc, zakwaszenia i g\u0119sto\u015bci ko\u015bci pod katem wykrycia osteoporozy<\/strong>. Badania odb\u0119d\u0105 si\u0119 w Ambulansie Diagnostycznym we wtorek, 25 lipca 2017 roku od godz. 13.30 na parkingu przy Ko\u015bciele. <em>Szczeg\u00f3\u0142y na plakatach i ulotkach przy wyj\u015bciu z ko\u015bcio\u0142a.<\/em><\/li>\n<\/ul>\n<p>&nbsp;<\/p>\n<p>5. We wtorek 25 lipca przypada liturgiczne wspomnienie \u015bw. Krzysztofa \u2013 patrona kierowc\u00f3w. Po Mszy \u015aw. o godz. 18.00 &#8211; <strong>po\u015bwi\u0119cenie pojazd\u00f3w<\/strong> i wr\u0119czenie pami\u0105tkowego obrazka. <em>Ofiary zebrane przy tej okazji zostan\u0105 przekazane jak co roku na \u015brodki transportu dla misjonarzy w ramach <strong>akcji MIVA POLSKA.<\/strong><\/em><\/p>\n<p>&nbsp;<\/p>\n<p>6. We wtorek przypada r\u00f3wnie\u017c liturgiczne \u015bwi\u0119to \u015bw. Jakuba Aposto\u0142a \u2013 <strong>Odpust Parafialny w Tolkmicku.<\/strong> <u>Zapraszamy w tym dniu na Msz\u0119 \u015bw. odpustow\u0105 do parafii \u015bw. Jakuba Aposto\u0142a w Tolkmicku o godz. 12.00.<\/u><\/p>\n<p>&nbsp;<\/p>\n<p>7. Pami\u0119tajmy \u017ce \u015broda tj. 26 lipca br. to dzie\u0144 wdzi\u0119czno\u015bci rodzicom, dziadkom i emerytom z okazji \u015bwi\u0119tych Joachima i Anny dziadk\u00f3w Pana Jezusa.<\/p>\n<p><strong>&nbsp;<\/strong><\/p>\n<p><strong>8. Lipiec jest miesi\u0105cem po\u015bwi\u0119conym kontemplacji Naj\u015bwi\u0119tszej Krwi Chrystusa. <\/strong>Krew Chrystusa jest niezbitym dowodem mi\u0142o\u015bci Niebieskiego Ojca do ka\u017cdego cz\u0142owieka bez wyj\u0105tku. <em>Zach\u0119cam Wsp\u00f3lnot\u0119 Krwi Chrystusa do prowadzenia modlitw przed Msz\u0105 \u015bw. wieczorow\u0105 o godz. 17.30.<\/em><\/p>\n<p><strong>&nbsp;<\/strong><\/p>\n<p><strong>9. Ojcowie Franciszkanie z Kadyn organizuj\u0105 w dniach od 11 do 15 sierpnia 2017 roku pielgrzymk\u0119 autokarow\u0105.<\/strong> Na trasie takie miejsca jak:&nbsp; Sanktuarium Matki Bo\u017cej w Wambierzycach, Kotlina K\u0142odzka, Jaskinia Nied\u017awiedzia, B\u0142\u0119dne Ska\u0142ki, Strzeliniec, Z\u0142oty Stok i Panorama Rac\u0142awicka. Koszt ca\u0142ej pielgrzymki 480 z\u0142. Pozosta\u0142o 10 miejsc. Prosz\u0119 kontaktowa\u0107 si\u0119 z ks. Proboszczem Ojcem Ewarystem tel. 602&nbsp;248&nbsp;311<em>. Informacja wywieszona na tablicy og\u0142osze\u0144. <\/em><\/p>\n<p>&nbsp;<\/p>\n<p>10. M\u00f3dlmy si\u0119 za dzieci i m\u0142odzie\u017c i wszystkich wypoczywaj\u0105cych na wakacjach. Pro\u015bmy o Bo\u017ce b\u0142ogos\u0142awie\u0144stwo i&nbsp; bezpieczny wypoczynek.<\/p>\n<p>&nbsp;<\/p>\n<p>11. Zach\u0119camy do czytania prasy katolickiej: nowy numer \u201eGo\u015bcia Niedzielnego\u201d &#8211; 5 z\u0142.<\/p>\n<p>&nbsp;<\/p>\n<p><strong>12. Dzi\u0119kuj\u0119 Panu Bogu za pi\u0119kn\u0105 pogod\u0119, kt\u00f3ra umo\u017cliwi\u0142a nam radosne prze\u017cywanie ODPUSTU PARAFIALNEGO ku czci Matki Bo\u017cej Szkaplerznej \u2013 patronki naszego ko\u015bcio\u0142a. B\u00f3g zap\u0142a\u0107 za liczny udzia\u0142 i za pomoc w przygotowaniu powy\u017cszej uroczysto\u015bci. <\/strong><\/p>\n<p>&nbsp;<\/p>\n<p>13. Pan powo\u0142a\u0142 do wieczno\u015bci: \u015bp. Waleri\u0119 Kuci\u0144sk\u0105 lat 91 z ul. Lubelskiej; \u015bp. Zbigniewa Jasi\u0144skiego lat 64 z ul. Korczaka<\/p>\n<p>&nbsp;<\/p>\n<p>&nbsp;<\/p>\n","protected":false},"excerpt":{"rendered":"<p>&nbsp; 1. Dzisiaj Niedziela Pielgrzymkowa. Grupa P\u00d3\u0141NOC ELBL\u0104G zaprasza wszystkich na &nbsp;JUBILEUSZOW\u0104&nbsp; XXV Elbl\u0105sk\u0105 Pielgrzymk\u0119 Piesz\u0105 na Jasn\u0105 G\u00f3r\u0119. Ks. Marcin zach\u0119ca, by wybra\u0107 si\u0119 na pielgrzymkowy szlak. Has\u0142o tegorocznej pielgrzymki brzmi: \u201eABY ON WZRASTA\u0141 WE MNIE\u2026\u201d. &nbsp; 2. Ofiary zbierane dzisiaj do puszek przed ko\u015bcio\u0142em przeznaczone s\u0105 na potrzeby organizacyjne grupy pielgrzymkowej P\u00d3\u0141NOC- ELBL\u0104G. [&hellip;]<\/p>\n","protected":false},"author":1,"featured_media":2530,"comment_status":"closed","ping_status":"closed","sticky":false,"template":"","format":"standard","meta":{"ngg_post_thumbnail":0,"footnotes":""},"categories":[3],"tags":[],"class_list":["post-2924","post","type-post","status-publish","format-standard","has-post-thumbnail","hentry","category-ogloszenia"],"_links":{"self":[{"href":"https:\/\/rafalk-elblag.pl\/index.php?rest_route=\/wp\/v2\/posts\/2924","targetHints":{"allow":["GET"]}}],"collection":[{"href":"https:\/\/rafalk-elblag.pl\/index.php?rest_route=\/wp\/v2\/posts"}],"about":[{"href":"https:\/\/rafalk-elblag.pl\/index.php?rest_route=\/wp\/v2\/types\/post"}],"author":[{"embeddable":true,"href":"https:\/\/rafalk-elblag.pl\/index.php?rest_route=\/wp\/v2\/users\/1"}],"replies":[{"embeddable":true,"href":"https:\/\/rafalk-elblag.pl\/index.php?rest_route=%2Fwp%2Fv2%2Fcomments&post=2924"}],"version-history":[{"count":1,"href":"https:\/\/rafalk-elblag.pl\/index.php?rest_route=\/wp\/v2\/posts\/2924\/revisions"}],"predecessor-version":[{"id":2925,"href":"https:\/\/rafalk-elblag.pl\/index.php?rest_route=\/wp\/v2\/posts\/2924\/revisions\/2925"}],"wp:featuredmedia":[{"embeddable":true,"href":"https:\/\/rafalk-elblag.pl\/index.php?rest_route=\/wp\/v2\/media\/2530"}],"wp:attachment":[{"href":"https:\/\/rafalk-elblag.pl\/index.php?rest_route=%2Fwp%2Fv2%2Fmedia&parent=2924"}],"wp:term":[{"taxonomy":"category","embeddable":true,"href":"https:\/\/rafalk-elblag.pl\/index.php?rest_route=%2Fwp%2Fv2%2Fcategories&post=2924"},{"taxonomy":"post_tag","embeddable":true,"href":"https:\/\/rafalk-elblag.pl\/index.php?rest_route=%2Fwp%2Fv2%2Ftags&post=2924"}],"curies":[{"name":"wp","href":"https:\/\/api.w.org\/{rel}","templated":true}]}}