{"id":2921,"date":"2017-08-17T11:55:32","date_gmt":"2017-08-17T11:55:32","guid":{"rendered":"http:\/\/rafalk-elblag.pl\/?p=2921"},"modified":"2017-08-17T11:55:41","modified_gmt":"2017-08-17T11:55:41","slug":"intencje-mszalne-na-xvii-tydzien-okresu-zwyklego-7-13-08-2017-r","status":"publish","type":"post","link":"https:\/\/rafalk-elblag.pl\/?p=2921","title":{"rendered":"INTENCJE MSZALNE NA XVIII TYDZIE\u0143 OKRESU ZWYK\u0141EGO (7-13.08.2017 R.)"},"content":{"rendered":"<p><a href=\"http:\/\/rafalk-elblag.pl\/wp-content\/uploads\/2016\/12\/shutterstock_49643152-1000.jpg\"><img loading=\"lazy\" decoding=\"async\" class=\"alignnone size-full wp-image-2526\" src=\"http:\/\/rafalk-elblag.pl\/wp-content\/uploads\/2016\/12\/shutterstock_49643152-1000.jpg\" alt=\"\" width=\"1000\" height=\"665\" srcset=\"https:\/\/rafalk-elblag.pl\/wp-content\/uploads\/2016\/12\/shutterstock_49643152-1000.jpg 1000w, https:\/\/rafalk-elblag.pl\/wp-content\/uploads\/2016\/12\/shutterstock_49643152-1000-300x200.jpg 300w, https:\/\/rafalk-elblag.pl\/wp-content\/uploads\/2016\/12\/shutterstock_49643152-1000-768x511.jpg 768w\" sizes=\"auto, (max-width: 1000px) 100vw, 1000px\" \/><\/a><\/p>\n<p>&nbsp;<\/p>\n<table width=\"726\">\n<tbody>\n<tr>\n<td colspan=\"2\" width=\"584\"><strong>7 sierpnia&nbsp;&nbsp; PONIEDZIA\u0141EK&nbsp; &nbsp;<\/strong><\/td>\n<td width=\"143\"><strong><em>Mt 14, 22 \u2013 36<\/em><\/strong><\/td>\n<\/tr>\n<tr>\n<td width=\"87\">8.00<\/td>\n<td colspan=\"2\" width=\"639\">O Bo\u017ce b\u0142ogos\u0142., zdrowie i opiek\u0119 Matki Bo\u017cej dla Stasia w 4 rocz. urodzin oraz o potrzebne \u0142aski dla ca\u0142ej rodziny<\/td>\n<\/tr>\n<tr>\n<td width=\"87\">18.00<\/td>\n<td colspan=\"2\" width=\"639\">\u015ap. Julia w 2 rocz. \u015bmierci, \u015bp. Maria, j\u00f3zef(m), Zbigniew, Tadeusza i Robert<\/td>\n<\/tr>\n<\/tbody>\n<\/table>\n<p>&nbsp;<\/p>\n<table width=\"726\">\n<tbody>\n<tr>\n<td colspan=\"2\" width=\"584\"><strong>8 sierpnia&nbsp; <\/strong><strong>WTOREK<\/strong>&nbsp;&nbsp;&nbsp;&nbsp;&nbsp;&nbsp;&nbsp; <strong>wsp. \u015bw. Dominika, kap\u0142ana<\/strong>&nbsp;&nbsp;&nbsp;&nbsp;&nbsp;&nbsp;&nbsp;&nbsp;&nbsp;&nbsp;&nbsp;&nbsp;&nbsp;&nbsp;&nbsp;&nbsp;<\/td>\n<td width=\"143\"><strong><em>Mt 1, 1 &#8211; 14<\/em><\/strong><\/td>\n<\/tr>\n<tr>\n<td width=\"87\">8.00<\/td>\n<td colspan=\"2\" width=\"639\">Dzi\u0119kczynna w 47 rocz. \u015blubu i wynagradzaj\u0105ca za grzechy Marii i Romana oraz ich dzieci<\/td>\n<\/tr>\n<tr>\n<td width=\"87\">18.00<\/td>\n<td colspan=\"2\" width=\"639\">\u015ap. Romualda(k), Jolanta, Bronis\u0142awa(k), Napoleon z rodziny Karman<\/td>\n<\/tr>\n<\/tbody>\n<\/table>\n<p>&nbsp;<\/p>\n<table width=\"726\">\n<tbody>\n<tr>\n<td colspan=\"2\" width=\"584\"><strong>9 sierpnia&nbsp; \u015aRODA &nbsp;<span style=\"color: #ff0000;\">\u015bwi\u0119to \u015bw. Teresy Benedykty od Krzy\u017ca, dziewicy m\u0119czennicy PATRONKI EUROPY<\/span><\/strong><\/td>\n<td width=\"143\"><strong><em>Mt 25, 1 &#8211; 13<\/em><\/strong><\/td>\n<\/tr>\n<tr>\n<td width=\"87\">8.00<\/td>\n<td colspan=\"2\" width=\"639\">\u015ap. Jan Witkowski w 2 rocz. \u015bmierci oraz za zmar\u0142ych z rodziny<\/td>\n<\/tr>\n<tr>\n<td width=\"87\">18.00<\/td>\n<td colspan=\"2\" width=\"639\">W intencji czcicieli Matki Bo\u017cej Nieustaj\u0105cej Pomocy<\/td>\n<\/tr>\n<\/tbody>\n<\/table>\n<p>&nbsp;<\/p>\n<table width=\"726\">\n<tbody>\n<tr>\n<td colspan=\"2\" width=\"584\"><strong>10 sierpnia CZWARTEK <span style=\"color: #ff0000;\">\u015bwi\u0119to \u015bw. Wawrzy\u0144ca, diakona <\/span><\/strong><\/td>\n<td width=\"143\"><strong><em>J 12, 24 &#8211; 26<\/em><\/strong><\/td>\n<\/tr>\n<tr>\n<td width=\"87\">8.00<\/td>\n<td colspan=\"2\" width=\"639\">Za zmarlych z rodziny Falenta, Walendowskich, Bachorskich i Niecieckich<\/td>\n<\/tr>\n<tr>\n<td width=\"87\">18.00<\/td>\n<td colspan=\"2\" width=\"639\">\u015ap. Teresa Kotkowska w 5 rocz. \u015bmierci<\/td>\n<\/tr>\n<\/tbody>\n<\/table>\n<p>&nbsp;<\/p>\n<table width=\"726\">\n<tbody>\n<tr>\n<td colspan=\"2\" width=\"584\"><strong>11 sierpnia PI\u0104TEK &nbsp;&nbsp;wsp. \u015bw. Klary, dziewicy<\/strong><\/td>\n<td width=\"143\"><strong><em>Mt 16, 24 &#8211; 28<\/em><\/strong><\/td>\n<\/tr>\n<tr>\n<td width=\"87\">8.00<\/td>\n<td colspan=\"2\" width=\"639\">INTENCJA WOLNA<\/td>\n<\/tr>\n<tr>\n<td width=\"87\">18.00<\/td>\n<td colspan=\"2\" width=\"639\">\u015ap. Marzena Budka w 1 rocz. \u015bmierci<\/td>\n<\/tr>\n<\/tbody>\n<\/table>\n<p>&nbsp;<\/p>\n<table width=\"726\">\n<tbody>\n<tr>\n<td colspan=\"2\" width=\"584\"><strong>12 sierpnia SOBOTA &nbsp; &nbsp; &nbsp;&nbsp;<\/strong><\/td>\n<td width=\"143\"><strong><em>Mt 17, 14 &#8211; 20<\/em><\/strong><\/td>\n<\/tr>\n<tr>\n<td width=\"87\">8.00<\/td>\n<td colspan=\"2\" width=\"639\">INTENCJA WOLNA<\/td>\n<\/tr>\n<tr>\n<td width=\"87\">18.00<\/td>\n<td colspan=\"2\" width=\"639\">\u015ap. Maria i Julian Okonowicz i zmar\u0142ych z rodziny, \u015bp. Genowefa i Antoni Kopczy\u0144scy i zmarli z rodziny oraz za zmar\u0142ych z rodziny Cabaj i Gross<\/td>\n<\/tr>\n<\/tbody>\n<\/table>\n<p>&nbsp;<\/p>\n<table width=\"726\">\n<tbody>\n<tr>\n<td colspan=\"2\" width=\"584\"><span style=\"color: #008000;\"><strong>13 sierpnia&nbsp;&nbsp; XIX NIEDZIELA ZWYK\u0141A<\/strong><\/span><\/td>\n<td width=\"143\"><strong><em>Mt 14, 22 &#8211; 33<\/em><\/strong><\/td>\n<\/tr>\n<tr>\n<td width=\"87\">7.00<\/td>\n<td colspan=\"2\" width=\"639\">INTENCJA WOLNA<\/td>\n<\/tr>\n<tr>\n<td width=\"87\">9.00<\/td>\n<td colspan=\"2\" width=\"639\">O m\u0105dro\u015b\u0107 i si\u0142\u0119 we wprowadzaniu wszystkich \u0142ask dla Nikodema i jego rodziny, Agnieszki i ca\u0142ej rodziny zakonnej oraz dla Magdy i jej przyjaci\u00f3\u0142<\/td>\n<\/tr>\n<tr>\n<td width=\"87\">10.30<\/td>\n<td colspan=\"2\" width=\"639\">\u015ap. Kazimierz Tomczak w 2 rocz. \u015bmierci<\/td>\n<\/tr>\n<tr>\n<td width=\"87\"><strong>12.00<\/strong><\/td>\n<td colspan=\"2\" width=\"639\"><strong>Za parafian<\/strong><\/td>\n<\/tr>\n<tr>\n<td width=\"87\">15.00<\/td>\n<td colspan=\"2\" width=\"639\">Koronka do Bo\u017cego Mi\u0142osierdzia<\/td>\n<\/tr>\n<tr>\n<td width=\"87\">18.00<\/td>\n<td colspan=\"2\" width=\"639\">Za zmar\u0142ych z rodzin Niewi\u0144skich Kapiesiuk, Adamowicz i Jarmoc<\/td>\n<\/tr>\n<\/tbody>\n<\/table>\n<p>&nbsp;<\/p>\n<p>&nbsp;<\/p>\n","protected":false},"excerpt":{"rendered":"<p>&nbsp; 7 sierpnia&nbsp;&nbsp; PONIEDZIA\u0141EK&nbsp; &nbsp; Mt 14, 22 \u2013 36 8.00 O Bo\u017ce b\u0142ogos\u0142., zdrowie i opiek\u0119 Matki Bo\u017cej dla Stasia w 4 rocz. urodzin oraz o potrzebne \u0142aski dla ca\u0142ej rodziny 18.00 \u015ap. Julia w 2 rocz. \u015bmierci, \u015bp. Maria, j\u00f3zef(m), Zbigniew, Tadeusza i Robert &nbsp; 8 sierpnia&nbsp; WTOREK&nbsp;&nbsp;&nbsp;&nbsp;&nbsp;&nbsp;&nbsp; wsp. \u015bw. Dominika, kap\u0142ana&nbsp;&nbsp;&nbsp;&nbsp;&nbsp;&nbsp;&nbsp;&nbsp;&nbsp;&nbsp;&nbsp;&nbsp;&nbsp;&nbsp;&nbsp;&nbsp; Mt [&hellip;]<\/p>\n","protected":false},"author":1,"featured_media":2526,"comment_status":"closed","ping_status":"closed","sticky":false,"template":"","format":"standard","meta":{"ngg_post_thumbnail":0,"footnotes":""},"categories":[4],"tags":[],"class_list":["post-2921","post","type-post","status-publish","format-standard","has-post-thumbnail","hentry","category-intencje"],"_links":{"self":[{"href":"https:\/\/rafalk-elblag.pl\/index.php?rest_route=\/wp\/v2\/posts\/2921","targetHints":{"allow":["GET"]}}],"collection":[{"href":"https:\/\/rafalk-elblag.pl\/index.php?rest_route=\/wp\/v2\/posts"}],"about":[{"href":"https:\/\/rafalk-elblag.pl\/index.php?rest_route=\/wp\/v2\/types\/post"}],"author":[{"embeddable":true,"href":"https:\/\/rafalk-elblag.pl\/index.php?rest_route=\/wp\/v2\/users\/1"}],"replies":[{"embeddable":true,"href":"https:\/\/rafalk-elblag.pl\/index.php?rest_route=%2Fwp%2Fv2%2Fcomments&post=2921"}],"version-history":[{"count":2,"href":"https:\/\/rafalk-elblag.pl\/index.php?rest_route=\/wp\/v2\/posts\/2921\/revisions"}],"predecessor-version":[{"id":2923,"href":"https:\/\/rafalk-elblag.pl\/index.php?rest_route=\/wp\/v2\/posts\/2921\/revisions\/2923"}],"wp:featuredmedia":[{"embeddable":true,"href":"https:\/\/rafalk-elblag.pl\/index.php?rest_route=\/wp\/v2\/media\/2526"}],"wp:attachment":[{"href":"https:\/\/rafalk-elblag.pl\/index.php?rest_route=%2Fwp%2Fv2%2Fmedia&parent=2921"}],"wp:term":[{"taxonomy":"category","embeddable":true,"href":"https:\/\/rafalk-elblag.pl\/index.php?rest_route=%2Fwp%2Fv2%2Fcategories&post=2921"},{"taxonomy":"post_tag","embeddable":true,"href":"https:\/\/rafalk-elblag.pl\/index.php?rest_route=%2Fwp%2Fv2%2Ftags&post=2921"}],"curies":[{"name":"wp","href":"https:\/\/api.w.org\/{rel}","templated":true}]}}