{"id":2919,"date":"2017-08-17T11:50:34","date_gmt":"2017-08-17T11:50:34","guid":{"rendered":"http:\/\/rafalk-elblag.pl\/?p=2919"},"modified":"2017-08-17T11:50:34","modified_gmt":"2017-08-17T11:50:34","slug":"intencje-mszalne-na-xvii-tydzien-okresu-zwyklego-31-07-6-08-2017-r","status":"publish","type":"post","link":"https:\/\/rafalk-elblag.pl\/?p=2919","title":{"rendered":"INTENCJE MSZALNE NA XVII TYDZIE\u0143 OKRESU ZWYK\u0141EGO (31.07.-6.08.2017 R.)"},"content":{"rendered":"<p><a href=\"http:\/\/rafalk-elblag.pl\/wp-content\/uploads\/2016\/12\/shutterstock_49643152-1000.jpg\"><img loading=\"lazy\" decoding=\"async\" class=\"alignnone size-full wp-image-2526\" src=\"http:\/\/rafalk-elblag.pl\/wp-content\/uploads\/2016\/12\/shutterstock_49643152-1000.jpg\" alt=\"\" width=\"1000\" height=\"665\" srcset=\"https:\/\/rafalk-elblag.pl\/wp-content\/uploads\/2016\/12\/shutterstock_49643152-1000.jpg 1000w, https:\/\/rafalk-elblag.pl\/wp-content\/uploads\/2016\/12\/shutterstock_49643152-1000-300x200.jpg 300w, https:\/\/rafalk-elblag.pl\/wp-content\/uploads\/2016\/12\/shutterstock_49643152-1000-768x511.jpg 768w\" sizes=\"auto, (max-width: 1000px) 100vw, 1000px\" \/><\/a><\/p>\n<p>&nbsp;<\/p>\n<table width=\"726\">\n<tbody>\n<tr>\n<td colspan=\"2\" width=\"584\"><strong>31 lipca&nbsp;&nbsp; PONIEDZIA\u0141EK&nbsp;&nbsp; wsp. \u015bw. Ignacego z Loyoli, kap\u0142ana&nbsp;&nbsp;&nbsp; <\/strong><\/td>\n<td width=\"143\"><strong><em>Mt 13 , 31- 35<\/em><\/strong><\/td>\n<\/tr>\n<tr>\n<td width=\"87\">8.00<\/td>\n<td colspan=\"2\" width=\"639\">\u015ap. Krystyna Klementowska, \u015bp. Janusz Rychter, \u015bp. Stefania(k) Myszk<\/td>\n<\/tr>\n<tr>\n<td width=\"87\">18.00<\/td>\n<td colspan=\"2\" width=\"639\">Dzi\u0119kczynna w 35 rocz. \u015blubu El\u017cbiety i Jana z pro\u015bb\u0105 o Bo\u017ce b\u0142ogos\u0142., potrzebne \u0142aski i opiek\u0119 Matki Bo\u017cej<\/td>\n<\/tr>\n<\/tbody>\n<\/table>\n<p>&nbsp;<\/p>\n<table width=\"726\">\n<tbody>\n<tr>\n<td colspan=\"2\" width=\"584\"><strong>1 sierpnia&nbsp; <\/strong><strong>WTOREK<\/strong>&nbsp; <strong>wsp. \u015bw. Alfonsa Marii Liguoriego, biskupa<\/strong>&nbsp;&nbsp;&nbsp;&nbsp;&nbsp;&nbsp;&nbsp;&nbsp;&nbsp;&nbsp;&nbsp;&nbsp;&nbsp;&nbsp;&nbsp;&nbsp;&nbsp;&nbsp;&nbsp;&nbsp;&nbsp;&nbsp;<\/td>\n<td width=\"143\"><strong><em>Mt 13, 36 &#8211; 43<\/em><\/strong><\/td>\n<\/tr>\n<tr>\n<td width=\"87\">8.00<\/td>\n<td colspan=\"2\" width=\"639\">\u015ap. W\u0142adys\u0142aw Lauda\u0144ski w 14 rocz. \u015bmierci oraz zmarli rodzice z obojga stron<\/td>\n<\/tr>\n<tr>\n<td width=\"87\">18.00<\/td>\n<td colspan=\"2\" width=\"639\">Dzi\u0119kczynna w 30 rocz. \u015blubu Ewy i Tadeusza Szwarc z pro\u015bb\u0105 o Bo\u017ce b\u0142ogos\u0142. i potrzebne \u0142aski dla Jubilat\u00f3w<\/td>\n<\/tr>\n<\/tbody>\n<\/table>\n<p>&nbsp;<\/p>\n<table width=\"726\">\n<tbody>\n<tr>\n<td colspan=\"2\" width=\"584\"><strong>2 sierpnia&nbsp; \u015aRODA&nbsp; <\/strong><\/td>\n<td width=\"143\"><strong><em>Mt 13, 44 &#8211; 46<\/em><\/strong><\/td>\n<\/tr>\n<tr>\n<td width=\"87\">8.00<\/td>\n<td colspan=\"2\" width=\"639\">\u015ap. Wiktoria Janicka w 30 dzie\u0144 po \u015bmierci<\/td>\n<\/tr>\n<tr>\n<td width=\"87\">18.00<\/td>\n<td colspan=\"2\" width=\"639\">Za zmar\u0142ych rodziny: Zajec, Cholipskich, Serafin i Filaszkiewicz<\/td>\n<\/tr>\n<\/tbody>\n<\/table>\n<p>&nbsp;<\/p>\n<table width=\"726\">\n<tbody>\n<tr>\n<td colspan=\"2\" width=\"584\"><strong>3 sierpnia <span style=\"color: #ff9900;\">&nbsp; I CZWARTEK MIESI\u0104CA<\/span><\/strong><\/td>\n<td width=\"143\"><strong><em>Mt 13, 47 &#8211; 53<\/em><\/strong><\/td>\n<\/tr>\n<tr>\n<td width=\"87\">8.00<\/td>\n<td colspan=\"2\" width=\"639\">\u015ap. Boles\u0142aw Walko w 12 rocz. \u015bmierci, \u015bp. Janina, W\u0142odzimierz i Jerzy Zaleszczenko<\/td>\n<\/tr>\n<tr>\n<td width=\"87\">18.00<\/td>\n<td colspan=\"2\" width=\"639\">O nowe powo\u0142ania do W.S.D. w Elbl\u0105gu<\/td>\n<\/tr>\n<tr>\n<td width=\"87\"><strong>18.45<\/strong><\/td>\n<td colspan=\"2\" width=\"639\"><strong>GODZINA \u015aWI\u0118TA \u2013 Adoracja Naj\u015bwi\u0119tszego Sakramentu<\/strong><\/td>\n<\/tr>\n<\/tbody>\n<\/table>\n<p>&nbsp;<\/p>\n<table width=\"726\">\n<tbody>\n<tr>\n<td colspan=\"2\" width=\"584\"><strong>4 sierpnia &nbsp; &nbsp;<span style=\"color: #ff0000;\">I PI\u0104TEK MIESI\u0104CA &nbsp; &nbsp;<\/span> &nbsp; &nbsp; &nbsp; &nbsp; &nbsp; &nbsp; &nbsp; &nbsp; &nbsp; &nbsp; &nbsp; &nbsp; &nbsp; &nbsp; &nbsp; &nbsp; &nbsp; &nbsp; &nbsp; &nbsp; &nbsp; &nbsp; &nbsp; &nbsp; &nbsp; &nbsp; &nbsp; <\/strong><strong>wsp. \u015bw. Jana Marii Vianneya, kap\u0142ana<\/strong><\/td>\n<td width=\"143\"><strong><em>Mt 13, 54 &#8211; 58<\/em><\/strong><\/td>\n<\/tr>\n<tr>\n<td width=\"87\">8.00<\/td>\n<td colspan=\"2\" width=\"639\">W intencji ks. Proboszcza Wojciecha Zwolickiego o Bo\u017ce b\u0142ogos\u0142., opiek\u0119 Matki Bo\u017cej Szkaplerznej, wstawiennictwo \u015bw. Jana Marii Vianneya oraz o dary Ducha \u015awi\u0119tego do dalszego kierowania parafi\u0105<\/td>\n<\/tr>\n<tr>\n<td width=\"87\">18.00<\/td>\n<td colspan=\"2\" width=\"639\">\u015ap. Irena Gaza<\/td>\n<\/tr>\n<\/tbody>\n<\/table>\n<p>&nbsp;<\/p>\n<table width=\"726\">\n<tbody>\n<tr>\n<td colspan=\"2\" width=\"584\"><strong>5 sierpnia &nbsp; &nbsp; &nbsp;<span style=\"color: #3366ff;\"> I SOBOTA MIESI\u0104CA &nbsp;<\/span> &nbsp; &nbsp; &nbsp; &nbsp; &nbsp; &nbsp; &nbsp; &nbsp; &nbsp; &nbsp; &nbsp; &nbsp; &nbsp; &nbsp;&nbsp;<\/strong><\/td>\n<td width=\"143\"><strong><em>Mt 14, 1 -12<\/em><\/strong><\/td>\n<\/tr>\n<tr>\n<td width=\"87\">8.00<\/td>\n<td colspan=\"2\" width=\"639\">\u015ap. Wiktoria, Teofil, Edward, Henryk i Irena<\/td>\n<\/tr>\n<tr>\n<td width=\"87\">18.00<\/td>\n<td colspan=\"2\" width=\"639\">Intencja wynagradzaj\u0105ca od R\u00f3\u017cy \u015bw. Rodziny<\/td>\n<\/tr>\n<\/tbody>\n<\/table>\n<p>&nbsp;<\/p>\n<table width=\"726\">\n<tbody>\n<tr>\n<td colspan=\"2\" width=\"584\"><strong>6 sierpnia&nbsp;&nbsp;<span style=\"color: #ff0000;\"> \u015aWI\u0118TO PRZEMIENIENIA PA\u0143SKIEGO<\/span><\/strong><\/td>\n<td width=\"143\"><strong><em>Mt 17, 1 -9<\/em><\/strong><\/td>\n<\/tr>\n<tr>\n<td width=\"87\">7.00<\/td>\n<td colspan=\"2\" width=\"639\">\u015ap. Zofia, Katarzyna, J\u00f3zef(m) Kozaczuk, \u015bp. Jan, Jadwiga, Ryszard Wysoccy, \u015bp. Franciszek Domalewski<\/td>\n<\/tr>\n<tr>\n<td width=\"87\">9.00<\/td>\n<td colspan=\"2\" width=\"639\">\u015ap. Wanda, Feliks, Jerzy Kwiatkowscy<\/td>\n<\/tr>\n<tr>\n<td width=\"87\">10.30<\/td>\n<td colspan=\"2\" width=\"639\">\u015ap. Maria Boguszewska w 3 rocz. \u015bmierci<\/td>\n<\/tr>\n<tr>\n<td width=\"87\"><strong>12.00<\/strong><\/td>\n<td colspan=\"2\" width=\"639\"><strong>Za parafian<\/strong><\/td>\n<\/tr>\n<tr>\n<td width=\"87\">15.00<\/td>\n<td colspan=\"2\" width=\"639\">Koronka do Bo\u017cego Mi\u0142osierdzia i Adoracja Naj\u015bwietszego Sakramentu<\/td>\n<\/tr>\n<tr>\n<td width=\"87\">18.00<\/td>\n<td colspan=\"2\" width=\"639\">\u015ap. Irena Wi\u015bniewska w 2 rocz. \u015bmierci<\/td>\n<\/tr>\n<\/tbody>\n<\/table>\n<p>&nbsp;<\/p>\n<p>&nbsp;<\/p>\n","protected":false},"excerpt":{"rendered":"<p>&nbsp; 31 lipca&nbsp;&nbsp; PONIEDZIA\u0141EK&nbsp;&nbsp; wsp. \u015bw. Ignacego z Loyoli, kap\u0142ana&nbsp;&nbsp;&nbsp; Mt 13 , 31- 35 8.00 \u015ap. Krystyna Klementowska, \u015bp. Janusz Rychter, \u015bp. Stefania(k) Myszk 18.00 Dzi\u0119kczynna w 35 rocz. \u015blubu El\u017cbiety i Jana z pro\u015bb\u0105 o Bo\u017ce b\u0142ogos\u0142., potrzebne \u0142aski i opiek\u0119 Matki Bo\u017cej &nbsp; 1 sierpnia&nbsp; WTOREK&nbsp; wsp. \u015bw. Alfonsa Marii Liguoriego, biskupa&nbsp;&nbsp;&nbsp;&nbsp;&nbsp;&nbsp;&nbsp;&nbsp;&nbsp;&nbsp;&nbsp;&nbsp;&nbsp;&nbsp;&nbsp;&nbsp;&nbsp;&nbsp;&nbsp;&nbsp;&nbsp;&nbsp; [&hellip;]<\/p>\n","protected":false},"author":1,"featured_media":2526,"comment_status":"closed","ping_status":"closed","sticky":false,"template":"","format":"standard","meta":{"ngg_post_thumbnail":0,"footnotes":""},"categories":[4],"tags":[],"class_list":["post-2919","post","type-post","status-publish","format-standard","has-post-thumbnail","hentry","category-intencje"],"_links":{"self":[{"href":"https:\/\/rafalk-elblag.pl\/index.php?rest_route=\/wp\/v2\/posts\/2919","targetHints":{"allow":["GET"]}}],"collection":[{"href":"https:\/\/rafalk-elblag.pl\/index.php?rest_route=\/wp\/v2\/posts"}],"about":[{"href":"https:\/\/rafalk-elblag.pl\/index.php?rest_route=\/wp\/v2\/types\/post"}],"author":[{"embeddable":true,"href":"https:\/\/rafalk-elblag.pl\/index.php?rest_route=\/wp\/v2\/users\/1"}],"replies":[{"embeddable":true,"href":"https:\/\/rafalk-elblag.pl\/index.php?rest_route=%2Fwp%2Fv2%2Fcomments&post=2919"}],"version-history":[{"count":1,"href":"https:\/\/rafalk-elblag.pl\/index.php?rest_route=\/wp\/v2\/posts\/2919\/revisions"}],"predecessor-version":[{"id":2920,"href":"https:\/\/rafalk-elblag.pl\/index.php?rest_route=\/wp\/v2\/posts\/2919\/revisions\/2920"}],"wp:featuredmedia":[{"embeddable":true,"href":"https:\/\/rafalk-elblag.pl\/index.php?rest_route=\/wp\/v2\/media\/2526"}],"wp:attachment":[{"href":"https:\/\/rafalk-elblag.pl\/index.php?rest_route=%2Fwp%2Fv2%2Fmedia&parent=2919"}],"wp:term":[{"taxonomy":"category","embeddable":true,"href":"https:\/\/rafalk-elblag.pl\/index.php?rest_route=%2Fwp%2Fv2%2Fcategories&post=2919"},{"taxonomy":"post_tag","embeddable":true,"href":"https:\/\/rafalk-elblag.pl\/index.php?rest_route=%2Fwp%2Fv2%2Ftags&post=2919"}],"curies":[{"name":"wp","href":"https:\/\/api.w.org\/{rel}","templated":true}]}}