{"id":2913,"date":"2017-07-15T19:50:50","date_gmt":"2017-07-15T19:50:50","guid":{"rendered":"http:\/\/rafalk-elblag.pl\/?p=2913"},"modified":"2017-07-15T19:50:50","modified_gmt":"2017-07-15T19:50:50","slug":"ogloszenia-parafialne-16-07-2017-r-xv-niedziela-zwykla","status":"publish","type":"post","link":"https:\/\/rafalk-elblag.pl\/?p=2913","title":{"rendered":"OG\u0141OSZENIA PARAFIALNE 16.07.2017 R. XV NIEDZIELA ZWYK\u0141A"},"content":{"rendered":"<p><a href=\"http:\/\/rafalk-elblag.pl\/wp-content\/uploads\/2016\/12\/pulpit.jpg\"><img loading=\"lazy\" decoding=\"async\" class=\"alignnone size-large wp-image-2530\" src=\"http:\/\/rafalk-elblag.pl\/wp-content\/uploads\/2016\/12\/pulpit-1024x682.jpg\" alt=\"\" width=\"900\" height=\"599\" srcset=\"https:\/\/rafalk-elblag.pl\/wp-content\/uploads\/2016\/12\/pulpit-1024x682.jpg 1024w, https:\/\/rafalk-elblag.pl\/wp-content\/uploads\/2016\/12\/pulpit-300x200.jpg 300w, https:\/\/rafalk-elblag.pl\/wp-content\/uploads\/2016\/12\/pulpit-768x512.jpg 768w, https:\/\/rafalk-elblag.pl\/wp-content\/uploads\/2016\/12\/pulpit.jpg 1698w\" sizes=\"auto, (max-width: 900px) 100vw, 900px\" \/><\/a><\/p>\n<p>&nbsp;<\/p>\n<p><strong>1. Dzisiaj w naszej parafii go\u015bcimy duet \u201eSANKTUS\u201d z Akademii Muzycznej im. Czajkowskiego z Moskwy, <\/strong>kt\u00f3ry po ka\u017cdej Mszy \u015bw. zaprasza na kr\u00f3tki koncert muzyki sakralnej. Ofiary z\u0142o\u017cone w tym dniu do puszek przeznaczone b\u0119d\u0105 dla chorego Miko\u0142aja. Dzi\u0119kuj\u0119.<\/p>\n<p><strong>&nbsp;<\/strong><\/p>\n<p><strong>2. Prze\u017cywamy dzisiaj Uroczysto\u015b\u0107 Naj\u015bwi\u0119tszej Maryi Panny z G\u00f3ry Karmel \u2013 ODPUST PARAFIALNY. W naszej wsp\u00f3lnocie witamy Ojca Karmelit\u0119 Mariusza P\u0142uciennika, kt\u00f3ry g\u0142osi S\u0142owo Bo\u017ce. <\/strong><em>Dzisiaj<\/em> <em>na ka\u017cdej Mszy \u015bw. mo\u017cemy przyj\u0105\u0107 SZKAPLERZ KARMELITA\u0143SKI. <\/em>Osoby, kt\u00f3re zadeklarowa\u0142y swoj\u0105 przynale\u017cno\u015b\u0107 do Bractwa Szkaplerznego na Mszy \u015bw. o godz. 18.00 otrzymaj\u0105 LEGITYMACJE BRACTWA. <em>Po Mszy \u015bw. o godz. 18.00 odb\u0119dzie si\u0119 <strong>AGAPA<\/strong> przy groch\u00f3wce i domowych wypiekach. Przewidziane s\u0105 te\u017c wsp\u00f3lne \u015bpiewy i zabawy. Nasze \u015bwi\u0119towanie zako\u0144czymy&nbsp; APELEM JASNOG\u00d3RSKIM o godz. 21.00. Zach\u0119cam, aby\u015bmy jak najliczniej zebrali w godzinie APELU przy naszej patronce. <strong>GODZINKI KU CZCI MATKI BO\u017bEJ SZKAPLERZNEJ za\u015bpiewamy dzisiaj &nbsp;o godz. 17.30 <\/strong><\/em><\/p>\n<p><em>&nbsp;<\/em><\/p>\n<p><strong>3. Grupa P\u00d3\u0141NOC ELBL\u0104G<\/strong> zaprasza wszystkich, by wybra\u0107 si\u0119 na <em>&nbsp;JUBILEUSZOW\u0104 XXV Elbl\u0105sk\u0105 Pielgrzymk\u0119 Piesz\u0105 na Jasn\u0105 G\u00f3r\u0119.<\/em> Kolejne spotkanie organizacyjne dzisiaj o godz. 16.00 w naszej parafii. Has\u0142o tegorocznej pielgrzymki brzmi: <strong>\u201eABY ON WZRASTA\u0141 WE MNIE\u2026\u201d. <\/strong><em>Wi\u0119cej informacji u ks. Marcina.<\/em><\/p>\n<p>&nbsp;<\/p>\n<p>4. W dniu 25 lipca br. (wtorek) od godz. 14.00 w przechodni lekarskiej <strong>\u201eDU\u017bY MEDYK\u201d<\/strong> przy ul. Myliusa 20 w Elbl\u0105gu odb\u0119d\u0105 si\u0119 <strong>badania USG DOPPLER<\/strong> przep\u0142yw\u00f3w szyjnych i ko\u0144czyn dolnych, USG tarczycy, nerek p\u0142uc staw\u00f3w, piersi oraz Echo Serca. Badania s\u0105 odp\u0142atne: cena jednego badania 55 z\u0142. Wi\u0119cej informacji na plakacie.<\/p>\n<p><strong>&nbsp;<\/strong><\/p>\n<p><strong>5. Lipiec jest miesi\u0105cem po\u015bwi\u0119conym kontemplacji Naj\u015bwi\u0119tszej Krwi Chrystusa. <\/strong>Krew Chrystusa jest niezbitym dowodem mi\u0142o\u015bci Niebieskiego Ojca do ka\u017cdego cz\u0142owieka bez wyj\u0105tku. <em>Zach\u0119cam Wsp\u00f3lnot\u0119 Krwi Chrystusa do prowadzenia modlitw przed Msz\u0105 \u015bw. wieczorow\u0105 o godz. 17.30.<\/em>&nbsp;<\/p>\n<p>&nbsp;<\/p>\n<p>6. M\u00f3dlmy si\u0119 za dzieci i m\u0142odzie\u017c i wszystkich wypoczywaj\u0105cych na wakacjach. Pro\u015bmy o Bo\u017ce b\u0142ogos\u0142awie\u0144stwo i&nbsp; bezpieczny wypoczynek.<\/p>\n<p><strong>&nbsp;<\/strong><\/p>\n<p><strong>7. Kancelaria parafialna, przez ca\u0142y okres wakacji, czynna b\u0119dzie od poniedzia\u0142ku do pi\u0105tku po Mszy \u015bwi\u0119tej wieczorowej. Spowied\u017a od 7.45 oraz od 17.30.<\/strong><\/p>\n<p>&nbsp;<\/p>\n<p>8. Zach\u0119camy do czytania prasy katolickiej: nowy numer \u201eGo\u015bcia Niedzielnego\u201d &#8211; 5 z\u0142. oraz nowy numer \u201eCUDA I \u0141ASKI BO\u017bE\u201d &#8211;&nbsp; 3,50 z\u0142.<\/p>\n<p><strong>&nbsp;<\/strong><\/p>\n<p><strong>9. Dzi\u0119kuj\u0119 tym parafianom<\/strong>, kt\u00f3rzy udzielili pomocy finansowej na zakup leku dla chorego pana Wojciecha \u017bukowskiego \u2013 pierwszego organisty naszej parafii. Zebrano 2755 z\u0142. B\u00f3g zap\u0142a\u0107 za ludzk\u0105 solidarno\u015b\u0107. Nadal prosz\u0119 o modlitw\u0119.<\/p>\n<p>&nbsp;<\/p>\n<p>&nbsp;<\/p>\n<p style=\"text-align: center;\"><span style=\"color: #008000;\"><strong>Numer Konta Parafialnego<\/strong><\/span><\/p>\n<p style=\"text-align: center;\"><span style=\"color: #008000;\"><strong>PKO BP 72 1020 1752 0000 0102 0069 6047<\/strong><\/span><\/p>\n<p style=\"text-align: center;\">&nbsp;<\/p>\n<p style=\"text-align: center;\">&nbsp;<\/p>\n","protected":false},"excerpt":{"rendered":"<p>&nbsp; 1. Dzisiaj w naszej parafii go\u015bcimy duet \u201eSANKTUS\u201d z Akademii Muzycznej im. Czajkowskiego z Moskwy, kt\u00f3ry po ka\u017cdej Mszy \u015bw. zaprasza na kr\u00f3tki koncert muzyki sakralnej. Ofiary z\u0142o\u017cone w tym dniu do puszek przeznaczone b\u0119d\u0105 dla chorego Miko\u0142aja. Dzi\u0119kuj\u0119. &nbsp; 2. Prze\u017cywamy dzisiaj Uroczysto\u015b\u0107 Naj\u015bwi\u0119tszej Maryi Panny z G\u00f3ry Karmel \u2013 ODPUST PARAFIALNY. W [&hellip;]<\/p>\n","protected":false},"author":1,"featured_media":2530,"comment_status":"closed","ping_status":"closed","sticky":false,"template":"","format":"standard","meta":{"ngg_post_thumbnail":0,"footnotes":""},"categories":[11,8,3],"tags":[],"class_list":["post-2913","post","type-post","status-publish","format-standard","has-post-thumbnail","hentry","category-aktualnosci","category-blog","category-ogloszenia"],"_links":{"self":[{"href":"https:\/\/rafalk-elblag.pl\/index.php?rest_route=\/wp\/v2\/posts\/2913","targetHints":{"allow":["GET"]}}],"collection":[{"href":"https:\/\/rafalk-elblag.pl\/index.php?rest_route=\/wp\/v2\/posts"}],"about":[{"href":"https:\/\/rafalk-elblag.pl\/index.php?rest_route=\/wp\/v2\/types\/post"}],"author":[{"embeddable":true,"href":"https:\/\/rafalk-elblag.pl\/index.php?rest_route=\/wp\/v2\/users\/1"}],"replies":[{"embeddable":true,"href":"https:\/\/rafalk-elblag.pl\/index.php?rest_route=%2Fwp%2Fv2%2Fcomments&post=2913"}],"version-history":[{"count":1,"href":"https:\/\/rafalk-elblag.pl\/index.php?rest_route=\/wp\/v2\/posts\/2913\/revisions"}],"predecessor-version":[{"id":2914,"href":"https:\/\/rafalk-elblag.pl\/index.php?rest_route=\/wp\/v2\/posts\/2913\/revisions\/2914"}],"wp:featuredmedia":[{"embeddable":true,"href":"https:\/\/rafalk-elblag.pl\/index.php?rest_route=\/wp\/v2\/media\/2530"}],"wp:attachment":[{"href":"https:\/\/rafalk-elblag.pl\/index.php?rest_route=%2Fwp%2Fv2%2Fmedia&parent=2913"}],"wp:term":[{"taxonomy":"category","embeddable":true,"href":"https:\/\/rafalk-elblag.pl\/index.php?rest_route=%2Fwp%2Fv2%2Fcategories&post=2913"},{"taxonomy":"post_tag","embeddable":true,"href":"https:\/\/rafalk-elblag.pl\/index.php?rest_route=%2Fwp%2Fv2%2Ftags&post=2913"}],"curies":[{"name":"wp","href":"https:\/\/api.w.org\/{rel}","templated":true}]}}