{"id":2910,"date":"2017-07-15T19:44:50","date_gmt":"2017-07-15T19:44:50","guid":{"rendered":"http:\/\/rafalk-elblag.pl\/?p=2910"},"modified":"2017-07-15T19:44:59","modified_gmt":"2017-07-15T19:44:59","slug":"intencje-mszalne-na-xiv-tydzien-okresu-zwyklego-17-23-07-2017-r","status":"publish","type":"post","link":"https:\/\/rafalk-elblag.pl\/?p=2910","title":{"rendered":"INTENCJE MSZALNE NA XV TYDZIE\u0143 OKRESU ZWYK\u0141EGO (17-23.07.2017 R.)"},"content":{"rendered":"<p><a href=\"http:\/\/rafalk-elblag.pl\/wp-content\/uploads\/2016\/12\/shutterstock_49643152-1000.jpg\"><img loading=\"lazy\" decoding=\"async\" class=\"alignnone size-full wp-image-2526\" src=\"http:\/\/rafalk-elblag.pl\/wp-content\/uploads\/2016\/12\/shutterstock_49643152-1000.jpg\" alt=\"\" width=\"1000\" height=\"665\" srcset=\"https:\/\/rafalk-elblag.pl\/wp-content\/uploads\/2016\/12\/shutterstock_49643152-1000.jpg 1000w, https:\/\/rafalk-elblag.pl\/wp-content\/uploads\/2016\/12\/shutterstock_49643152-1000-300x200.jpg 300w, https:\/\/rafalk-elblag.pl\/wp-content\/uploads\/2016\/12\/shutterstock_49643152-1000-768x511.jpg 768w\" sizes=\"auto, (max-width: 1000px) 100vw, 1000px\" \/><\/a><\/p>\n<p>&nbsp;<\/p>\n<table width=\"726\">\n<tbody>\n<tr>\n<td colspan=\"2\" width=\"565\"><strong>17 lipca&nbsp;&nbsp; PONIEDZIA\u0141EK&nbsp;&nbsp;&nbsp;&nbsp;&nbsp;&nbsp;&nbsp;&nbsp;&nbsp;&nbsp;&nbsp;&nbsp;&nbsp;&nbsp; <\/strong><\/td>\n<td width=\"161\"><strong><em>Mt 10, 34 \u2013 11,1<\/em><\/strong><\/td>\n<\/tr>\n<tr>\n<td width=\"87\">8.00<\/td>\n<td colspan=\"2\" width=\"639\">\u015ap. Krystyna Klementowska, \u015bp. Janusz Rychter, \u015bp. Stefania(k) Myszk<\/td>\n<\/tr>\n<tr>\n<td width=\"87\">18.00<\/td>\n<td colspan=\"2\" width=\"639\">\u015ap. J\u00f3zef(m) Gawerski<\/td>\n<\/tr>\n<\/tbody>\n<\/table>\n<p>&nbsp;<\/p>\n<table width=\"726\">\n<tbody>\n<tr>\n<td colspan=\"2\" width=\"565\"><strong>18 lipca&nbsp; <\/strong><strong>WTOREK<\/strong> &nbsp;<strong>wsp. b\u0142. Szymona z Lipnicy, kap\u0142ana<\/strong>&nbsp; &nbsp; &nbsp; &nbsp; &nbsp;<\/td>\n<td width=\"161\"><strong><em>Mt 11, 20 -24<\/em><\/strong><\/td>\n<\/tr>\n<tr>\n<td width=\"87\">8.00<\/td>\n<td colspan=\"2\" width=\"639\">O Bo\u017ce b\u0142ogos\u0142., potrzebne \u0142aski i opiek\u0119 Matki Bo\u017cej dla Renaty i Roberta Maculewicz w 8 rocz. \u015blubu<\/td>\n<\/tr>\n<tr>\n<td width=\"87\">18.00<\/td>\n<td colspan=\"2\" width=\"639\">\u015ap. Anna Nadolska, \u015bp. J\u00f3zef M\u0142ynarski, \u015bp. Marianna M\u0142ynarska, \u015bp. Zbigniew i S\u0142awomir M\u0142ynarscy<\/td>\n<\/tr>\n<\/tbody>\n<\/table>\n<p>&nbsp;<\/p>\n<table width=\"726\">\n<tbody>\n<tr>\n<td colspan=\"2\" width=\"565\"><strong>19 lipca&nbsp; \u015aRODA&nbsp; <\/strong><\/td>\n<td width=\"161\"><strong><em>Mt 11, 25 -27<\/em><\/strong><\/td>\n<\/tr>\n<tr>\n<td width=\"87\">8.00<\/td>\n<td colspan=\"2\" width=\"639\">\u015ap. Krystyna Klementowska, \u015bp. Janusz Rychter, \u015bp. Stefania(k) Myszk<\/td>\n<\/tr>\n<tr>\n<td width=\"87\">18.00<\/td>\n<td colspan=\"2\" width=\"639\">W intencji czcicieli Matki Bo\u017cej Nieustaj\u0105cej Pomocy<\/td>\n<\/tr>\n<\/tbody>\n<\/table>\n<p>&nbsp;<\/p>\n<table width=\"726\">\n<tbody>\n<tr>\n<td colspan=\"2\" width=\"565\"><strong>20 lipca&nbsp; CZWARTEK&nbsp; wsp. b\u0142. Czes\u0142awa &#8211; kap\u0142ana<\/strong><\/td>\n<td width=\"161\"><strong><em>Mt 11, 28 -30<\/em><\/strong><\/td>\n<\/tr>\n<tr>\n<td width=\"87\">8.00<\/td>\n<td colspan=\"2\" width=\"639\">\u015ap. Krystyna Klementowska, \u015bp. Janusz Rychter, \u015bp. Stefania(k) Myszk<\/td>\n<\/tr>\n<tr>\n<td width=\"87\">18.00<\/td>\n<td colspan=\"2\" width=\"639\">O zdrowie, Bo\u017ce b\u0142ogos\u0142. dla Jolanty, Piotra i ich rodzin<\/td>\n<\/tr>\n<\/tbody>\n<\/table>\n<p>&nbsp;<\/p>\n<table width=\"726\">\n<tbody>\n<tr>\n<td colspan=\"2\" width=\"565\"><strong>21 lipca&nbsp; PI\u0104TEK&nbsp;&nbsp;&nbsp;&nbsp;&nbsp; <\/strong><\/td>\n<td width=\"161\"><strong><em>Mt 12, 1 -8<\/em><\/strong><\/td>\n<\/tr>\n<tr>\n<td width=\"87\">8.00<\/td>\n<td colspan=\"2\" width=\"639\">\u015ap. Krystyna Klementowska, \u015bp. Janusz Rychter, \u015bp. Stefania(k) Myszk<\/td>\n<\/tr>\n<tr>\n<td width=\"87\">18.00<\/td>\n<td colspan=\"2\" width=\"639\">\u015ap. Regina Jasi\u0144ska w 5 rocz. \u015bmierci<\/td>\n<\/tr>\n<\/tbody>\n<\/table>\n<p>&nbsp;<\/p>\n<table width=\"726\">\n<tbody>\n<tr>\n<td colspan=\"2\" width=\"565\"><strong><span style=\"color: #ff0000;\">22 lipca&nbsp; SOBOTA&nbsp;&nbsp; \u015awi\u0119to \u015bw. Marii Magdaleny<\/span>&nbsp; &nbsp; &nbsp; &nbsp; &nbsp;<\/strong><\/td>\n<td width=\"161\"><strong><em>J 20, 11 -18<\/em><\/strong><\/td>\n<\/tr>\n<tr>\n<td width=\"87\">8.00<\/td>\n<td colspan=\"2\" width=\"639\">\u015ap. Pawe\u0142 Kowalczyk w 8 rocz. \u015bmierci<\/td>\n<\/tr>\n<tr>\n<td width=\"87\">16.00<\/td>\n<td colspan=\"2\" width=\"639\">\u015alub<\/td>\n<\/tr>\n<tr>\n<td width=\"87\">18.00<\/td>\n<td colspan=\"2\" width=\"639\">\u015ap. Jan Fiodorowicz w 6 rocz. \u015bmierci<\/td>\n<\/tr>\n<\/tbody>\n<\/table>\n<p>&nbsp;<\/p>\n<table width=\"726\">\n<tbody>\n<tr>\n<td colspan=\"2\" width=\"565\"><span style=\"color: #008000;\"><strong>23 lipca&nbsp;&nbsp; XVI NIEDZIELA ZWYK\u0141A <\/strong><\/span><\/td>\n<td width=\"161\"><strong><em>Mt 13, 24 -43<\/em><\/strong><\/td>\n<\/tr>\n<tr>\n<td width=\"87\">7.00<\/td>\n<td colspan=\"2\" width=\"639\">Dzi\u0119kczynna w 50 rocz. \u015blubu Stanis\u0142awy(k) i Feliksa Lustyk z pro\u015bb\u0105 o Bo\u017ce b\u0142ogos\u0142., potrzebne \u0142aski dla Z\u0141OTYCH JUBILAT\u00d3W<\/td>\n<\/tr>\n<tr>\n<td width=\"87\">9.00<\/td>\n<td colspan=\"2\" width=\"639\">\u015ap. Tadeusz Skowro\u0144ski &#8211; intencja od rodziny Walczy\u0144skich<\/td>\n<\/tr>\n<tr>\n<td width=\"87\">10.30<\/td>\n<td colspan=\"2\" width=\"639\">Dzi\u0119kczynna w 40 rocz. \u015blubu Krystyny i Marcina Kurosad z pro\u015bb\u0105 o Bo\u017ce b\u0142ogos\u0142. i opiek\u0119 Matki Bo\u017cej dla Rubinowych Jubilat\u00f3w oraz w 16 rocz. \u015blubu Sylwii i Tomasza Szczepanik&nbsp; o dalsze Bo\u017ce prowadzenie i potrzebne \u0142aski<\/td>\n<\/tr>\n<tr>\n<td width=\"87\"><strong>12.00<\/strong><\/td>\n<td colspan=\"2\" width=\"639\"><strong>Za parafian<\/strong><\/td>\n<\/tr>\n<tr>\n<td width=\"87\">15.00<\/td>\n<td colspan=\"2\" width=\"639\">Koronka do Bo\u017cego Mi\u0142osierdzia<\/td>\n<\/tr>\n<tr>\n<td width=\"87\">18.00<\/td>\n<td colspan=\"2\" width=\"639\">\u015ap. Ryszard, Henryk(m), J\u00f3zef(m), J\u00f3zefa(k) z rodziny Suleckich, \u015bp. Edmund Cirocki, \u015bp. W\u0142adys\u0142aw i Zdzis\u0142aw Kuzio\u0142a<\/td>\n<\/tr>\n<\/tbody>\n<\/table>\n<p>&nbsp;<\/p>\n<p>&nbsp;<\/p>\n","protected":false},"excerpt":{"rendered":"<p>&nbsp; 17 lipca&nbsp;&nbsp; PONIEDZIA\u0141EK&nbsp;&nbsp;&nbsp;&nbsp;&nbsp;&nbsp;&nbsp;&nbsp;&nbsp;&nbsp;&nbsp;&nbsp;&nbsp;&nbsp; Mt 10, 34 \u2013 11,1 8.00 \u015ap. Krystyna Klementowska, \u015bp. Janusz Rychter, \u015bp. Stefania(k) Myszk 18.00 \u015ap. J\u00f3zef(m) Gawerski &nbsp; 18 lipca&nbsp; WTOREK &nbsp;wsp. b\u0142. Szymona z Lipnicy, kap\u0142ana&nbsp; &nbsp; &nbsp; &nbsp; &nbsp; Mt 11, 20 -24 8.00 O Bo\u017ce b\u0142ogos\u0142., potrzebne \u0142aski i opiek\u0119 Matki Bo\u017cej dla Renaty i Roberta [&hellip;]<\/p>\n","protected":false},"author":1,"featured_media":2526,"comment_status":"closed","ping_status":"closed","sticky":false,"template":"","format":"standard","meta":{"ngg_post_thumbnail":0,"footnotes":""},"categories":[11,8,4],"tags":[],"class_list":["post-2910","post","type-post","status-publish","format-standard","has-post-thumbnail","hentry","category-aktualnosci","category-blog","category-intencje"],"_links":{"self":[{"href":"https:\/\/rafalk-elblag.pl\/index.php?rest_route=\/wp\/v2\/posts\/2910","targetHints":{"allow":["GET"]}}],"collection":[{"href":"https:\/\/rafalk-elblag.pl\/index.php?rest_route=\/wp\/v2\/posts"}],"about":[{"href":"https:\/\/rafalk-elblag.pl\/index.php?rest_route=\/wp\/v2\/types\/post"}],"author":[{"embeddable":true,"href":"https:\/\/rafalk-elblag.pl\/index.php?rest_route=\/wp\/v2\/users\/1"}],"replies":[{"embeddable":true,"href":"https:\/\/rafalk-elblag.pl\/index.php?rest_route=%2Fwp%2Fv2%2Fcomments&post=2910"}],"version-history":[{"count":2,"href":"https:\/\/rafalk-elblag.pl\/index.php?rest_route=\/wp\/v2\/posts\/2910\/revisions"}],"predecessor-version":[{"id":2912,"href":"https:\/\/rafalk-elblag.pl\/index.php?rest_route=\/wp\/v2\/posts\/2910\/revisions\/2912"}],"wp:featuredmedia":[{"embeddable":true,"href":"https:\/\/rafalk-elblag.pl\/index.php?rest_route=\/wp\/v2\/media\/2526"}],"wp:attachment":[{"href":"https:\/\/rafalk-elblag.pl\/index.php?rest_route=%2Fwp%2Fv2%2Fmedia&parent=2910"}],"wp:term":[{"taxonomy":"category","embeddable":true,"href":"https:\/\/rafalk-elblag.pl\/index.php?rest_route=%2Fwp%2Fv2%2Fcategories&post=2910"},{"taxonomy":"post_tag","embeddable":true,"href":"https:\/\/rafalk-elblag.pl\/index.php?rest_route=%2Fwp%2Fv2%2Ftags&post=2910"}],"curies":[{"name":"wp","href":"https:\/\/api.w.org\/{rel}","templated":true}]}}