{"id":2908,"date":"2017-07-12T06:09:42","date_gmt":"2017-07-12T06:09:42","guid":{"rendered":"http:\/\/rafalk-elblag.pl\/?p=2908"},"modified":"2017-07-12T06:09:42","modified_gmt":"2017-07-12T06:09:42","slug":"ogloszenia-parafialne-9-07-2017-r-xiv-niedziela-zwykla","status":"publish","type":"post","link":"https:\/\/rafalk-elblag.pl\/?p=2908","title":{"rendered":"OG\u0141OSZENIA PARAFIALNE 9.07.2017 R. XIV NIEDZIELA ZWYK\u0141A"},"content":{"rendered":"<p><a href=\"http:\/\/rafalk-elblag.pl\/wp-content\/uploads\/2016\/12\/pulpit.jpg\"><img loading=\"lazy\" decoding=\"async\" class=\"alignnone size-large wp-image-2530\" src=\"http:\/\/rafalk-elblag.pl\/wp-content\/uploads\/2016\/12\/pulpit-1024x682.jpg\" alt=\"\" width=\"900\" height=\"599\" srcset=\"https:\/\/rafalk-elblag.pl\/wp-content\/uploads\/2016\/12\/pulpit-1024x682.jpg 1024w, https:\/\/rafalk-elblag.pl\/wp-content\/uploads\/2016\/12\/pulpit-300x200.jpg 300w, https:\/\/rafalk-elblag.pl\/wp-content\/uploads\/2016\/12\/pulpit-768x512.jpg 768w, https:\/\/rafalk-elblag.pl\/wp-content\/uploads\/2016\/12\/pulpit.jpg 1698w\" sizes=\"auto, (max-width: 900px) 100vw, 900px\" \/><\/a><\/p>\n<p>&nbsp;<\/p>\n<p>1. Trwa od<strong> Nowenna przed \u015awi\u0119tem Matki Bo\u017cej Szkaplerznej<\/strong> odprawiana o godz. 17.30 przed Naj\u015bwi\u0119tszym Sakramentem. Zapraszamy wszystkich, a szczeg\u00f3lnie tych, kt\u00f3rzy przyj\u0119li szkaplerz karmelita\u0144ski i tworz\u0105 Rodzin\u0119 Karmelita\u0144sk\u0105 i Bractwo Szkaplerzne.<\/p>\n<p>&nbsp;<\/p>\n<p><strong>2. W przysz\u0142\u0105 niedziel\u0119 16 lipca przypada \u015awi\u0119to Naj\u015bwi\u0119tszej Maryi Panny z G\u00f3ry Karmel. S\u0142owo Bo\u017ce wyg\u0142osi Ojciec Karmelita Mariusz P\u0142uciennik. <\/strong><em>W tym dniu na ka\u017cdej Mszy&nbsp; \u015bw. b\u0119dzie mo\u017cna przyj\u0105\u0107 SZKAPLERZ KARMELITANSKI. <\/em>Zapraszamy wszystkich parafian na <strong>Uroczyste Msze \u015awi\u0119te Odpustowe o godz. 12.00 i 18.00<\/strong>. Osoby kt\u00f3re zadeklarowa\u0142y swoj\u0105 przynale\u017cno\u015b\u0107 do Bractwa Szkaplerznego na Mszy \u015bw. o godz. 18.00 otrzymaj\u0105 LEGITYMACJE BRACTWA. Po Mszy \u015bw. o godz. 18.00 odb\u0119dzie si\u0119 AGAPA przy groch\u00f3wce i domowych wypiekach. Przewidziane s\u0105 te\u017c wsp\u00f3lne \u015bpiewy i zabawy.<em> <strong>GODZINKI KU CZCI MATKI BO\u017bEJ SZKAPLERZNEJ w tym uroczystym dniu za\u015bpiewamy o godz. 17.30 <\/strong><\/em><\/p>\n<p><strong>&nbsp;<\/strong><\/p>\n<p><strong>3. UWAGA OSOBY NOSZ\u0104CE SZKAPLERZ !!!<\/strong> W zakrystii mo\u017cna odebra\u0107 deklaracj\u0119 o przyst\u0105pieniu do Bractwa Szkaplerznego, kt\u00f3r\u0105 nale\u017cy wype\u0142ni\u0107 i przynie\u015b\u0107 do zakrystii.<\/p>\n<p>&nbsp;<\/p>\n<p><strong>4. Za tydzie\u0144 w naszej parafii go\u015bci\u0107 b\u0119dziemy duet muzyki religijnej \u201eSANKTUS\u201d z Akademii Muzycznej im. Czajkowskiego z Moskwy, kt\u00f3ry po ka\u017cdej Mszy \u015bw. zaprasza na kr\u00f3tki koncert muzyki sakralnej. Ofiary z\u0142o\u017cone w tym dniu do puszek przeznaczone b\u0119d\u0105 dla chorego Miko\u0142aja. Dzi\u0119kuj\u0119.<\/strong><\/p>\n<p><strong>&nbsp;<\/strong><\/p>\n<p>5. Osoby pragn\u0105ce zaanga\u017cowa\u0107 si\u0119 w przygotowanie ODPUSTU PARAFIALNEGO prosz\u0119 o przynoszenie ciasta pokrojonego w przysz\u0142\u0105 niedziel\u0119 tj. 16 lipca &#8211; od godziny 16.00 do 17.00<em>. Dzi\u0119kuj\u0119 za &nbsp;wypieki, kt\u00f3re trafi\u0105 na wsp\u00f3lny st\u00f3\u0142 odpustowy. <\/em><\/p>\n<p><strong>&nbsp;<\/strong><\/p>\n<p><strong>6. Grupa P\u00d3\u0141NOC ELBL\u0104G<\/strong> zaprasza wszystkich, by wybra\u0107 si\u0119 na <em>&nbsp;JUBILEUSZOW\u0104&nbsp; XXV Elbl\u0105sk\u0105 Pielgrzymk\u0119 Piesz\u0105 na Jasn\u0105 G\u00f3r\u0119.<\/em> Kolejne spotkanie organizacyjne za tydzie\u0144 tj. 16 lipca br. o godz. 16.00 w naszej parafii. Has\u0142o tegorocznej pielgrzymki brzmi: <strong>\u201eABY ON WZRASTA\u0141 WE MNIE\u2026\u201d. <\/strong>Wi\u0119cej informacji u ks. Marcina.<\/p>\n<p>&nbsp;<\/p>\n<p><strong>7. Lipiec jest miesi\u0105cem po\u015bwi\u0119conym kontemplacji Naj\u015bwi\u0119tszej Krwi Chrystusa. <\/strong>Krew Chrystusa jest niezbitym dowodem mi\u0142o\u015bci Niebieskiego Ojca do ka\u017cdego cz\u0142owieka bez wyj\u0105tku. <em>Zach\u0119cam Wsp\u00f3lnot\u0119 Krwi Chrystusa do prowadzenia modlitw przed Msz\u0105 \u015bw. wieczorow\u0105 o godz. 17.30.<\/em><\/p>\n<p>&nbsp;<\/p>\n<p>8. M\u00f3dlmy si\u0119 za dzieci i m\u0142odzie\u017c i wszystkich wypoczywaj\u0105cych na wakacjach. Pro\u015bmy o Bo\u017ce b\u0142ogos\u0142awie\u0144stwo i&nbsp; bezpieczny wypoczynek.<\/p>\n<p><strong>&nbsp;<\/strong><\/p>\n<p><strong>9. W dniu dzisiejszym woluntariusze Caritas oraz Apostolat Bo\u017cego Mi\u0142osierdzia przed ko\u015bcio\u0142em zbieraj\u0105 ofiary na zakup leku <\/strong>dla pana Wojciecha \u017bukowskiego. Dzi\u0119kuj\u0119 za wyrozumia\u0142o\u015b\u0107 i otwarto\u015b\u0107 Waszych Serc. Prosz\u0119 te\u017c o modlitw\u0119.<\/p>\n<p>&nbsp;<\/p>\n<p><strong>10. Kancelaria parafialna, przez ca\u0142y okres wakacji, czynna b\u0119dzie od poniedzia\u0142ku do pi\u0105tku po Mszy \u015bwi\u0119tej wieczorowej. Spowied\u017a w tygodniu od 7.45 oraz od 17.30.<\/strong><\/p>\n<p>&nbsp;<\/p>\n<p>11. Zach\u0119camy do prasy katolickiej: nowy numer \u201eGo\u015bcia Niedzielnego\u201d- 5 z\u0142.<\/p>\n<p>&nbsp;<\/p>\n<p>12. Pan powo\u0142a\u0142 do wieczno\u015bci : \u015bp. Wiktori\u0119 Janicka lat 87 z ul. Myliusa.<\/p>\n<p>&nbsp;<\/p>\n<table class=\" aligncenter\" width=\"678\">\n<tbody>\n<tr>\n<td width=\"678\"><span style=\"color: #0000ff;\"><strong>OD 7 LIPCA NOWENNA PRZED UROCZYSTO\u015aCI\u0104 NAJ\u015aWI\u0118TSZEJ MARYI &nbsp; &nbsp; &nbsp; &nbsp; &nbsp; &nbsp; &nbsp; &nbsp; &nbsp; &nbsp; &nbsp; &nbsp; &nbsp; &nbsp; &nbsp; &nbsp; &nbsp; &nbsp; &nbsp; &nbsp; &nbsp; &nbsp; &nbsp; &nbsp; &nbsp; &nbsp; &nbsp; &nbsp; PANNY Z G\u00d3RY KARMEL<\/strong><\/span><\/td>\n<\/tr>\n<\/tbody>\n<\/table>\n<p style=\"text-align: center;\"><strong>&nbsp;<\/strong><\/p>\n<p style=\"text-align: center;\"><span style=\"color: #008000;\"><strong>Numer Konta Parafialnego<\/strong><\/span><\/p>\n<p style=\"text-align: center;\"><span style=\"color: #008000;\"><strong>PKO BP 72 1020 1752 0000 0102 0069 6047<\/strong><\/span><\/p>\n<p style=\"text-align: center;\">&nbsp;<\/p>\n<p style=\"text-align: center;\">&nbsp;<\/p>\n","protected":false},"excerpt":{"rendered":"<p>&nbsp; 1. Trwa od Nowenna przed \u015awi\u0119tem Matki Bo\u017cej Szkaplerznej odprawiana o godz. 17.30 przed Naj\u015bwi\u0119tszym Sakramentem. Zapraszamy wszystkich, a szczeg\u00f3lnie tych, kt\u00f3rzy przyj\u0119li szkaplerz karmelita\u0144ski i tworz\u0105 Rodzin\u0119 Karmelita\u0144sk\u0105 i Bractwo Szkaplerzne. &nbsp; 2. W przysz\u0142\u0105 niedziel\u0119 16 lipca przypada \u015awi\u0119to Naj\u015bwi\u0119tszej Maryi Panny z G\u00f3ry Karmel. S\u0142owo Bo\u017ce wyg\u0142osi Ojciec Karmelita Mariusz P\u0142uciennik. [&hellip;]<\/p>\n","protected":false},"author":1,"featured_media":2530,"comment_status":"closed","ping_status":"closed","sticky":false,"template":"","format":"standard","meta":{"ngg_post_thumbnail":0,"footnotes":""},"categories":[11,8,3],"tags":[],"class_list":["post-2908","post","type-post","status-publish","format-standard","has-post-thumbnail","hentry","category-aktualnosci","category-blog","category-ogloszenia"],"_links":{"self":[{"href":"https:\/\/rafalk-elblag.pl\/index.php?rest_route=\/wp\/v2\/posts\/2908","targetHints":{"allow":["GET"]}}],"collection":[{"href":"https:\/\/rafalk-elblag.pl\/index.php?rest_route=\/wp\/v2\/posts"}],"about":[{"href":"https:\/\/rafalk-elblag.pl\/index.php?rest_route=\/wp\/v2\/types\/post"}],"author":[{"embeddable":true,"href":"https:\/\/rafalk-elblag.pl\/index.php?rest_route=\/wp\/v2\/users\/1"}],"replies":[{"embeddable":true,"href":"https:\/\/rafalk-elblag.pl\/index.php?rest_route=%2Fwp%2Fv2%2Fcomments&post=2908"}],"version-history":[{"count":1,"href":"https:\/\/rafalk-elblag.pl\/index.php?rest_route=\/wp\/v2\/posts\/2908\/revisions"}],"predecessor-version":[{"id":2909,"href":"https:\/\/rafalk-elblag.pl\/index.php?rest_route=\/wp\/v2\/posts\/2908\/revisions\/2909"}],"wp:featuredmedia":[{"embeddable":true,"href":"https:\/\/rafalk-elblag.pl\/index.php?rest_route=\/wp\/v2\/media\/2530"}],"wp:attachment":[{"href":"https:\/\/rafalk-elblag.pl\/index.php?rest_route=%2Fwp%2Fv2%2Fmedia&parent=2908"}],"wp:term":[{"taxonomy":"category","embeddable":true,"href":"https:\/\/rafalk-elblag.pl\/index.php?rest_route=%2Fwp%2Fv2%2Fcategories&post=2908"},{"taxonomy":"post_tag","embeddable":true,"href":"https:\/\/rafalk-elblag.pl\/index.php?rest_route=%2Fwp%2Fv2%2Ftags&post=2908"}],"curies":[{"name":"wp","href":"https:\/\/api.w.org\/{rel}","templated":true}]}}