{"id":2898,"date":"2017-07-03T13:52:24","date_gmt":"2017-07-03T13:52:24","guid":{"rendered":"http:\/\/rafalk-elblag.pl\/?p=2898"},"modified":"2017-07-03T13:52:24","modified_gmt":"2017-07-03T13:52:24","slug":"ogloszenia-parafialne-2-07-2017-r-xiii-niedziela-zwykla","status":"publish","type":"post","link":"https:\/\/rafalk-elblag.pl\/?p=2898","title":{"rendered":"OG\u0141OSZENIA PARAFIALNE 2.07.2017 R. XIII NIEDZIELA ZWYK\u0141A"},"content":{"rendered":"<p><a href=\"http:\/\/rafalk-elblag.pl\/wp-content\/uploads\/2016\/12\/pulpit.jpg\"><img loading=\"lazy\" decoding=\"async\" class=\"size-large wp-image-2530 aligncenter\" src=\"http:\/\/rafalk-elblag.pl\/wp-content\/uploads\/2016\/12\/pulpit-1024x682.jpg\" alt=\"\" width=\"900\" height=\"599\" srcset=\"https:\/\/rafalk-elblag.pl\/wp-content\/uploads\/2016\/12\/pulpit-1024x682.jpg 1024w, https:\/\/rafalk-elblag.pl\/wp-content\/uploads\/2016\/12\/pulpit-300x200.jpg 300w, https:\/\/rafalk-elblag.pl\/wp-content\/uploads\/2016\/12\/pulpit-768x512.jpg 768w, https:\/\/rafalk-elblag.pl\/wp-content\/uploads\/2016\/12\/pulpit.jpg 1698w\" sizes=\"auto, (max-width: 900px) 100vw, 900px\" \/><\/a><\/p>\n<p>&nbsp;<\/p>\n<p>1. Zapraszamy dzi\u015b w I Niedziel\u0119 miesi\u0105ca na <strong>Adoracj\u0119 Naj\u015bwi\u0119tszego Sakramentu od godz. 15.00 do godz. 18.00. <\/strong>Rozpocznie si\u0119 Koronk\u0105 do Bo\u017cego Mi\u0142osierdzia.<\/p>\n<p>&nbsp;<\/p>\n<p><strong>2. Witamy w naszej wsp\u00f3lnocie parafialnej ks. dra \u0141ukasza Garbackiego \u2013 wikariusza, <\/strong>kt\u00f3ry Dekretem Biskupa Elbl\u0105skiego zosta\u0142 przeniesiony z parafii \u015bw. J\u00f3zefa w Mor\u0105gu do naszej parafii. Otoczmy modlitw\u0105 ks. \u0141ukasza i \u017cyczmy mu wielu \u0142ask Bo\u017cych, opieki Matki Bo\u017cej Szkaplerznej w dalszej pos\u0142udze Bogu i ludziom do kt\u00f3rych zosta\u0142 pos\u0142any.<\/p>\n<p>&nbsp;<\/p>\n<p>3. Dzisiaj taca inwestycyjna przeznaczona jest na wykonanie marmurowego o\u0142tarza i ambonki w prezbiterium Ko\u015bcio\u0142a. <em>B\u00f3g zap\u0142a\u0107 za zrozumienie<\/em><em> i z\u0142o\u017cone ofiary.<\/em><\/p>\n<p><strong>&nbsp;<\/strong><\/p>\n<p><strong>4. Grupa P\u00d3\u0141NOC ELBL\u0104G<\/strong> zaprasza wszystkich, by wybra\u0107 si\u0119 na <em>&nbsp;JUBILEUSZOW\u0104&nbsp; XXV Elbl\u0105sk\u0105 Pielgrzymk\u0119 Piesz\u0105 na Jasn\u0105 G\u00f3r\u0119.<\/em> Has\u0142o tegorocznej pielgrzymki brzmi: <strong>\u201eABY ON WZRASTA\u0141 WE MNIE\u2026\u201d. &nbsp;Drugie spotkanie organizacyjne w parafii \u015bw. Wojciecha na plebanii dzi\u015b o godz. 20.00. <\/strong>Wi\u0119cej informacji u ks. Marcina.<\/p>\n<p>&nbsp;<\/p>\n<p>5. W zwi\u0105zku z pielgrzymk\u0105 na Jasn\u0105 G\u00f3r\u0119 ju\u017c tradycyjnie w ko\u015bciele wystawione jest pude\u0142ko oraz specjalny zeszyt. Za ich po\u015brednictwem mo\u017cna sk\u0142ada\u0107 ofiary oraz przekazywa\u0107 intencje modlitewne, kt\u00f3re zabior\u0105 w Waszym imieniu pielgrzymi w\u0119druj\u0105cy na Jasn\u0105 G\u00f3r\u0119. <strong>B\u00f3g zap\u0142a\u0107.<\/strong><\/p>\n<p>&nbsp;<\/p>\n<p>6. Od 7 lipca (pi\u0105tek) do 15 lipca (sobota) o godz. 17.30 odmawiana b\u0119dzie przed Naj\u015bwi\u0119tszym Sakramentem <strong>Nowenna przed \u015awi\u0119tem Matki Bo\u017cej Szkaplerznej (16 lipca). <\/strong>Zapraszamy wszystkich, a szczeg\u00f3lnie tych, kt\u00f3rzy przyj\u0119li szkaplerz karmelita\u0144ski i tworz\u0105 Rodzin\u0119 Karmelita\u0144sk\u0105 i Bractwo Szkaplerzne.<\/p>\n<p>&nbsp;<\/p>\n<p>7. W tym tygodniu przypada pierwszy czwartek i pi\u0105tek&nbsp; miesi\u0105ca.<\/p>\n<ul>\n<li><strong>w pierwszy czwartek miesi\u0105ca <\/strong>po Mszy \u015bw. o godz. 18.00 zapraszamy na Godzin\u0119 \u015awi\u0119t\u0105 \u2013 modlitw\u0119 w intencji powo\u0142a\u0144 z naszej parafii oraz o \u015bwi\u0119to\u015b\u0107 dla kap\u0142an\u00f3w,<\/li>\n<li><strong>w pierwszy pi\u0105tek miesi\u0105ca <\/strong>spowied\u017a i Adoracja Naj\u015bwi\u0119tszego Sakramentu od godz. 17.30. Zapraszamy wszystkich czcicieli Serca Pana Jezusa na Msz\u0119 \u015aw. Wotywn\u0105 ku czci Naj\u015bwi\u0119tszego Serca Pana Jezusa o godz. 18.00.<\/li>\n<\/ul>\n<p><strong>&nbsp;<\/strong><\/p>\n<p><strong>8. Lipiec jest miesi\u0105cem po\u015bwi\u0119conym kontemplacji Naj\u015bwi\u0119tszej Krwi Chrystusa. <\/strong>Krew Chrystusa jest niezbitym dowodem mi\u0142o\u015bci Niebieskiego Ojca do ka\u017cdego cz\u0142owieka bez wyj\u0105tku. <em>Zach\u0119cam Wsp\u00f3lnot\u0119 Krwi Chrystusa do prowadzenia modlitw przed Msz\u0105 \u015bw. wieczorow\u0105 o godz. 17.30.<\/em>&nbsp;<\/p>\n<p><strong>&nbsp;<\/strong><\/p>\n<p><strong>9. UWAGA OSOBY NOSZ\u0104CE SZKAPLERZ !!!<\/strong> W zakrystii mo\u017cna odebra\u0107 deklaracj\u0119 o przyst\u0105pieniu do Bractwa Szkaplerznego, kt\u00f3r\u0105 nale\u017cy wype\u0142ni\u0107 i przynie\u015b\u0107 do zakrystii.<\/p>\n<p><strong>&nbsp;<\/strong><\/p>\n<p><strong>9. Dzi\u0119kujemy za stosowny ubi\u00f3r w ko\u015bciele w okresie wakacji. Msza \u015bw. jest uroczyst\u0105 celebracj\u0105, kt\u00f3ra domaga si\u0119 swego pi\u0119kna, szacunku i najwy\u017cszej kultury.<\/strong><\/p>\n<p>&nbsp;<\/p>\n<p>10. Zach\u0119camy do prasy katolickiej: nowy numer \u201eGo\u015bcia Niedzielnego\u201d- 5 z\u0142.<\/p>\n<p>&nbsp;<\/p>\n<p>11. Zwracam si\u0119 z gor\u0105c\u0105 pro\u015bb\u0105 do wszystkich parafian o udzielenie pomocy finansowej na zakup leku, kt\u00f3ry kosztuje 13 ty\u015b. z\u0142. dla ci\u0119\u017cko chorego pana Wojciecha \u017bukowskiego. Pan Wojciech przez 20 lat pe\u0142ni\u0142 funkcj\u0119 organisty w naszej parafii. Niech otwarto\u015b\u0107 naszych serc i d\u0142oni b\u0119dzie wyrazem wdzi\u0119czno\u015bci dla pana Wojciecha za Jego d\u0142ugoletni\u0105 pos\u0142ug\u0119 muzyczn\u0105. Ofiary na ten cel b\u0119dziemy sk\u0142ada\u0107 do puszek w przysz\u0142\u0105 niedziel\u0119 po Mszach \u015bw. Prosz\u0119 te\u017c o modlitw\u0119 w Jego intencji oraz o wparcie duchowe dla pani Gra\u017cyny \u2013 ma\u0142\u017conki.<\/p>\n<p>&nbsp;<\/p>\n<table class=\" aligncenter\" width=\"678\">\n<tbody>\n<tr>\n<td width=\"678\">\n<p style=\"text-align: center;\"><span style=\"color: #ff0000;\"><strong>OD 7 LIPCA NOWENNA PRZED UROCZYSTO\u015aCI\u0104 NAJ\u015aWI\u0118TSZEJ MARYI PANNY Z G\u00d3RY KARMEL <\/strong><\/span><\/p>\n<\/td>\n<\/tr>\n<\/tbody>\n<\/table>\n<p style=\"text-align: center;\"><span style=\"color: #0000ff;\"><strong>&nbsp;<\/strong><\/span><\/p>\n<p style=\"text-align: center;\"><span style=\"color: #0000ff;\"><strong>Numer Konta Parafialnego<\/strong><\/span><\/p>\n<p style=\"text-align: center;\"><span style=\"color: #0000ff;\"><strong>PKO BP 72 1020 1752 0000 0102 0069 6047<\/strong><\/span><\/p>\n<p style=\"text-align: center;\">&nbsp;<\/p>\n<p style=\"text-align: center;\">&nbsp;<\/p>\n","protected":false},"excerpt":{"rendered":"<p>&nbsp; 1. Zapraszamy dzi\u015b w I Niedziel\u0119 miesi\u0105ca na Adoracj\u0119 Naj\u015bwi\u0119tszego Sakramentu od godz. 15.00 do godz. 18.00. Rozpocznie si\u0119 Koronk\u0105 do Bo\u017cego Mi\u0142osierdzia. &nbsp; 2. Witamy w naszej wsp\u00f3lnocie parafialnej ks. dra \u0141ukasza Garbackiego \u2013 wikariusza, kt\u00f3ry Dekretem Biskupa Elbl\u0105skiego zosta\u0142 przeniesiony z parafii \u015bw. J\u00f3zefa w Mor\u0105gu do naszej parafii. Otoczmy modlitw\u0105 ks. [&hellip;]<\/p>\n","protected":false},"author":1,"featured_media":2530,"comment_status":"closed","ping_status":"closed","sticky":false,"template":"","format":"standard","meta":{"ngg_post_thumbnail":0,"footnotes":""},"categories":[11,8,3],"tags":[],"class_list":["post-2898","post","type-post","status-publish","format-standard","has-post-thumbnail","hentry","category-aktualnosci","category-blog","category-ogloszenia"],"_links":{"self":[{"href":"https:\/\/rafalk-elblag.pl\/index.php?rest_route=\/wp\/v2\/posts\/2898","targetHints":{"allow":["GET"]}}],"collection":[{"href":"https:\/\/rafalk-elblag.pl\/index.php?rest_route=\/wp\/v2\/posts"}],"about":[{"href":"https:\/\/rafalk-elblag.pl\/index.php?rest_route=\/wp\/v2\/types\/post"}],"author":[{"embeddable":true,"href":"https:\/\/rafalk-elblag.pl\/index.php?rest_route=\/wp\/v2\/users\/1"}],"replies":[{"embeddable":true,"href":"https:\/\/rafalk-elblag.pl\/index.php?rest_route=%2Fwp%2Fv2%2Fcomments&post=2898"}],"version-history":[{"count":1,"href":"https:\/\/rafalk-elblag.pl\/index.php?rest_route=\/wp\/v2\/posts\/2898\/revisions"}],"predecessor-version":[{"id":2899,"href":"https:\/\/rafalk-elblag.pl\/index.php?rest_route=\/wp\/v2\/posts\/2898\/revisions\/2899"}],"wp:featuredmedia":[{"embeddable":true,"href":"https:\/\/rafalk-elblag.pl\/index.php?rest_route=\/wp\/v2\/media\/2530"}],"wp:attachment":[{"href":"https:\/\/rafalk-elblag.pl\/index.php?rest_route=%2Fwp%2Fv2%2Fmedia&parent=2898"}],"wp:term":[{"taxonomy":"category","embeddable":true,"href":"https:\/\/rafalk-elblag.pl\/index.php?rest_route=%2Fwp%2Fv2%2Fcategories&post=2898"},{"taxonomy":"post_tag","embeddable":true,"href":"https:\/\/rafalk-elblag.pl\/index.php?rest_route=%2Fwp%2Fv2%2Ftags&post=2898"}],"curies":[{"name":"wp","href":"https:\/\/api.w.org\/{rel}","templated":true}]}}