{"id":2888,"date":"2017-06-26T08:32:50","date_gmt":"2017-06-26T08:32:50","guid":{"rendered":"http:\/\/rafalk-elblag.pl\/?p=2888"},"modified":"2017-06-26T08:32:50","modified_gmt":"2017-06-26T08:32:50","slug":"ogloszenia-parafialne-25-06-2017-r-xii-niedziela-zwykla","status":"publish","type":"post","link":"https:\/\/rafalk-elblag.pl\/?p=2888","title":{"rendered":"OG\u0141OSZENIA PARAFIALNE 25.06.2017 R. XII NIEDZIELA ZWYK\u0141A"},"content":{"rendered":"<p><a href=\"http:\/\/rafalk-elblag.pl\/wp-content\/uploads\/2016\/12\/pulpit.jpg\"><img loading=\"lazy\" decoding=\"async\" class=\"alignnone size-large wp-image-2530\" src=\"http:\/\/rafalk-elblag.pl\/wp-content\/uploads\/2016\/12\/pulpit-1024x682.jpg\" alt=\"\" width=\"900\" height=\"599\" srcset=\"https:\/\/rafalk-elblag.pl\/wp-content\/uploads\/2016\/12\/pulpit-1024x682.jpg 1024w, https:\/\/rafalk-elblag.pl\/wp-content\/uploads\/2016\/12\/pulpit-300x200.jpg 300w, https:\/\/rafalk-elblag.pl\/wp-content\/uploads\/2016\/12\/pulpit-768x512.jpg 768w, https:\/\/rafalk-elblag.pl\/wp-content\/uploads\/2016\/12\/pulpit.jpg 1698w\" sizes=\"auto, (max-width: 900px) 100vw, 900px\" \/><\/a><\/p>\n<p>&nbsp;<\/p>\n<p><strong>1. Przed nami ostatnie dni czerwca, <\/strong>tym bardziej zapraszamy dzieci, m\u0142odzie\u017c i doros\u0142ych do udzia\u0142u w nabo\u017ce\u0144stwach ku czci Naj\u015bwi\u0119tszego Serca Pana Jezusa, odprawianych po Mszy \u015bw. o godz. 18.00. CZY BY\u0141E\u015a &#8211; CZY POMY\u015aLA\u0141E\u015a O TYM SPOTKANIU?<\/p>\n<p>&nbsp;<\/p>\n<p><strong>2. Dzisiaj na Mszy \u015bw. o godz. 18.00 b\u0119dziemy dzi\u0119kowa\u0107 ksi\u0119dzu S\u0142awkowi, kt\u00f3ry po 3 latach pracy w naszej parafii zosta\u0142 skierowany przez Biskupa Elbl\u0105skiego do parafii \u015bw. J\u00f3zefa w Mor\u0105gu oraz na zaoczne studia doktoranckie w Olsztynie. Niech ta Msza \u015bwi\u0119ta b\u0119dzie wyrazem naszej wdzi\u0119czno\u015bci za pos\u0142ug\u0119 kap\u0142a\u0144sk\u0105 ks. S\u0142awka po\u015br\u00f3d nas. Serdecznie zapraszamy!&nbsp; <\/strong><\/p>\n<p>&nbsp;<\/p>\n<p>3. W czwartek przypada <strong>Uroczysto\u015b\u0107 \u015awi\u0119tych Aposto\u0142\u00f3w Piotra i Paw\u0142a<\/strong>, a zarazem imieniny ks. kan. Piotra Bryka, ks. Piotra Makowskiego i pana Piotra Zbierzchowskiego \u2013 organisty. Pami\u0119tajmy w modlitwie o czcigodnych solenizantach. <em>Taca z tego dnia przeznaczona jest na potrzeby Stolicy Apostolskiej. <\/em><\/p>\n<p><strong>&nbsp;<\/strong><\/p>\n<p><strong>4. Grupa P\u00d3\u0141NOC ELBL\u0104G<\/strong> zaprasza wszystkich, by wybra\u0107 si\u0119 na <em>JUBILEUSZOW\u0104 XXV Elbl\u0105sk\u0105 Pielgrzymk\u0119 Piesz\u0105 na Jasn\u0105 G\u00f3r\u0119.<\/em> Has\u0142o tegorocznej pielgrzymki brzmi: <strong>\u201eABY ON WZRASTA\u0141 WE MNIE\u2026\u201d. <\/strong>Wi\u0119cej informacji u ks. Marcina.<\/p>\n<p><strong>&nbsp;<\/strong><\/p>\n<p><strong>5. VIII Rowerowa Pielgrzymka z Elbl\u0105ga na Jasn\u0105 G\u00f3r\u0119 w dniach: 5-11.08.2017r. <\/strong>Serdecznie zapraszamy wszystkich mi\u0142o\u015bnik\u00f3w dw\u00f3ch k\u00f3\u0142ek do wsp\u00f3lnego pielgrzymowania. <strong>Organizator: <\/strong>Ks. Krzysztof &#8211; tel. <strong>515 164&nbsp;250<\/strong><\/p>\n<p>&nbsp;<\/p>\n<p>6. W przysz\u0142\u0105 niedziel\u0119 (2 lipca) taca inwestycyjna przeznaczona jest na wykonanie marmurowego o\u0142tarza i ambonki w prezbiterium Ko\u015bcio\u0142a. B\u00f3g zap\u0142a\u0107 za zrozumienie i z\u0142o\u017cone ofiary.<\/p>\n<p><strong>&nbsp;<\/strong><\/p>\n<p><strong>7. Kancelaria parafialna, przez ca\u0142y okres wakacji, czynna b\u0119dzie od poniedzia\u0142ku do pi\u0105tku po Mszy \u015bwi\u0119tej wieczorowej.<\/strong><\/p>\n<p><strong>&nbsp;<\/strong><\/p>\n<p><strong>8. Lipiec jest miesi\u0105cem po\u015bwi\u0119conym kontemplacji Naj\u015bwi\u0119tszej Krwi Chrystusa. <\/strong>Krew Chrystusa jest niezbitym dowodem mi\u0142o\u015bci Niebieskiego Ojca do ka\u017cdego cz\u0142owieka bez wyj\u0105tku. <em>Zach\u0119cam Wsp\u00f3lnot\u0119 Krwi Chrystusa do prowadzenia modlitw przed Msz\u0105 \u015bw. wieczorow\u0105 o godz. 17.30.<\/em>&nbsp;<\/p>\n<p><strong>&nbsp;<\/strong><\/p>\n<p>9. Wszystkim Jubilatom i Solenizantom tego tygodnia \u017cyczymy wszelkiego dobra w \u017cyciu i b\u0142ogos\u0142awie\u0144stwa Bo\u017cego.<\/p>\n<p><em>&nbsp;<\/em><\/p>\n<p><em>10. Dzieciom i m\u0142odzie\u017cy \u017cyczymy udanych i bezpiecznych wakacji, polecaj\u0105c ich opiece Anio\u0142\u00f3w Str\u00f3\u017c\u00f3w.&nbsp; Szcz\u0119\u015b\u0107 Wam Bo\u017ce.<\/em><\/p>\n<p><strong>&nbsp;<\/strong><\/p>\n<p>11. Zach\u0119camy do prasy katolickiej: nowy numer \u201eGo\u015bcia Niedzielnego\u201d- 5 z\u0142. <em>&nbsp;<\/em><strong><em>&nbsp;<\/em><\/strong><\/p>\n<p><strong>&nbsp;<\/strong><\/p>\n<table>\n<tbody>\n<tr>\n<td width=\"690\">\n<p style=\"text-align: center;\"><strong>Numer Konta Parafialnego<\/strong><\/p>\n<p style=\"text-align: center;\"><strong>PKO BP 72 1020 1752 0000 0102 0069 6047<\/strong><\/p>\n<\/td>\n<\/tr>\n<\/tbody>\n<\/table>\n<p>&nbsp;<\/p>\n<p>&nbsp;<\/p>\n","protected":false},"excerpt":{"rendered":"<p>&nbsp; 1. Przed nami ostatnie dni czerwca, tym bardziej zapraszamy dzieci, m\u0142odzie\u017c i doros\u0142ych do udzia\u0142u w nabo\u017ce\u0144stwach ku czci Naj\u015bwi\u0119tszego Serca Pana Jezusa, odprawianych po Mszy \u015bw. o godz. 18.00. CZY BY\u0141E\u015a &#8211; CZY POMY\u015aLA\u0141E\u015a O TYM SPOTKANIU? &nbsp; 2. Dzisiaj na Mszy \u015bw. o godz. 18.00 b\u0119dziemy dzi\u0119kowa\u0107 ksi\u0119dzu S\u0142awkowi, kt\u00f3ry po 3 [&hellip;]<\/p>\n","protected":false},"author":1,"featured_media":2530,"comment_status":"closed","ping_status":"closed","sticky":false,"template":"","format":"standard","meta":{"ngg_post_thumbnail":0,"footnotes":""},"categories":[11,8,3],"tags":[],"class_list":["post-2888","post","type-post","status-publish","format-standard","has-post-thumbnail","hentry","category-aktualnosci","category-blog","category-ogloszenia"],"_links":{"self":[{"href":"https:\/\/rafalk-elblag.pl\/index.php?rest_route=\/wp\/v2\/posts\/2888","targetHints":{"allow":["GET"]}}],"collection":[{"href":"https:\/\/rafalk-elblag.pl\/index.php?rest_route=\/wp\/v2\/posts"}],"about":[{"href":"https:\/\/rafalk-elblag.pl\/index.php?rest_route=\/wp\/v2\/types\/post"}],"author":[{"embeddable":true,"href":"https:\/\/rafalk-elblag.pl\/index.php?rest_route=\/wp\/v2\/users\/1"}],"replies":[{"embeddable":true,"href":"https:\/\/rafalk-elblag.pl\/index.php?rest_route=%2Fwp%2Fv2%2Fcomments&post=2888"}],"version-history":[{"count":1,"href":"https:\/\/rafalk-elblag.pl\/index.php?rest_route=\/wp\/v2\/posts\/2888\/revisions"}],"predecessor-version":[{"id":2889,"href":"https:\/\/rafalk-elblag.pl\/index.php?rest_route=\/wp\/v2\/posts\/2888\/revisions\/2889"}],"wp:featuredmedia":[{"embeddable":true,"href":"https:\/\/rafalk-elblag.pl\/index.php?rest_route=\/wp\/v2\/media\/2530"}],"wp:attachment":[{"href":"https:\/\/rafalk-elblag.pl\/index.php?rest_route=%2Fwp%2Fv2%2Fmedia&parent=2888"}],"wp:term":[{"taxonomy":"category","embeddable":true,"href":"https:\/\/rafalk-elblag.pl\/index.php?rest_route=%2Fwp%2Fv2%2Fcategories&post=2888"},{"taxonomy":"post_tag","embeddable":true,"href":"https:\/\/rafalk-elblag.pl\/index.php?rest_route=%2Fwp%2Fv2%2Ftags&post=2888"}],"curies":[{"name":"wp","href":"https:\/\/api.w.org\/{rel}","templated":true}]}}