{"id":2886,"date":"2017-06-26T08:27:44","date_gmt":"2017-06-26T08:27:44","guid":{"rendered":"http:\/\/rafalk-elblag.pl\/?p=2886"},"modified":"2017-06-26T08:27:44","modified_gmt":"2017-06-26T08:27:44","slug":"intencje-mszalne-na-xii-tydzien-okresu-zwyklego-26-06-2-07-2017-r","status":"publish","type":"post","link":"https:\/\/rafalk-elblag.pl\/?p=2886","title":{"rendered":"INTENCJE MSZALNE NA XII TYDZIE\u0143 OKRESU ZWYK\u0141EGO (26.06.-2.07.2017 R.)"},"content":{"rendered":"<p><a href=\"http:\/\/rafalk-elblag.pl\/wp-content\/uploads\/2016\/12\/shutterstock_49643152-1000.jpg\"><img loading=\"lazy\" decoding=\"async\" class=\"alignnone size-full wp-image-2526\" src=\"http:\/\/rafalk-elblag.pl\/wp-content\/uploads\/2016\/12\/shutterstock_49643152-1000.jpg\" alt=\"\" width=\"1000\" height=\"665\" srcset=\"https:\/\/rafalk-elblag.pl\/wp-content\/uploads\/2016\/12\/shutterstock_49643152-1000.jpg 1000w, https:\/\/rafalk-elblag.pl\/wp-content\/uploads\/2016\/12\/shutterstock_49643152-1000-300x200.jpg 300w, https:\/\/rafalk-elblag.pl\/wp-content\/uploads\/2016\/12\/shutterstock_49643152-1000-768x511.jpg 768w\" sizes=\"auto, (max-width: 1000px) 100vw, 1000px\" \/><\/a><\/p>\n<p>&nbsp;<\/p>\n<table width=\"726\">\n<tbody>\n<tr>\n<td colspan=\"2\" width=\"593\"><strong>26 czerwca&nbsp;&nbsp; PONIEDZIA\u0141EK<\/strong><\/p>\n<p><strong>\u015aw. Zygmunta Gorazdowskiego, prezbitera \u2013 wsp.<\/strong><\/td>\n<td width=\"133\"><strong><em>Mt 7, 1-5<\/em><\/strong><\/td>\n<\/tr>\n<tr>\n<td width=\"87\">8.00<\/td>\n<td colspan=\"2\" width=\"639\">\u015ap. Jerzy Ro\u017centalski 26 greg.<\/td>\n<\/tr>\n<tr>\n<td width=\"87\">18.00<\/td>\n<td colspan=\"2\" width=\"639\">\u015ap. Wac\u0142awa(k) i Leon \u017bbikowscy<\/td>\n<\/tr>\n<tr>\n<td width=\"87\">18.00<\/td>\n<td colspan=\"2\" width=\"639\">\u015ap. Jadwiga Kowalska<\/td>\n<\/tr>\n<\/tbody>\n<\/table>\n<p>&nbsp;<\/p>\n<table width=\"726\">\n<tbody>\n<tr>\n<td colspan=\"2\" width=\"593\"><strong>27 czerwca&nbsp; <\/strong><strong>WTOREK<\/strong><\/p>\n<p><strong>Naj\u015bwi\u0119tszej Maryi Panny Nieustaj\u0105cej Pomocy \u2013 wsp.<\/strong><\/td>\n<td width=\"133\"><strong><em>Mt 7, 6.12-14<\/em><\/strong><\/td>\n<\/tr>\n<tr>\n<td width=\"87\">8.00<\/td>\n<td colspan=\"2\" width=\"639\">\u015ap. Janina Walko w 10 miesi\u0105c po \u015bmierci<\/td>\n<\/tr>\n<tr>\n<td width=\"87\">8.00<\/td>\n<td colspan=\"2\" width=\"639\">\u015ap. Jerzy Ro\u017centalski 27 greg.<\/td>\n<\/tr>\n<tr>\n<td width=\"87\">18.00<\/td>\n<td colspan=\"2\" width=\"639\">\u015ap. Genowefa i W\u0142adys\u0142aw(m) Szmelc, \u015bp. Walentyna Szmelc<\/td>\n<\/tr>\n<\/tbody>\n<\/table>\n<p>&nbsp;<\/p>\n<table width=\"726\">\n<tbody>\n<tr>\n<td colspan=\"2\" width=\"593\"><strong>28 czerwca&nbsp; \u015aRODA<\/strong><\/p>\n<p><strong>\u015aw. Ireneusza, biskupa i m\u0119czennika \u2013 wsp.<\/strong><\/td>\n<td width=\"133\"><strong><em>Mt 7, 15-20<\/em><\/strong><\/td>\n<\/tr>\n<tr>\n<td width=\"87\">8.00<\/td>\n<td colspan=\"2\" width=\"639\">\u015ap. Jerzy Ro\u017centalski 28 greg.<\/td>\n<\/tr>\n<tr>\n<td width=\"87\">18.00<\/td>\n<td colspan=\"2\" width=\"639\">W intencjach czcicieli MBNP<\/td>\n<\/tr>\n<tr>\n<td width=\"87\">18.00<\/td>\n<td colspan=\"2\" width=\"639\">\u015ap. W\u0142adys\u0142awa(k) Stefanowicz<\/td>\n<\/tr>\n<\/tbody>\n<\/table>\n<p>&nbsp;<\/p>\n<table width=\"726\">\n<tbody>\n<tr>\n<td colspan=\"2\" width=\"593\"><span style=\"color: #ff0000;\"><strong>29 czerwca&nbsp; CZWARTEK<\/strong><\/span><\/p>\n<p><span style=\"color: #ff0000;\"><strong>\u015awi\u0119tych Aposto\u0142\u00f3w Piotra i Paw\u0142a \u2013 uroczysto\u015b\u0107&nbsp;<\/strong><\/span><\/td>\n<td width=\"133\"><em>Mt 16, 13-19<\/em><\/td>\n<\/tr>\n<tr>\n<td width=\"87\">8.00<\/td>\n<td colspan=\"2\" width=\"639\">\u015ap. Jerzy Ro\u017centalski 29 greg.<\/td>\n<\/tr>\n<tr>\n<td width=\"87\">18.00<\/td>\n<td colspan=\"2\" width=\"639\">Za chorych<\/td>\n<\/tr>\n<tr>\n<td width=\"87\">18.00<\/td>\n<td colspan=\"2\" width=\"639\">O Bo\u017ce b\u0142ogos\u0142., potrzebne \u0142aski i opiek\u0119 Matki Bo\u017cej dla ks. kan. Piotra Bryka, ks. Piotra Makowskiego i p. Piotra Zbierzchowskiego z okazji imienin<\/td>\n<\/tr>\n<\/tbody>\n<\/table>\n<p>&nbsp;<\/p>\n<table width=\"726\">\n<tbody>\n<tr>\n<td colspan=\"2\" width=\"593\"><strong>30 czerwca&nbsp; PI\u0104TEK&nbsp;&nbsp;&nbsp;&nbsp;&nbsp;&nbsp;&nbsp;&nbsp;&nbsp;&nbsp;&nbsp;&nbsp;&nbsp;&nbsp;&nbsp;&nbsp;&nbsp;&nbsp;&nbsp;&nbsp;&nbsp;&nbsp;&nbsp;&nbsp;&nbsp;&nbsp;&nbsp;&nbsp;&nbsp;&nbsp;&nbsp;&nbsp;&nbsp;&nbsp;&nbsp;&nbsp;&nbsp;&nbsp;&nbsp;&nbsp;&nbsp;&nbsp;&nbsp;&nbsp;&nbsp;&nbsp;&nbsp;&nbsp;&nbsp;&nbsp;&nbsp;&nbsp;&nbsp;&nbsp;&nbsp;&nbsp;&nbsp;&nbsp;&nbsp;&nbsp;&nbsp;&nbsp;&nbsp;&nbsp;&nbsp;&nbsp;&nbsp; <\/strong><\/td>\n<td width=\"133\"><strong><em>Mt 8, 1-4<\/em><\/strong><\/td>\n<\/tr>\n<tr>\n<td width=\"87\">8.00<\/td>\n<td colspan=\"2\" width=\"639\">\u015ap. Jerzy Ro\u017centalski 30 greg.<\/td>\n<\/tr>\n<tr>\n<td width=\"87\">18.00<\/td>\n<td colspan=\"2\" width=\"639\">Rez.<\/td>\n<\/tr>\n<\/tbody>\n<\/table>\n<p>&nbsp;<\/p>\n<table width=\"726\">\n<tbody>\n<tr>\n<td colspan=\"2\" width=\"593\"><strong>1 lipca&nbsp; SOBOTA&nbsp;&nbsp;&nbsp;&nbsp;&nbsp;&nbsp;&nbsp;&nbsp;&nbsp;&nbsp;&nbsp;&nbsp;&nbsp;&nbsp;&nbsp;&nbsp;&nbsp;&nbsp;&nbsp;&nbsp;&nbsp;&nbsp;&nbsp;&nbsp;&nbsp;&nbsp;&nbsp;&nbsp;&nbsp;&nbsp;&nbsp; &nbsp;&nbsp;&nbsp;&nbsp;&nbsp;&nbsp;&nbsp;&nbsp;&nbsp;&nbsp;&nbsp;&nbsp;&nbsp;&nbsp;&nbsp;&nbsp;&nbsp;&nbsp;&nbsp;<span style=\"color: #3366ff;\">&nbsp;I sobota miesi\u0105ca<\/span><\/strong><\/td>\n<td width=\"133\"><strong><em>Mt 8, 5-17<\/em><\/strong><\/td>\n<\/tr>\n<tr>\n<td width=\"87\">8.00<\/td>\n<td colspan=\"2\" width=\"639\">Rez.<\/td>\n<\/tr>\n<tr>\n<td width=\"87\">18.00<\/td>\n<td colspan=\"2\" width=\"639\">\u017bywy R\u00f3\u017caniec<\/td>\n<\/tr>\n<tr>\n<td width=\"87\">18.00<\/td>\n<td colspan=\"2\" width=\"639\">Dzi\u0119kczynna w 15 rocz. pos\u0142ugi ks. kan. Wojciecha Zwolickiego w naszej parafii; za dokonane przez niego dzie\u0142a duszpasterskie i budowlane<br \/>\nz pro\u015bb\u0105 o dalsz\u0105 gorliwo\u015b\u0107 w s\u0142u\u017cbie kap\u0142a\u0144skiej oraz opiek\u0119 Matki Bo\u017cej w dalszym \u017cyciu<\/td>\n<\/tr>\n<\/tbody>\n<\/table>\n<p>&nbsp;<\/p>\n<table width=\"726\">\n<tbody>\n<tr>\n<td colspan=\"2\" width=\"593\"><strong>2 lipca&nbsp; <span style=\"color: #339966;\">XIII NIEDZIELA ZWYK\u0141A <\/span><\/strong><\/td>\n<td width=\"133\"><strong><em>Mt 10, 37-42<\/em><\/strong><\/td>\n<\/tr>\n<tr>\n<td width=\"87\">7.00<\/td>\n<td colspan=\"2\" width=\"639\">\u015ap. Zygfryd Dobrzeniecki w 2 rocz. \u015bmierci<\/td>\n<\/tr>\n<tr>\n<td width=\"87\">9.00<\/td>\n<td colspan=\"2\" width=\"639\">Rez.<\/td>\n<\/tr>\n<tr>\n<td width=\"87\">9.00<\/td>\n<td colspan=\"2\" width=\"639\">\u015ap. Danuta Radziszewska w 30 dzie\u0144 po pogrzebie<\/td>\n<\/tr>\n<tr>\n<td width=\"87\">10.30<\/td>\n<td colspan=\"2\" width=\"639\">O Bo\u017ce b\u0142ogos\u0142., potrzebne \u0142aski, dary Ducha \u015awi\u0119tego i opiek\u0119 Matki Bo\u017cej dla Moniki i Dominika<\/td>\n<\/tr>\n<tr>\n<td width=\"87\"><strong>12.00<\/strong><\/td>\n<td colspan=\"2\" width=\"639\"><strong>Za parafian<\/strong><\/td>\n<\/tr>\n<tr>\n<td width=\"87\">18.00<\/td>\n<td colspan=\"2\" width=\"639\">\u015ap. Urszula i Fabian \u017buchowscy<\/td>\n<\/tr>\n<\/tbody>\n<\/table>\n<p>&nbsp;<\/p>\n<p>&nbsp;<\/p>\n","protected":false},"excerpt":{"rendered":"<p>&nbsp; 26 czerwca&nbsp;&nbsp; PONIEDZIA\u0141EK \u015aw. Zygmunta Gorazdowskiego, prezbitera \u2013 wsp. Mt 7, 1-5 8.00 \u015ap. Jerzy Ro\u017centalski 26 greg. 18.00 \u015ap. Wac\u0142awa(k) i Leon \u017bbikowscy 18.00 \u015ap. Jadwiga Kowalska &nbsp; 27 czerwca&nbsp; WTOREK Naj\u015bwi\u0119tszej Maryi Panny Nieustaj\u0105cej Pomocy \u2013 wsp. Mt 7, 6.12-14 8.00 \u015ap. Janina Walko w 10 miesi\u0105c po \u015bmierci 8.00 \u015ap. Jerzy [&hellip;]<\/p>\n","protected":false},"author":1,"featured_media":2526,"comment_status":"closed","ping_status":"closed","sticky":false,"template":"","format":"standard","meta":{"ngg_post_thumbnail":0,"footnotes":""},"categories":[11,8,4],"tags":[],"class_list":["post-2886","post","type-post","status-publish","format-standard","has-post-thumbnail","hentry","category-aktualnosci","category-blog","category-intencje"],"_links":{"self":[{"href":"https:\/\/rafalk-elblag.pl\/index.php?rest_route=\/wp\/v2\/posts\/2886","targetHints":{"allow":["GET"]}}],"collection":[{"href":"https:\/\/rafalk-elblag.pl\/index.php?rest_route=\/wp\/v2\/posts"}],"about":[{"href":"https:\/\/rafalk-elblag.pl\/index.php?rest_route=\/wp\/v2\/types\/post"}],"author":[{"embeddable":true,"href":"https:\/\/rafalk-elblag.pl\/index.php?rest_route=\/wp\/v2\/users\/1"}],"replies":[{"embeddable":true,"href":"https:\/\/rafalk-elblag.pl\/index.php?rest_route=%2Fwp%2Fv2%2Fcomments&post=2886"}],"version-history":[{"count":1,"href":"https:\/\/rafalk-elblag.pl\/index.php?rest_route=\/wp\/v2\/posts\/2886\/revisions"}],"predecessor-version":[{"id":2887,"href":"https:\/\/rafalk-elblag.pl\/index.php?rest_route=\/wp\/v2\/posts\/2886\/revisions\/2887"}],"wp:featuredmedia":[{"embeddable":true,"href":"https:\/\/rafalk-elblag.pl\/index.php?rest_route=\/wp\/v2\/media\/2526"}],"wp:attachment":[{"href":"https:\/\/rafalk-elblag.pl\/index.php?rest_route=%2Fwp%2Fv2%2Fmedia&parent=2886"}],"wp:term":[{"taxonomy":"category","embeddable":true,"href":"https:\/\/rafalk-elblag.pl\/index.php?rest_route=%2Fwp%2Fv2%2Fcategories&post=2886"},{"taxonomy":"post_tag","embeddable":true,"href":"https:\/\/rafalk-elblag.pl\/index.php?rest_route=%2Fwp%2Fv2%2Ftags&post=2886"}],"curies":[{"name":"wp","href":"https:\/\/api.w.org\/{rel}","templated":true}]}}