{"id":2879,"date":"2017-06-19T06:21:48","date_gmt":"2017-06-19T06:21:48","guid":{"rendered":"http:\/\/rafalk-elblag.pl\/?p=2879"},"modified":"2017-06-19T06:21:48","modified_gmt":"2017-06-19T06:21:48","slug":"ogloszenia-parafialne-18-06-2017-r-xi-niedziela-zwykla","status":"publish","type":"post","link":"https:\/\/rafalk-elblag.pl\/?p=2879","title":{"rendered":"OG\u0141OSZENIA PARAFIALNE 18.06.2017 R. XI NIEDZIELA ZWYK\u0141A"},"content":{"rendered":"<p><a href=\"http:\/\/rafalk-elblag.pl\/wp-content\/uploads\/2016\/12\/pulpit.jpg\"><img loading=\"lazy\" decoding=\"async\" class=\"alignnone size-large wp-image-2530\" src=\"http:\/\/rafalk-elblag.pl\/wp-content\/uploads\/2016\/12\/pulpit-1024x682.jpg\" alt=\"\" width=\"900\" height=\"599\" srcset=\"https:\/\/rafalk-elblag.pl\/wp-content\/uploads\/2016\/12\/pulpit-1024x682.jpg 1024w, https:\/\/rafalk-elblag.pl\/wp-content\/uploads\/2016\/12\/pulpit-300x200.jpg 300w, https:\/\/rafalk-elblag.pl\/wp-content\/uploads\/2016\/12\/pulpit-768x512.jpg 768w, https:\/\/rafalk-elblag.pl\/wp-content\/uploads\/2016\/12\/pulpit.jpg 1698w\" sizes=\"auto, (max-width: 900px) 100vw, 900px\" \/><\/a><\/p>\n<p>&nbsp;<\/p>\n<p>1. W <strong>Oktawie Bo\u017cego Cia\u0142a<\/strong> zapraszamy wiernych do udzia\u0142u we Mszy \u015bw. o godz. 18.00, a po niej na nabo\u017ce\u0144stwo czerwcowe po\u0142\u0105czone z procesj\u0105 eucharystyczn\u0105. Zapraszamy dzieci do sypania kwiat\u00f3w (wed\u0142ug zamieszczonego porz\u0105dku), a doros\u0142ych do przygotowania procesji. <strong>Udzia\u0142 w procesji jest wyrazem wiary w obecno\u015b\u0107 Jezusa Chrystusa w Naj\u015bwi\u0119tszym Sakramencie.<\/strong> Szczeg\u00f3lnie zapraszamy dzieci pierwszokomunijne i rocznicowe do sypania kwiatk\u00f3w:<\/p>\n<ul>\n<li>niedziela klasa III D,<\/li>\n<li>poniedzia\u0142ek klasa III E,<\/li>\n<li>wtorek klasa III D,<\/li>\n<li>\u015broda klasa IV A,<\/li>\n<li>czwartek klasa IV B,<\/li>\n<li>pi\u0105tek klasa IV C.<\/li>\n<\/ul>\n<p><strong>&nbsp;<\/strong><\/p>\n<p><strong>2. Msza \u015awi\u0119ta Prymicyjna ks. Kamila Bobera dzisiaj o godz. 12.00.<\/strong><em> W imieniu Neoprezbitera Kamila zapraszamy parafian do wzi\u0119cia udzia\u0142u w tak wyj\u0105tkowej uroczysto\u015bci. <\/em><\/p>\n<p>&nbsp;<\/p>\n<p>3. Dzisiaj o godz. 18.00 Ks. Biskup Senior J\u00f3zef Wysocki udzieli <strong>SAKRAMENTU BIERZMOWANIA<\/strong> grupie m\u0142odzie\u017cy (39 os\u00f3b), kt\u00f3ra przez dwa lata przechodzi\u0142a czas przygotowania. <strong><em>Pro\u015bmy o dary Ducha \u015awi\u0119tego dla tych m\u0142odych ludzi. <\/em><\/strong><\/p>\n<p>&nbsp;<\/p>\n<p>4. Dzi\u0119kuj\u0119 ks. Marcinowi za przygotowanie m\u0142odzie\u017cy do SAKRAMENTU BIERZMOWANIA i tym kt\u00f3rzy mu pomagali. B\u00f3g zap\u0142a\u0107.<\/p>\n<p><strong>&nbsp;<\/strong><\/p>\n<p><strong>5. W pi\u0105tek 23 czerwca br. obchodzimy Dzie\u0144 Ojca<\/strong>. Pami\u0119tajmy w modlitwie o naszych ojcach: pro\u015bmy dla \u017cywych o Bo\u017ce b\u0142ogos\u0142awie\u0144stwo i opiek\u0119 \u015bw. J\u00f3zefa, a dla zmar\u0142ych o \u0142ask\u0119 nieba.<\/p>\n<p>&nbsp;<\/p>\n<p>6. We wtorek 20 czerwca o godz. 10.00 zapraszamy dzieci z Przedszkola nr 24 i dzieci z zer\u00f3wki wraz z rodzicami lub opiekunami na nabo\u017ce\u0144stwo i b\u0142ogos\u0142awie\u0144stwo udzielone na czas wakacji. <em>W czasie tego spotkania nast\u0105pi wr\u0119czenie dyplomik\u00f3w.<\/em><\/p>\n<p>&nbsp;<\/p>\n<p>7. Ostatnie, w tym roku formacyjnym, spotkanie Kr\u0119gu Biblijnego odb\u0119dzie si\u0119 w \u015brod\u0119, tj. 21 czerwca o godz. 19.00 w salce na plebanii. Serdecznie zapraszamy.<\/p>\n<p><strong>&nbsp;<\/strong><\/p>\n<p><strong>8. Uroczyste zako\u0144czenie ROKU SZKOLNEGO 2016\/2017: <\/strong>dla Szko\u0142y Podstawowej nr 11 <strong>w czwartek<\/strong> na Mszy \u015bw. o godz. 9.00; natomiast dla Gimnazjum nr 4 o godz. 10.15. Zapraszamy dzieci, m\u0142odzie\u017c i nauczycieli do udzia\u0142u we wsp\u00f3lnej modlitwie, zako\u0144czonej b\u0142ogos\u0142awie\u0144stwem na wakacje. <strong><em>Zach\u0119camy dzieci i m\u0142odzie\u017c do skorzystania z sakramentu Spowiedzi \u015bwi\u0119tej w ci\u0105gu tygodnia i Komunii \u015aw., aby w ten spos\u00f3b podzi\u0119kowa\u0107 za wszystkie dobra otrzymane w roku szkolnym<\/em>. <\/strong><\/p>\n<p><strong>&nbsp;<\/strong><\/p>\n<p><em>9. Dzieciom i m\u0142odzie\u017cy \u017cyczymy udanych i bezpiecznych wakacji, polecaj\u0105c je opiece Anio\u0142\u00f3w Str\u00f3\u017c\u00f3w. Szcz\u0119\u015b\u0107 Wam Bo\u017ce. <\/em><\/p>\n<p><strong>&nbsp;<\/strong><\/p>\n<p><strong>10. Grupa P\u00d3\u0141NOC ELBL\u0104G<\/strong> zaprasza wszystkich, kt\u00f3rzy pragn\u0105 w\u0119drowa\u0107 <em>w JUBILEUSZOWEJ XXV Elbl\u0105skiej Pielgrzymce Pieszej na Jasn\u0105 G\u00f3r\u0119<\/em> na spotkanie organizacyjne 18 czerwca o godz. 20.00 w sali na plebanii w parafii \u015bw. Wojciecha w Elbl\u0105gu. Has\u0142o tegorocznej pielgrzymki brzmi: <strong>\u201eABY ON WZRASTA\u0141 WE MNIE\u2026\u201d. <\/strong>Wi\u0119cej informacji u ks. Marcina.<\/p>\n<p><strong>&nbsp;<\/strong><\/p>\n<p><strong>11. Za tydzie\u0144 na Mszy \u015bw. o godz. 18.00 b\u0119dziemy dzi\u0119kowa\u0107 ksi\u0119dzu S\u0142awkowi, kt\u00f3ry po 3 latach pracy w naszej parafii zosta\u0142 skierowany przez Biskupa Elbl\u0105skiego na zaoczne studia doktoranckie na Uniwersytecie Warmi\u0144sko \u2013 Mazurskim w Olsztynie i z dniem 1 lipca b\u0119dzie pracowa\u0142 w innej parafii. Niech ta Msza \u015bwi\u0119ta b\u0119dzie wyrazem naszej wdzi\u0119czno\u015bci za pos\u0142ug\u0119 kap\u0142a\u0144sk\u0105 ks. S\u0142awka po\u015br\u00f3d nas. Serdecznie zapraszamy!<\/strong><\/p>\n<p><strong>&nbsp;<\/strong><\/p>\n<p><strong>12. VIII Rowerowa Pielgrzymka z Elbl\u0105ga na Jasn\u0105 G\u00f3r\u0119 w dniach: 5-11.08.2017r. <\/strong>Serdecznie zapraszamy wszystkich mi\u0142o\u015bnik\u00f3w dw\u00f3ch k\u00f3\u0142ek do wsp\u00f3lnego pielgrzymowania. Spotkanie organizacyjne odb\u0119dzie si\u0119 w Parafii \u015aw. Jerzego w niedziel\u0119 11.06. o godz. 17.00 w sali parafialnej. <strong>Organizator: <\/strong>Ks. Krzysztof &#8211; tel. <strong>515 164&nbsp;250<\/strong><\/p>\n<p>&nbsp;<\/p>\n<p>13. Zach\u0119camy do prasy katolickiej: nowy numer \u201eGo\u015bcia Niedzielnego\u201d- 5 z\u0142.<\/p>\n<p>&nbsp;<\/p>\n<p>&nbsp;<\/p>\n<p style=\"text-align: center;\"><strong>Numer Konta Parafialnego<\/strong><\/p>\n<p style=\"text-align: center;\"><strong>PKO BP 72 1020 1752 0000 0102 0069 6047<\/strong><\/p>\n<p style=\"text-align: center;\">&nbsp;<\/p>\n<p style=\"text-align: center;\">&nbsp;<\/p>\n","protected":false},"excerpt":{"rendered":"<p>&nbsp; 1. W Oktawie Bo\u017cego Cia\u0142a zapraszamy wiernych do udzia\u0142u we Mszy \u015bw. o godz. 18.00, a po niej na nabo\u017ce\u0144stwo czerwcowe po\u0142\u0105czone z procesj\u0105 eucharystyczn\u0105. Zapraszamy dzieci do sypania kwiat\u00f3w (wed\u0142ug zamieszczonego porz\u0105dku), a doros\u0142ych do przygotowania procesji. Udzia\u0142 w procesji jest wyrazem wiary w obecno\u015b\u0107 Jezusa Chrystusa w Naj\u015bwi\u0119tszym Sakramencie. Szczeg\u00f3lnie zapraszamy dzieci [&hellip;]<\/p>\n","protected":false},"author":1,"featured_media":2530,"comment_status":"closed","ping_status":"closed","sticky":false,"template":"","format":"standard","meta":{"ngg_post_thumbnail":0,"footnotes":""},"categories":[11,8,3],"tags":[],"class_list":["post-2879","post","type-post","status-publish","format-standard","has-post-thumbnail","hentry","category-aktualnosci","category-blog","category-ogloszenia"],"_links":{"self":[{"href":"https:\/\/rafalk-elblag.pl\/index.php?rest_route=\/wp\/v2\/posts\/2879","targetHints":{"allow":["GET"]}}],"collection":[{"href":"https:\/\/rafalk-elblag.pl\/index.php?rest_route=\/wp\/v2\/posts"}],"about":[{"href":"https:\/\/rafalk-elblag.pl\/index.php?rest_route=\/wp\/v2\/types\/post"}],"author":[{"embeddable":true,"href":"https:\/\/rafalk-elblag.pl\/index.php?rest_route=\/wp\/v2\/users\/1"}],"replies":[{"embeddable":true,"href":"https:\/\/rafalk-elblag.pl\/index.php?rest_route=%2Fwp%2Fv2%2Fcomments&post=2879"}],"version-history":[{"count":1,"href":"https:\/\/rafalk-elblag.pl\/index.php?rest_route=\/wp\/v2\/posts\/2879\/revisions"}],"predecessor-version":[{"id":2880,"href":"https:\/\/rafalk-elblag.pl\/index.php?rest_route=\/wp\/v2\/posts\/2879\/revisions\/2880"}],"wp:featuredmedia":[{"embeddable":true,"href":"https:\/\/rafalk-elblag.pl\/index.php?rest_route=\/wp\/v2\/media\/2530"}],"wp:attachment":[{"href":"https:\/\/rafalk-elblag.pl\/index.php?rest_route=%2Fwp%2Fv2%2Fmedia&parent=2879"}],"wp:term":[{"taxonomy":"category","embeddable":true,"href":"https:\/\/rafalk-elblag.pl\/index.php?rest_route=%2Fwp%2Fv2%2Fcategories&post=2879"},{"taxonomy":"post_tag","embeddable":true,"href":"https:\/\/rafalk-elblag.pl\/index.php?rest_route=%2Fwp%2Fv2%2Ftags&post=2879"}],"curies":[{"name":"wp","href":"https:\/\/api.w.org\/{rel}","templated":true}]}}