{"id":2877,"date":"2017-06-19T06:15:39","date_gmt":"2017-06-19T06:15:39","guid":{"rendered":"http:\/\/rafalk-elblag.pl\/?p=2877"},"modified":"2017-06-19T06:15:39","modified_gmt":"2017-06-19T06:15:39","slug":"intencje-mszalne-na-xi-tydzien-okresu-zwyklego-19-25-06-2017-r","status":"publish","type":"post","link":"https:\/\/rafalk-elblag.pl\/?p=2877","title":{"rendered":"INTENCJE MSZALNE NA XI TYDZIE\u0143 OKRESU ZWYK\u0141EGO (19-25.06.2017 R.)"},"content":{"rendered":"<p><a href=\"http:\/\/rafalk-elblag.pl\/wp-content\/uploads\/2016\/12\/shutterstock_49643152-1000.jpg\"><img loading=\"lazy\" decoding=\"async\" class=\"alignnone size-full wp-image-2526\" src=\"http:\/\/rafalk-elblag.pl\/wp-content\/uploads\/2016\/12\/shutterstock_49643152-1000.jpg\" alt=\"\" width=\"1000\" height=\"665\" srcset=\"https:\/\/rafalk-elblag.pl\/wp-content\/uploads\/2016\/12\/shutterstock_49643152-1000.jpg 1000w, https:\/\/rafalk-elblag.pl\/wp-content\/uploads\/2016\/12\/shutterstock_49643152-1000-300x200.jpg 300w, https:\/\/rafalk-elblag.pl\/wp-content\/uploads\/2016\/12\/shutterstock_49643152-1000-768x511.jpg 768w\" sizes=\"auto, (max-width: 1000px) 100vw, 1000px\" \/><\/a><\/p>\n<p>&nbsp;<\/p>\n<table width=\"726\">\n<tbody>\n<tr>\n<td colspan=\"2\" width=\"593\"><strong>19 czerwca&nbsp;&nbsp; PONIEDZIA\u0141EK<\/strong><\/td>\n<td width=\"133\"><strong><em>Mt 5, 38-42<\/em><\/strong><\/td>\n<\/tr>\n<tr>\n<td width=\"87\">8.00<\/td>\n<td colspan=\"2\" width=\"639\">\u015ap. Jerzy Ro\u017centalski 19 greg.<\/td>\n<\/tr>\n<tr>\n<td width=\"87\">18.00<\/td>\n<td colspan=\"2\" width=\"639\">\u015ap. Cecylia Tabor w 7 rocz. \u015bmierci<\/td>\n<\/tr>\n<\/tbody>\n<\/table>\n<p>&nbsp;<\/p>\n<table width=\"726\">\n<tbody>\n<tr>\n<td colspan=\"2\" width=\"593\"><strong>20 czerwca&nbsp; <\/strong><strong>WTOREK<\/strong><\/td>\n<td width=\"133\"><strong><em>Mt 5, 43-48<\/em><\/strong><\/td>\n<\/tr>\n<tr>\n<td width=\"87\">8.00<\/td>\n<td colspan=\"2\" width=\"639\">\u015ap. Jerzy Ro\u017centalski 20 greg.<\/td>\n<\/tr>\n<tr>\n<td width=\"87\">18.00<\/td>\n<td colspan=\"2\" width=\"639\">Zmarli i rodze\u0144stwo z rodzin Wo\u017aniakowskich i Arcabowicz\u00f3w<\/td>\n<\/tr>\n<tr>\n<td width=\"87\">18.00<\/td>\n<td colspan=\"2\" width=\"639\">Dzi\u0119kczynna za opiek\u0119 duchow\u0105 nad wsp\u00f3lnot\u0105 \u201eKana Galilejska\u201d oraz<br \/>\no potrzebne \u0142aski i dary Ducha \u015awi\u0119tego dla ks. S\u0142awka oraz dla ca\u0142ej wsp\u00f3lnoty<\/td>\n<\/tr>\n<\/tbody>\n<\/table>\n<p>&nbsp;<\/p>\n<table width=\"726\">\n<tbody>\n<tr>\n<td colspan=\"2\" width=\"584\"><strong>21 czerwca&nbsp; \u015aRODA<\/strong><\/p>\n<p><strong>\u015aw. Alojzego Gonzagi, zakonnika \u2013 wsp.<\/strong><\/td>\n<td width=\"143\"><strong><em>Mt 6, 1-6.16-18<\/em><\/strong><\/td>\n<\/tr>\n<tr>\n<td width=\"87\">8.00<\/td>\n<td colspan=\"2\" width=\"639\">\u015ap. Jerzy Ro\u017centalski 21 greg.<\/td>\n<\/tr>\n<tr>\n<td width=\"87\">18.00<\/td>\n<td colspan=\"2\" width=\"639\">\u015ap. Genowefa, Izydor i Andrzej z rodz. Binkowskich<\/td>\n<\/tr>\n<tr>\n<td width=\"87\">18.00<\/td>\n<td colspan=\"2\" width=\"639\">\u015ap. Stanis\u0142aw(m) Fabisiak w 45 rocz. \u015bmierci oraz rodzice z obojga stron<\/td>\n<\/tr>\n<\/tbody>\n<\/table>\n<p>&nbsp;<\/p>\n<table width=\"726\">\n<tbody>\n<tr>\n<td colspan=\"2\" width=\"593\"><strong>22 czerwca&nbsp; CZWARTEK<\/strong><\/td>\n<td width=\"133\"><strong><em>Mt 6, 7-15<\/em><\/strong><\/td>\n<\/tr>\n<tr>\n<td width=\"87\">8.00<\/td>\n<td colspan=\"2\" width=\"639\">\u015ap. Jerzy Ro\u017centalski 22 greg.<\/td>\n<\/tr>\n<tr>\n<td width=\"87\">9.00<\/td>\n<td colspan=\"2\" width=\"639\">W intencji dyrekcji, nauczycieli, pracownik\u00f3w i uczni\u00f3w SP nr 11<\/td>\n<\/tr>\n<tr>\n<td width=\"87\">10.15<\/td>\n<td colspan=\"2\" width=\"639\">W intencji dyrekcji, nauczycieli, pracownik\u00f3w i uczni\u00f3w Gimnazjum nr 4<\/td>\n<\/tr>\n<tr>\n<td width=\"87\">18.00<\/td>\n<td colspan=\"2\" width=\"639\">\u015ap. Henryk Jasnoch w 7 rocz. \u015bmierci<\/td>\n<\/tr>\n<\/tbody>\n<\/table>\n<p>&nbsp;<\/p>\n<table width=\"726\">\n<tbody>\n<tr>\n<td colspan=\"2\" width=\"593\"><strong><span style=\"color: #ff0000;\">23 czerwca&nbsp; PI\u0104TEK<\/span> &nbsp; &nbsp; &nbsp; &nbsp;<span style=\"color: #0000ff;\">Dzie\u0144 Ojca<\/span><\/strong><\/p>\n<p><span style=\"color: #ff0000;\"><strong>Uroczysto\u015b\u0107 Naj\u015bwi\u0119tszego Serca Pana Jezusa<\/strong><\/span><\/td>\n<td width=\"133\"><strong><em>Mt 11, 25-30<\/em><\/strong><\/td>\n<\/tr>\n<tr>\n<td width=\"87\">8.00<\/td>\n<td colspan=\"2\" width=\"639\">\u015ap. Jerzy Ro\u017centalski 23 greg.<\/td>\n<\/tr>\n<tr>\n<td width=\"87\">8.00<\/td>\n<td colspan=\"2\" width=\"639\">\u015ap. W\u0142adys\u0142aw(m) Waszak w 5 rocz. \u015bmierci, Dzie\u0144 Ojca i imienin<\/td>\n<\/tr>\n<tr>\n<td width=\"87\">18.00<\/td>\n<td colspan=\"2\" width=\"639\">\u015ap. Stanis\u0142aw(m) Kuchta<\/td>\n<\/tr>\n<tr>\n<td width=\"87\">18.00<\/td>\n<td colspan=\"2\" width=\"639\">\u015ap. Monika i Jan Ostrowscy oraz zmarli rodzice<\/td>\n<\/tr>\n<\/tbody>\n<\/table>\n<p>&nbsp;<\/p>\n<table width=\"726\">\n<tbody>\n<tr>\n<td colspan=\"2\" width=\"593\"><span style=\"color: #ff0000;\"><strong>24 czerwca&nbsp; SOBOTA<\/strong><\/span><\/p>\n<p><span style=\"color: #ff0000;\"><strong>Uroczysto\u015b\u0107 Narodzenia \u015bw. Jana Chrzciciela<\/strong><\/span><\/td>\n<td width=\"133\"><strong><em>\u0141k 1, 57-66<\/em><\/strong><\/td>\n<\/tr>\n<tr>\n<td width=\"87\">8.00<\/td>\n<td colspan=\"2\" width=\"639\">\u015ap. Jerzy Ro\u017centalski 24 greg.<\/td>\n<\/tr>\n<tr>\n<td width=\"87\">8.00<\/td>\n<td colspan=\"2\" width=\"639\">\u015ap. Stanis\u0142awa(k) w 1 rocz. \u015bmierci, \u015bp. Adolf, Franciszek(m), Wojciech, Zbigniew z rodziny Adamowicz<\/td>\n<\/tr>\n<tr>\n<td width=\"87\">18.00<\/td>\n<td colspan=\"2\" width=\"639\">\u015ap. Maria i Stanis\u0142aw(m) Bielscy<\/td>\n<\/tr>\n<tr>\n<td width=\"87\">18.00<\/td>\n<td colspan=\"2\" width=\"639\">\u015ap. Janina i Jan Walko<\/td>\n<\/tr>\n<\/tbody>\n<\/table>\n<p>&nbsp;<\/p>\n<table width=\"726\">\n<tbody>\n<tr>\n<td colspan=\"2\" width=\"593\"><span style=\"color: #008000;\"><strong>25 czerwca&nbsp; XII NIEDZIELA ZWYK\u0141A <\/strong><\/span><\/td>\n<td width=\"133\"><strong><em>Mt 10, 26-33<\/em><\/strong><\/td>\n<\/tr>\n<tr>\n<td width=\"87\">7.00<\/td>\n<td colspan=\"2\" width=\"639\">\u015ap. Helena Kulma w 2 rocz. \u015bmierci<\/td>\n<\/tr>\n<tr>\n<td width=\"87\">9.00<\/td>\n<td colspan=\"2\" width=\"639\">\u015ap. Janina i Leopold B\u0105k<\/td>\n<\/tr>\n<tr>\n<td width=\"87\">9.00<\/td>\n<td colspan=\"2\" width=\"639\">\u015ap. Janina i Jan, \u015bp. Tadeusz i Zbigniew Pastuszka oraz \u015bp. Wojciech Lewicki<\/td>\n<\/tr>\n<tr>\n<td width=\"87\">10.30<\/td>\n<td colspan=\"2\" width=\"639\">\u015ap. Zdzis\u0142aw Borowski<\/td>\n<\/tr>\n<tr>\n<td width=\"87\"><strong>12.00<\/strong><\/td>\n<td colspan=\"2\" width=\"639\"><strong>Za parafian<\/strong><\/td>\n<\/tr>\n<tr>\n<td width=\"87\">12.00<\/td>\n<td colspan=\"2\" width=\"639\">O Bo\u017ce b\u0142ogos\u0142., potrzebne \u0142aski, opiek\u0119 Matki Bo\u017cej dla Aleksandry i Piotra Semeniuk\u00f3w z okazji 3 rocz. \u015blubu oraz o potrzebne \u0142aski dla Piotrusia<\/td>\n<\/tr>\n<tr>\n<td width=\"87\">18.00<\/td>\n<td colspan=\"2\" width=\"639\">\u015ap. Jerzy Ro\u017centalski 25 greg.<\/td>\n<\/tr>\n<tr>\n<td width=\"87\">18.00<\/td>\n<td colspan=\"2\" width=\"639\">Dzi\u0119kczynna za 3 lata pos\u0142ugi ks. S\u0142awka w naszej parafii<\/td>\n<\/tr>\n<\/tbody>\n<\/table>\n<p>&nbsp;<\/p>\n<p>&nbsp;<\/p>\n","protected":false},"excerpt":{"rendered":"<p>&nbsp; 19 czerwca&nbsp;&nbsp; PONIEDZIA\u0141EK Mt 5, 38-42 8.00 \u015ap. Jerzy Ro\u017centalski 19 greg. 18.00 \u015ap. Cecylia Tabor w 7 rocz. \u015bmierci &nbsp; 20 czerwca&nbsp; WTOREK Mt 5, 43-48 8.00 \u015ap. Jerzy Ro\u017centalski 20 greg. 18.00 Zmarli i rodze\u0144stwo z rodzin Wo\u017aniakowskich i Arcabowicz\u00f3w 18.00 Dzi\u0119kczynna za opiek\u0119 duchow\u0105 nad wsp\u00f3lnot\u0105 \u201eKana Galilejska\u201d oraz o potrzebne [&hellip;]<\/p>\n","protected":false},"author":1,"featured_media":2526,"comment_status":"closed","ping_status":"closed","sticky":false,"template":"","format":"standard","meta":{"ngg_post_thumbnail":0,"footnotes":""},"categories":[11,8,4],"tags":[],"class_list":["post-2877","post","type-post","status-publish","format-standard","has-post-thumbnail","hentry","category-aktualnosci","category-blog","category-intencje"],"_links":{"self":[{"href":"https:\/\/rafalk-elblag.pl\/index.php?rest_route=\/wp\/v2\/posts\/2877","targetHints":{"allow":["GET"]}}],"collection":[{"href":"https:\/\/rafalk-elblag.pl\/index.php?rest_route=\/wp\/v2\/posts"}],"about":[{"href":"https:\/\/rafalk-elblag.pl\/index.php?rest_route=\/wp\/v2\/types\/post"}],"author":[{"embeddable":true,"href":"https:\/\/rafalk-elblag.pl\/index.php?rest_route=\/wp\/v2\/users\/1"}],"replies":[{"embeddable":true,"href":"https:\/\/rafalk-elblag.pl\/index.php?rest_route=%2Fwp%2Fv2%2Fcomments&post=2877"}],"version-history":[{"count":1,"href":"https:\/\/rafalk-elblag.pl\/index.php?rest_route=\/wp\/v2\/posts\/2877\/revisions"}],"predecessor-version":[{"id":2878,"href":"https:\/\/rafalk-elblag.pl\/index.php?rest_route=\/wp\/v2\/posts\/2877\/revisions\/2878"}],"wp:featuredmedia":[{"embeddable":true,"href":"https:\/\/rafalk-elblag.pl\/index.php?rest_route=\/wp\/v2\/media\/2526"}],"wp:attachment":[{"href":"https:\/\/rafalk-elblag.pl\/index.php?rest_route=%2Fwp%2Fv2%2Fmedia&parent=2877"}],"wp:term":[{"taxonomy":"category","embeddable":true,"href":"https:\/\/rafalk-elblag.pl\/index.php?rest_route=%2Fwp%2Fv2%2Fcategories&post=2877"},{"taxonomy":"post_tag","embeddable":true,"href":"https:\/\/rafalk-elblag.pl\/index.php?rest_route=%2Fwp%2Fv2%2Ftags&post=2877"}],"curies":[{"name":"wp","href":"https:\/\/api.w.org\/{rel}","templated":true}]}}