{"id":2874,"date":"2017-06-14T06:30:57","date_gmt":"2017-06-14T06:30:57","guid":{"rendered":"http:\/\/rafalk-elblag.pl\/?p=2874"},"modified":"2017-06-14T06:30:57","modified_gmt":"2017-06-14T06:30:57","slug":"uroczystosc-trojcy-przenajswietszej","status":"publish","type":"post","link":"https:\/\/rafalk-elblag.pl\/?p=2874","title":{"rendered":"UROCZYSTO\u015a\u0106 TR\u00d3JCY PRZENAJ\u015aWI\u0118TSZEJ"},"content":{"rendered":"<p><a href=\"http:\/\/rafalk-elblag.pl\/wp-content\/uploads\/2017\/06\/12523.jpg\"><img loading=\"lazy\" decoding=\"async\" class=\"size-large wp-image-2875 aligncenter\" src=\"http:\/\/rafalk-elblag.pl\/wp-content\/uploads\/2017\/06\/12523-1024x735.jpg\" alt=\"\" width=\"900\" height=\"646\" srcset=\"https:\/\/rafalk-elblag.pl\/wp-content\/uploads\/2017\/06\/12523-1024x735.jpg 1024w, https:\/\/rafalk-elblag.pl\/wp-content\/uploads\/2017\/06\/12523-300x215.jpg 300w, https:\/\/rafalk-elblag.pl\/wp-content\/uploads\/2017\/06\/12523-768x551.jpg 768w, https:\/\/rafalk-elblag.pl\/wp-content\/uploads\/2017\/06\/12523.jpg 1200w\" sizes=\"auto, (max-width: 900px) 100vw, 900px\" \/><\/a><\/p>\n<p>&nbsp;<\/p>\n<p><span style=\"color: #0000ff;\"><strong>Tr\u00f3jca \u015awi\u0119ta<\/strong><\/span><\/p>\n<p><strong>&nbsp;<\/strong>&nbsp;&nbsp;&nbsp;&nbsp;&nbsp;&nbsp;&nbsp;&nbsp; Wiara w jednego Boga w trzech Osobach jest jednym z najbardziej specyficznych element\u00f3w chrze\u015bcija\u0144stwa. \u017badna inna religia tej tajemnicy nie podaje do wierzenia. <strong>Istnienie Tr\u00f3jcy \u015awi\u0119tej jest dogmatem naszej wiary<\/strong>. Samym ludzkim rozumem nie doszliby\u015bmy do tej prawdy. Objawi\u0142 nam to Jezus Chrystus. Jest wiele miejsc, na kt\u00f3rych Pan Jezus m\u00f3wi o swoim Ojcu jako odr\u0119bnej Osobie-Bogu. Mo\u017cna przytoczy\u0107 kilkadziesi\u0105t miejsc w Ewangeliach, gdzie jest mowa o Duchu \u015awi\u0119tym jako r\u00f3wnym Ojcu i Synowi i jako o odr\u0119bnej od nich Osobie. Gdy archanio\u0142 zwiastuje Maryi, \u017ce zostanie Matk\u0105, Ewangelista wyra\u017anie zaznacza, \u017ce to B\u00f3g go pos\u0142a\u0142, aby Jej zwiastowa\u0107, i\u017c porodzi Syna Bo\u017cego &#8211; i \u017ce stanie si\u0119 to za spraw\u0105 Ducha \u015awi\u0119tego (\u0141k 1, 30-35).<\/p>\n<p>&nbsp;&nbsp;&nbsp;&nbsp;&nbsp;&nbsp;&nbsp;&nbsp; Prawda o tajemnicy Tr\u00f3jcy Przenaj\u015bwi\u0119tszej jest dla nas o tyle istotna, \u017ce przedstawia Pana Boga, jakim jest sam w sobie. <strong>Pan B\u00f3g jest jeden w swojej naturze, ale w trzech osobach<\/strong>. Osoby Boskie r\u00f3\u017cni\u0105 si\u0119 mi\u0119dzy sob\u0105 rzeczywi\u015bcie tak, \u017ce jedna osoba nie jest osob\u0105 drug\u0105. Nie r\u00f3\u017cni\u0105 si\u0119 jednak natur\u0105 ani te\u017c przymiotami, ani te\u017c dzia\u0142aniem, kt\u00f3re jest wsp\u00f3lne. Maj\u0105 wsp\u00f3ln\u0105 natur\u0119 Bo\u017c\u0105, wszystkie przymioty i dzia\u0142ania Bo\u017ce. <strong>Osoby r\u00f3\u017cni\u0105 si\u0119 mi\u0119dzy sob\u0105 jedynie pochodzeniem: B\u00f3g Ojciec nie pochodzi od nikogo, Syn Bo\u017cy pochodzi przez odwieczne i duchowe zrodzenie od Ojca, Duch \u015awi\u0119ty pochodzi przez wsp\u00f3lne tchnienie mi\u0142o\u015bci Ojca i Syna<\/strong>. Pierwsz\u0105 osob\u0119 wyr\u00f3\u017cnia ojcostwo, drug\u0105 osob\u0119 &#8211; synostwo, a trzeci\u0105 &#8211; pochodzenie od Ojca i Syna. Tyle zdo\u0142a\u0142a okre\u015bli\u0107 teologia katolicka na podstawie tekst\u00f3w Pisma \u015bwi\u0119tego i pism Ojc\u00f3w Ko\u015bcio\u0142a.<\/p>\n<p>&nbsp;&nbsp;&nbsp;&nbsp;&nbsp;&nbsp;&nbsp;&nbsp; Dla pog\u0142\u0119bienia w\u015br\u00f3d wiernych nabo\u017ce\u0144stwa do Naj\u015bwi\u0119tszej Tr\u00f3jcy Ko\u015bci\u00f3\u0142 w swoich modlitwach liturgicznych dodaje: &#8222;Chwa\u0142a Ojcu i Synowi i Duchowi \u015awi\u0119temu&#8221;. Ko\u015bci\u00f3\u0142 we wszystkich swoich modlitwach wzywa Boga w trzech Osobach: ka\u017cd\u0105 modlitw\u0119 liturgiczn\u0105 ko\u0144czy wezwaniem Tr\u00f3jcy Naj\u015bwi\u0119tszej. Modlitw\u0119 &#8222;Chwa\u0142a Ojcu i Synowi, i Duchowi \u015awi\u0119temu&#8221; mia\u0142 ju\u017c wprowadzi\u0107 Sob\u00f3r Nicejski I w roku 325. Synod w Narbon (589) nakaza\u0142 kap\u0142anom ka\u017cdy psalm ko\u0144czy\u0107 t\u0105 pi\u0119kn\u0105 modlitw\u0105, co trwa po nasze czasy i znajduje swe odbicie tak\u017ce w Liturgii Godzin. W wieku XII zosta\u0142 za\u0142o\u017cony zakon trynitarzy dla uczczenia tej tajemnicy (w roku 1198). Jego fundatorami byli: \u015bw. Jan z Matha i \u015bw. Feliks Valois. Zatwierdzi\u0142 ten zakon papie\u017c Innocenty III. Szczeg\u00f3lnym czcicielem Tr\u00f3jcy by\u0142 \u015bw. Patryk (+ ok. 461), aposto\u0142 Irlandii. Tajemnic\u0119 Tr\u00f3jcy Przenaj\u015bwi\u0119tszej mia\u0142 on t\u0142umaczy\u0107 obrazem tr\u00f3jlistnej koniczyny. Do dnia dzisiejszego w jego \u015bwi\u0119to (17 III) Irlandczycy przypinaj\u0105 sobie do ubrania li\u015b\u0107 koniczyny.<\/p>\n","protected":false},"excerpt":{"rendered":"<p>&nbsp; Tr\u00f3jca \u015awi\u0119ta &nbsp;&nbsp;&nbsp;&nbsp;&nbsp;&nbsp;&nbsp;&nbsp;&nbsp; Wiara w jednego Boga w trzech Osobach jest jednym z najbardziej specyficznych element\u00f3w chrze\u015bcija\u0144stwa. \u017badna inna religia tej tajemnicy nie podaje do wierzenia. Istnienie Tr\u00f3jcy \u015awi\u0119tej jest dogmatem naszej wiary. Samym ludzkim rozumem nie doszliby\u015bmy do tej prawdy. Objawi\u0142 nam to Jezus Chrystus. Jest wiele miejsc, na kt\u00f3rych Pan Jezus m\u00f3wi [&hellip;]<\/p>\n","protected":false},"author":1,"featured_media":2875,"comment_status":"closed","ping_status":"closed","sticky":false,"template":"","format":"standard","meta":{"ngg_post_thumbnail":0,"footnotes":""},"categories":[11,8],"tags":[],"class_list":["post-2874","post","type-post","status-publish","format-standard","has-post-thumbnail","hentry","category-aktualnosci","category-blog"],"_links":{"self":[{"href":"https:\/\/rafalk-elblag.pl\/index.php?rest_route=\/wp\/v2\/posts\/2874","targetHints":{"allow":["GET"]}}],"collection":[{"href":"https:\/\/rafalk-elblag.pl\/index.php?rest_route=\/wp\/v2\/posts"}],"about":[{"href":"https:\/\/rafalk-elblag.pl\/index.php?rest_route=\/wp\/v2\/types\/post"}],"author":[{"embeddable":true,"href":"https:\/\/rafalk-elblag.pl\/index.php?rest_route=\/wp\/v2\/users\/1"}],"replies":[{"embeddable":true,"href":"https:\/\/rafalk-elblag.pl\/index.php?rest_route=%2Fwp%2Fv2%2Fcomments&post=2874"}],"version-history":[{"count":1,"href":"https:\/\/rafalk-elblag.pl\/index.php?rest_route=\/wp\/v2\/posts\/2874\/revisions"}],"predecessor-version":[{"id":2876,"href":"https:\/\/rafalk-elblag.pl\/index.php?rest_route=\/wp\/v2\/posts\/2874\/revisions\/2876"}],"wp:featuredmedia":[{"embeddable":true,"href":"https:\/\/rafalk-elblag.pl\/index.php?rest_route=\/wp\/v2\/media\/2875"}],"wp:attachment":[{"href":"https:\/\/rafalk-elblag.pl\/index.php?rest_route=%2Fwp%2Fv2%2Fmedia&parent=2874"}],"wp:term":[{"taxonomy":"category","embeddable":true,"href":"https:\/\/rafalk-elblag.pl\/index.php?rest_route=%2Fwp%2Fv2%2Fcategories&post=2874"},{"taxonomy":"post_tag","embeddable":true,"href":"https:\/\/rafalk-elblag.pl\/index.php?rest_route=%2Fwp%2Fv2%2Ftags&post=2874"}],"curies":[{"name":"wp","href":"https:\/\/api.w.org\/{rel}","templated":true}]}}