{"id":2872,"date":"2017-06-14T06:27:47","date_gmt":"2017-06-14T06:27:47","guid":{"rendered":"http:\/\/rafalk-elblag.pl\/?p=2872"},"modified":"2017-06-14T06:27:47","modified_gmt":"2017-06-14T06:27:47","slug":"ogloszenia-parafialne-11-06-2017-r-uroczystosc-trojcy-przenajswietszej","status":"publish","type":"post","link":"https:\/\/rafalk-elblag.pl\/?p=2872","title":{"rendered":"OG\u0141OSZENIA PARAFIALNE 11.06.2017 R. UROCZYSTO\u015a\u0106 TR\u00d3JCY PRZENAJ\u015aWI\u0118TSZEJ"},"content":{"rendered":"<p><a href=\"http:\/\/rafalk-elblag.pl\/wp-content\/uploads\/2016\/12\/pulpit.jpg\"><img loading=\"lazy\" decoding=\"async\" class=\"alignnone size-large wp-image-2530\" src=\"http:\/\/rafalk-elblag.pl\/wp-content\/uploads\/2016\/12\/pulpit-1024x682.jpg\" alt=\"\" width=\"900\" height=\"599\" srcset=\"https:\/\/rafalk-elblag.pl\/wp-content\/uploads\/2016\/12\/pulpit-1024x682.jpg 1024w, https:\/\/rafalk-elblag.pl\/wp-content\/uploads\/2016\/12\/pulpit-300x200.jpg 300w, https:\/\/rafalk-elblag.pl\/wp-content\/uploads\/2016\/12\/pulpit-768x512.jpg 768w, https:\/\/rafalk-elblag.pl\/wp-content\/uploads\/2016\/12\/pulpit.jpg 1698w\" sizes=\"auto, (max-width: 900px) 100vw, 900px\" \/><\/a><\/p>\n<p>&nbsp;<\/p>\n<p>1. Dzisiaj na Sumie Parafialnej o godz. 12.00 dzieci klas IV prze\u017cywa\u0107 b\u0119d\u0105 Rocznic\u0119 Pierwszej Komunii \u015awi\u0119tej. Prosimy o modlitw\u0119 w intencji dzieci i rodzic\u00f3w.<\/p>\n<p>&nbsp;<\/p>\n<p>2. Zapraszamy dzisiaj na <strong>MARSZ DLA \u017bYCIA I RODZINY. <\/strong>Tegoroczne has\u0142o: <strong>\u201eCZAS NA RODZIN\u0118\u201d. <\/strong>Marsz rozpocznie si\u0119 o godz. 14.30 na Placu Jagiello\u0144czyka sk\u0105d uczestnicy przemaszeruj\u0105 na plac przed Katedr\u0105 Elbl\u0105sk\u0105. Tu odb\u0119dzie si\u0119 rodzinny festyn. Organizatorzy zapewniaj\u0105 wiele atrakcji i konkurencji dla dzieci. B\u0119dzie mo\u017cliwo\u015b\u0107 posmakowania wojskowej groch\u00f3wki.<\/p>\n<p><strong>&nbsp;<\/strong><\/p>\n<p><strong>3. W przysz\u0142\u0105 niedziel\u0119 tj. 18 czerwca br. sw\u0105 Msz\u0119 \u015awi\u0119t\u0105 Prymicyjn\u0105 o godz. 12.00 prze\u017cywa\u0107 b\u0119dzie nasz parafianin ks. Kamil Bober, kt\u00f3ry przyj\u0105\u0142 \u015awi\u0119cenia Kap\u0142a\u0144skie dnia 3 czerwca br. w Nowym Jorku. <\/strong><em>&nbsp;W imieniu Neoprezbitera Kamila, Jego rodzic\u00f3w i nas kap\u0142an\u00f3w, serdecznie zapraszamy do wzi\u0119cia udzia\u0142u w tak wyj\u0105tkowej uroczysto\u015bci. Wyj\u015bcie z domu z ul. Broniewskiego o godz. 11.45. <\/em><\/p>\n<p>&nbsp;<\/p>\n<p>4. W czwartek przypada <strong>UROCZYSTO\u015a\u0106 BO\u017bEGO CIA\u0141A<\/strong>. Msze \u015aw. odprawione b\u0119d\u0105o godz. 7.00, 9.00 i bezpo\u015brednio po zako\u0144czeniu procesji oraz o godz. 18.00. <strong><u>W tym roku procesja wyruszy z parafii \u015bw. Brata Alberta po Mszy \u015bw. o godz. 10.30.<\/u><\/strong> Zach\u0119camy parafian do przyozdobienia okien swoich mieszka\u0144. Procesja przejdzie ulicami: <u>Legion\u00f3w, Niepodleg\u0142o\u015bci, Broniewskiego i Sobieskiego.<\/u> Wsp\u00f3lnoty parafialne prosimy o pomoc: w dekorowaniu ko\u015bcio\u0142a \u2013 <strong>Domowy Ko\u015bci\u00f3\u0142<\/strong>, trzeciego o\u0142tarza \u2013 <strong>Katolickie Stowarzyszenie M\u0142odzie\u017cy<\/strong>, czwartego o\u0142tarza \u2013<strong> Odnowa w Duchu \u015awi\u0119tym<\/strong>, a pozosta\u0142ych parafian prosimy o przynoszenie kwiat\u00f3w.<\/p>\n<p>&nbsp;<\/p>\n<p>5. Zapraszamy dziewczynki do sypania kwiat\u00f3w: pr\u00f3ba w poniedzia\u0142ek (12 czerwca ) o godz. 17.00. Prosimy rodzic\u00f3w o zach\u0119cenie dzieci do czynnego udzia\u0142u w procesji.<\/p>\n<p>&nbsp;<\/p>\n<p>6. W <strong>Oktawie Bo\u017cego Cia\u0142a<\/strong> zapraszamy wiernych do udzia\u0142u we Mszy \u015bw. i nabo\u017ce\u0144stwie czerwcowym po\u0142\u0105czonym z procesj\u0105 eucharystyczn\u0105. Zapraszamy dzieci do sypania kwiat\u00f3w, a doros\u0142ych do przygotowania procesji. <strong>Udzia\u0142 w procesji jest wyrazem wiary w obecno\u015b\u0107 Jezusa Chrystusa w Naj\u015bwi\u0119tszym Sakramencie.<\/strong><\/p>\n<p>&nbsp;<\/p>\n<p>7. W pi\u0105tek tj. 16 czerwca spotkanie Bractwa Szkaplerznego na Mszy \u015bw. o godz. 18.00. <strong>Po wsp\u00f3lnych modlitwach spotkanie Rady Szkaplerznej na plebanii.<\/strong><\/p>\n<p>&nbsp;<\/p>\n<p>8. Parafia pw. \u015bw. Brata Alberta w Elbl\u0105gu <strong>W ROKU \u015aWI\u0118TEGO BRATA ALBERTA<\/strong> zaprasza do udzia\u0142u w UROCZUSTO\u015aCIACH ODPUSTOWYCH, dnia 17 czerwca br. Uroczysta Msza \u015bw. ku czci patrona o godz. 12.00 pod przewodnictwem Biskupa Elbl\u0105skiego. <em>Po Mszy \u015bw. wsp\u00f3lna AGAPA. O godz. 14.30 nabo\u017ce\u0144stwo po\u0142\u0105czone z uca\u0142owaniem Relikwii \u015bw. Brata Alberta. Serdecznie zapraszamy.<\/em><\/p>\n<p>&nbsp;<\/p>\n<p>9. W Wy\u017cszym Seminarium Duchownym w Elbl\u0105gu organizowane s\u0105 rekolekcje s\u0142u\u017c\u0105ce pog\u0142\u0119bieniu \u017cycia S\u0142owem Bo\u017cym, prowadzone metod\u0105 <strong>Lectio divina<\/strong>. Odb\u0119d\u0105 si\u0119 one <strong>w dniach 1 &#8211; 9 lipca br. <\/strong>Rekolekcje Lectio divina oparte s\u0105 na wielowiekowej praktyce modlitwy s\u0142owem Bo\u017cym, si\u0119gaj\u0105cej pocz\u0105tk\u00f3w chrze\u015bcija\u0144stwa. Wi\u0119cej informacji o rekolekcjach Lectio divina na stronie internetowej: <strong><a href=\"http:\/\/www.cneelblag.pl\">www.cneelblag.pl<\/a> <\/strong><\/p>\n<p>&nbsp;<\/p>\n<p>10. Parafia \u015bw. Rodziny w Elbl\u0105gu organizuje wycieczk\u0119 dla dzieci lub rodzin do Zakopanego w dniach 5 &#8211; 9 sierpnia 2017 r. Kontakt i zg\u0142oszenia: ks. \u0141ukasz Gaca email: <a href=\"mailto:zacka@o2.pl\">zacka@o2.pl<\/a>, tel. 55 235 75 53. Koszt: 550 z\u0142. Wi\u0119cej informacji na plakacie.<\/p>\n<p>&nbsp;<\/p>\n<p><strong>11. Wszystkich, kt\u00f3rzy w tym roku chc\u0105 wybra\u0107 si\u0119 na XXV Elbl\u0105sk\u0105 Pielgrzymk\u0119 Piesz\u0105 na Jasn\u0105 G\u00f3r\u0119 zapraszamy na spotkanie przed pielgrzymkowe, kt\u00f3re odb\u0119dzie si\u0119 18 czerwca o godz. 20.00 w salce na plebanii parafii pw. \u015bw. Wojciecha. <\/strong><\/p>\n<p>&nbsp;<\/p>\n<p>12. VIII Rowerowa Pielgrzymka z Elbl\u0105ga na Jasn\u0105 G\u00f3r\u0119 w dniach: 5-11.08.2017r. Serdecznie zapraszamy wszystkich mi\u0142o\u015bnik\u00f3w dw\u00f3ch k\u00f3\u0142ek do wsp\u00f3lnego pielgrzymowania. Spotkanie organizacyjne odb\u0119dzie si\u0119 w Parafii \u015aw. Jerzego w niedziel\u0119 11.06. o godz. 17.00 w sali parafialnej. <strong>Organizator: <\/strong>Ks. Krzysztof &#8211; tel. <strong>515 164 250.<\/strong><\/p>\n<p>&nbsp;<\/p>\n<p>13. Zach\u0119camy do prasy katolickiej: nowy numer \u201eGo\u015bcia Niedzielnego\u201d- 5 z\u0142.<\/p>\n<p>&nbsp;<\/p>\n<p>14. Pan powo\u0142a\u0142 do wieczno\u015bci \u015bp. Teres\u0119 Malinowsk\u0105 lat 84 z ul. Broniewskiego; \u015bp. W\u0142adys\u0142aw\u0119(k) Gajdamowicz lat 67 z ul. Korczaka.<\/p>\n<p>&nbsp;<\/p>\n<p>&nbsp;<\/p>\n<p style=\"text-align: center;\"><strong>Numer Konta Parafialnego<\/strong><\/p>\n<p style=\"text-align: center;\"><strong>PKO BP 72 1020 1752 0000 0102 0069 6047<\/strong><\/p>\n<p style=\"text-align: center;\">&nbsp;<\/p>\n<p style=\"text-align: center;\">&nbsp;<\/p>\n","protected":false},"excerpt":{"rendered":"<p>&nbsp; 1. Dzisiaj na Sumie Parafialnej o godz. 12.00 dzieci klas IV prze\u017cywa\u0107 b\u0119d\u0105 Rocznic\u0119 Pierwszej Komunii \u015awi\u0119tej. Prosimy o modlitw\u0119 w intencji dzieci i rodzic\u00f3w. &nbsp; 2. Zapraszamy dzisiaj na MARSZ DLA \u017bYCIA I RODZINY. Tegoroczne has\u0142o: \u201eCZAS NA RODZIN\u0118\u201d. Marsz rozpocznie si\u0119 o godz. 14.30 na Placu Jagiello\u0144czyka sk\u0105d uczestnicy przemaszeruj\u0105 na plac [&hellip;]<\/p>\n","protected":false},"author":1,"featured_media":2530,"comment_status":"closed","ping_status":"closed","sticky":false,"template":"","format":"standard","meta":{"ngg_post_thumbnail":0,"footnotes":""},"categories":[11,8,3],"tags":[],"class_list":["post-2872","post","type-post","status-publish","format-standard","has-post-thumbnail","hentry","category-aktualnosci","category-blog","category-ogloszenia"],"_links":{"self":[{"href":"https:\/\/rafalk-elblag.pl\/index.php?rest_route=\/wp\/v2\/posts\/2872","targetHints":{"allow":["GET"]}}],"collection":[{"href":"https:\/\/rafalk-elblag.pl\/index.php?rest_route=\/wp\/v2\/posts"}],"about":[{"href":"https:\/\/rafalk-elblag.pl\/index.php?rest_route=\/wp\/v2\/types\/post"}],"author":[{"embeddable":true,"href":"https:\/\/rafalk-elblag.pl\/index.php?rest_route=\/wp\/v2\/users\/1"}],"replies":[{"embeddable":true,"href":"https:\/\/rafalk-elblag.pl\/index.php?rest_route=%2Fwp%2Fv2%2Fcomments&post=2872"}],"version-history":[{"count":1,"href":"https:\/\/rafalk-elblag.pl\/index.php?rest_route=\/wp\/v2\/posts\/2872\/revisions"}],"predecessor-version":[{"id":2873,"href":"https:\/\/rafalk-elblag.pl\/index.php?rest_route=\/wp\/v2\/posts\/2872\/revisions\/2873"}],"wp:featuredmedia":[{"embeddable":true,"href":"https:\/\/rafalk-elblag.pl\/index.php?rest_route=\/wp\/v2\/media\/2530"}],"wp:attachment":[{"href":"https:\/\/rafalk-elblag.pl\/index.php?rest_route=%2Fwp%2Fv2%2Fmedia&parent=2872"}],"wp:term":[{"taxonomy":"category","embeddable":true,"href":"https:\/\/rafalk-elblag.pl\/index.php?rest_route=%2Fwp%2Fv2%2Fcategories&post=2872"},{"taxonomy":"post_tag","embeddable":true,"href":"https:\/\/rafalk-elblag.pl\/index.php?rest_route=%2Fwp%2Fv2%2Ftags&post=2872"}],"curies":[{"name":"wp","href":"https:\/\/api.w.org\/{rel}","templated":true}]}}