{"id":2870,"date":"2017-06-14T06:22:38","date_gmt":"2017-06-14T06:22:38","guid":{"rendered":"http:\/\/rafalk-elblag.pl\/?p=2870"},"modified":"2017-06-14T06:22:38","modified_gmt":"2017-06-14T06:22:38","slug":"intencje-mszalne-na-x-tydzien-okresu-zwyklego-12-18-06-2017-r","status":"publish","type":"post","link":"https:\/\/rafalk-elblag.pl\/?p=2870","title":{"rendered":"INTENCJE MSZALNE NA X TYDZIE\u0143 OKRESU ZWYK\u0141EGO (12-18.06.2017 R.)"},"content":{"rendered":"<p><a href=\"http:\/\/rafalk-elblag.pl\/wp-content\/uploads\/2016\/12\/shutterstock_49643152-1000.jpg\"><img loading=\"lazy\" decoding=\"async\" class=\"alignnone size-full wp-image-2526\" src=\"http:\/\/rafalk-elblag.pl\/wp-content\/uploads\/2016\/12\/shutterstock_49643152-1000.jpg\" alt=\"\" width=\"1000\" height=\"665\" srcset=\"https:\/\/rafalk-elblag.pl\/wp-content\/uploads\/2016\/12\/shutterstock_49643152-1000.jpg 1000w, https:\/\/rafalk-elblag.pl\/wp-content\/uploads\/2016\/12\/shutterstock_49643152-1000-300x200.jpg 300w, https:\/\/rafalk-elblag.pl\/wp-content\/uploads\/2016\/12\/shutterstock_49643152-1000-768x511.jpg 768w\" sizes=\"auto, (max-width: 1000px) 100vw, 1000px\" \/><\/a><\/p>\n<p>&nbsp;<\/p>\n<table width=\"726\">\n<tbody>\n<tr>\n<td colspan=\"2\" width=\"593\"><strong>12 czerwca&nbsp;&nbsp; PONIEDZIA\u0141EK<\/strong><\/p>\n<p><strong>B\u0142. W\u0142adys\u0142awa Demskiego, prezbitera i m\u0119czennika \u2013 wsp.<\/strong><\/td>\n<td width=\"133\"><strong><em>Mt 5, 1-12<\/em><\/strong><\/td>\n<\/tr>\n<tr>\n<td width=\"87\">8.00<\/td>\n<td colspan=\"2\" width=\"639\">\u015ap. Kazimierz Ja\u015bkiewicz w 30 dzie\u0144 po pogrzebie<\/td>\n<\/tr>\n<tr>\n<td width=\"87\">8.00<\/td>\n<td colspan=\"2\" width=\"639\">\u015ap. Jerzy Ro\u017centalski 12 greg.<\/td>\n<\/tr>\n<tr>\n<td width=\"87\">18.00<\/td>\n<td colspan=\"2\" width=\"639\">\u015ap. Monika i Wiktor Jankowscy<\/td>\n<\/tr>\n<tr>\n<td width=\"87\">18.00<\/td>\n<td colspan=\"2\" width=\"639\">W intencji Panu Bogu wiadomej<\/td>\n<\/tr>\n<\/tbody>\n<\/table>\n<p>&nbsp;<\/p>\n<table width=\"726\">\n<tbody>\n<tr>\n<td colspan=\"2\" width=\"593\"><strong>13 czerwca&nbsp; <\/strong><strong>WTOREK<\/strong><\/p>\n<p><strong>\u015aw. Antoniego z Padwy, prezbitera i doktora Ko\u015bcio\u0142a \u2013 wsp.<\/strong><\/td>\n<td width=\"133\"><strong><em>Mt 5, 13-16<\/em><\/strong><\/td>\n<\/tr>\n<tr>\n<td width=\"87\">8.00<\/td>\n<td colspan=\"2\" width=\"639\">\u015ap. Jerzy Ro\u017centalski 13 greg.<\/td>\n<\/tr>\n<tr>\n<td width=\"87\">18.00<\/td>\n<td colspan=\"2\" width=\"639\">Dzi\u0119kczynna w 3 rocz. urodzin Mateusza z pro\u015bb\u0105 o Bo\u017ce b\u0142ogos\u0142. i opiek\u0119 Matki Bo\u017cej Fatimskiej dla niego i ca\u0142ej rodziny<\/td>\n<\/tr>\n<tr>\n<td width=\"87\">18.00<\/td>\n<td colspan=\"2\" width=\"639\">\u015ap. Stefania Murawska w 3 miesi\u0105c po \u015bmierci, \u015bp. Franciszek(m) Murawski<br \/>\nw 24 rocz. \u015bmierci<\/td>\n<\/tr>\n<\/tbody>\n<\/table>\n<p>&nbsp;<\/p>\n<table width=\"726\">\n<tbody>\n<tr>\n<td colspan=\"2\" width=\"593\"><strong>14 czerwca&nbsp; \u015aRODA<\/strong><\/p>\n<p><strong>B\u0142. Micha\u0142a Kozala, biskupa i m\u0119czennika \u2013 wsp.<\/strong><\/td>\n<td width=\"133\"><strong><em>Mt 5, 17-19<\/em><\/strong><\/td>\n<\/tr>\n<tr>\n<td width=\"87\">8.00<\/td>\n<td colspan=\"2\" width=\"639\">\u015ap. Jerzy Ro\u017centalski 14 greg.<\/td>\n<\/tr>\n<tr>\n<td width=\"87\">18.00<\/td>\n<td colspan=\"2\" width=\"639\">W intencjach czcicieli MBNP<\/td>\n<\/tr>\n<tr>\n<td width=\"87\">18.00<\/td>\n<td colspan=\"2\" width=\"639\">\u015ap. El\u017cbieta Kisielewska w 11 rocz. \u015bmierci<\/td>\n<\/tr>\n<\/tbody>\n<\/table>\n<p>&nbsp;<\/p>\n<table width=\"726\">\n<tbody>\n<tr>\n<td colspan=\"2\" width=\"593\"><strong>15 czerwca&nbsp; CZWARTEK<\/strong><\/p>\n<p><span style=\"color: #ff0000;\"><strong>Uroczysto\u015b\u0107 Naj\u015bwi\u0119tszego Cia\u0142a i Krwi Chrystusa<\/strong><\/span><\/td>\n<td width=\"133\"><strong><em>J 6, 51-58<\/em><\/strong><\/td>\n<\/tr>\n<tr>\n<td width=\"87\">7.00<\/td>\n<td colspan=\"2\" width=\"639\">\u015ap. Jerzy Ro\u017centalski 15 greg.<\/td>\n<\/tr>\n<tr>\n<td width=\"87\">9.00<\/td>\n<td colspan=\"2\" width=\"639\">\u015ap. Stanis\u0142awa(k) i Jan Przyborowscy<\/td>\n<\/tr>\n<tr>\n<td width=\"87\">9.00<\/td>\n<td colspan=\"2\" width=\"639\">\u015ap. Krystyna Pac w 6 miesi\u0105c po \u015bmierci<\/td>\n<\/tr>\n<tr>\n<td width=\"87\">ok. 13.00<\/td>\n<td colspan=\"2\" width=\"639\">\u015ap. Jolanta w dniu imienin, \u015bp. Bronis\u0142awa(k), Napoleon, Romuald z rodz. Karman<\/td>\n<\/tr>\n<tr>\n<td width=\"87\">18.00<\/td>\n<td colspan=\"2\" width=\"639\">Dzi\u0119kczynna za otrzymane \u0142aski z pro\u015bb\u0105 o Bo\u017ce b\u0142ogos\u0142. i opiek\u0119 Matki Bo\u017cej dla Gabrieli Karpi\u0144skiej \u2013 int. od Apostolatu Bo\u017cego Mi\u0142osierdzia<\/td>\n<\/tr>\n<\/tbody>\n<\/table>\n<p>&nbsp;<\/p>\n<table width=\"726\">\n<tbody>\n<tr>\n<td colspan=\"2\" width=\"593\"><strong>16 czerwca&nbsp; PI\u0104TEK<\/strong><\/td>\n<td width=\"133\"><strong><em>Mt 5, 27-32<\/em><\/strong><\/td>\n<\/tr>\n<tr>\n<td width=\"87\">8.00<\/td>\n<td colspan=\"2\" width=\"639\">\u015ap. Jerzy Ro\u017centalski 16 greg.<\/td>\n<\/tr>\n<tr>\n<td width=\"87\">18.00<\/td>\n<td colspan=\"2\" width=\"639\">Bractwo Szkaplerzne<\/td>\n<\/tr>\n<tr>\n<td width=\"87\">18.00<\/td>\n<td colspan=\"2\" width=\"639\">\u015ap. rodzice Olga i Jan Stankiewicz, \u015bp. Jan w 19 rocz. \u015bmierci oraz J\u00f3zef(m)<\/td>\n<\/tr>\n<\/tbody>\n<\/table>\n<p>&nbsp;<\/p>\n<table width=\"726\">\n<tbody>\n<tr>\n<td colspan=\"2\" width=\"593\"><strong>17 czerwca&nbsp; SOBOTA<\/strong><\/p>\n<p><strong>\u015aw. Brata Alberta Chmielowskiego, zakonnika \u2013 wsp.<\/strong><\/td>\n<td width=\"133\"><strong><em>Mt 5, 33-37<\/em><\/strong><\/td>\n<\/tr>\n<tr>\n<td width=\"87\">8.00<\/td>\n<td colspan=\"2\" width=\"639\">\u015ap. Irena Gaza w 1 rocz. \u015bmierci<\/td>\n<\/tr>\n<tr>\n<td width=\"87\">18.00<\/td>\n<td colspan=\"2\" width=\"639\">O Bo\u017ce b\u0142ogos\u0142. i dalsz\u0105 opiek\u0119 Matki Bo\u017cej dla Dominiki w 2 rocz. urodzin oraz dla jej rodzic\u00f3w: Weroniki i Stefana<\/td>\n<\/tr>\n<tr>\n<td width=\"87\">18.00<\/td>\n<td colspan=\"2\" width=\"639\">\u015ap. Jerzy Ro\u017centalski 17 greg.<\/td>\n<\/tr>\n<\/tbody>\n<\/table>\n<p>&nbsp;<\/p>\n<table width=\"726\">\n<tbody>\n<tr>\n<td colspan=\"2\" width=\"593\"><strong>18 czerwca&nbsp; XI NIEDZIELA ZWYK\u0141A <\/strong><\/td>\n<td width=\"133\"><strong><em>Mt 9, 36-10, 8<\/em><\/strong><\/td>\n<\/tr>\n<tr>\n<td width=\"87\">7.00<\/td>\n<td colspan=\"2\" width=\"639\">O \u015bwi\u0119to\u015b\u0107 kap\u0142a\u0144sk\u0105, dary Ducha \u015awi\u0119tego i opiek\u0119 Matki Bo\u017cej dla ks. Jerzego<\/td>\n<\/tr>\n<tr>\n<td width=\"87\">9.00<\/td>\n<td colspan=\"2\" width=\"639\">\u015ap. Piotr w dniu urodzin<\/td>\n<\/tr>\n<tr>\n<td width=\"87\">9.00<\/td>\n<td colspan=\"2\" width=\"639\">\u015ap. Jerzy Ro\u017centalski 18 greg.<\/td>\n<\/tr>\n<tr>\n<td width=\"87\">10.30<\/td>\n<td colspan=\"2\" width=\"639\">O Bo\u017ce b\u0142ogos\u0142. i opiek\u0119 Matki Bo\u017cej dla Hani, Paw\u0142a, Ani i Henryka z okazji kolejnej rocznicy urodzin<\/td>\n<\/tr>\n<tr>\n<td width=\"87\">10.30<\/td>\n<td colspan=\"2\" width=\"639\">\u015ap. Maria Tonga w 9 rocz. \u015bmierci, \u015bp. Jan Tonga<\/td>\n<\/tr>\n<tr>\n<td width=\"87\"><strong>12.00<\/strong><\/td>\n<td colspan=\"2\" width=\"639\"><strong>Msza Prymicyjna ks. Kamila Bobera<\/strong><\/td>\n<\/tr>\n<tr>\n<td width=\"87\"><strong>18.00<\/strong><\/td>\n<td colspan=\"2\" width=\"639\"><strong>Bierzmowanie<\/strong><\/td>\n<\/tr>\n<\/tbody>\n<\/table>\n<p>&nbsp;<\/p>\n<p>&nbsp;<\/p>\n","protected":false},"excerpt":{"rendered":"<p>&nbsp; 12 czerwca&nbsp;&nbsp; PONIEDZIA\u0141EK B\u0142. W\u0142adys\u0142awa Demskiego, prezbitera i m\u0119czennika \u2013 wsp. Mt 5, 1-12 8.00 \u015ap. Kazimierz Ja\u015bkiewicz w 30 dzie\u0144 po pogrzebie 8.00 \u015ap. Jerzy Ro\u017centalski 12 greg. 18.00 \u015ap. Monika i Wiktor Jankowscy 18.00 W intencji Panu Bogu wiadomej &nbsp; 13 czerwca&nbsp; WTOREK \u015aw. Antoniego z Padwy, prezbitera i doktora Ko\u015bcio\u0142a \u2013 [&hellip;]<\/p>\n","protected":false},"author":1,"featured_media":2526,"comment_status":"closed","ping_status":"closed","sticky":false,"template":"","format":"standard","meta":{"ngg_post_thumbnail":0,"footnotes":""},"categories":[11,8,4],"tags":[],"class_list":["post-2870","post","type-post","status-publish","format-standard","has-post-thumbnail","hentry","category-aktualnosci","category-blog","category-intencje"],"_links":{"self":[{"href":"https:\/\/rafalk-elblag.pl\/index.php?rest_route=\/wp\/v2\/posts\/2870","targetHints":{"allow":["GET"]}}],"collection":[{"href":"https:\/\/rafalk-elblag.pl\/index.php?rest_route=\/wp\/v2\/posts"}],"about":[{"href":"https:\/\/rafalk-elblag.pl\/index.php?rest_route=\/wp\/v2\/types\/post"}],"author":[{"embeddable":true,"href":"https:\/\/rafalk-elblag.pl\/index.php?rest_route=\/wp\/v2\/users\/1"}],"replies":[{"embeddable":true,"href":"https:\/\/rafalk-elblag.pl\/index.php?rest_route=%2Fwp%2Fv2%2Fcomments&post=2870"}],"version-history":[{"count":1,"href":"https:\/\/rafalk-elblag.pl\/index.php?rest_route=\/wp\/v2\/posts\/2870\/revisions"}],"predecessor-version":[{"id":2871,"href":"https:\/\/rafalk-elblag.pl\/index.php?rest_route=\/wp\/v2\/posts\/2870\/revisions\/2871"}],"wp:featuredmedia":[{"embeddable":true,"href":"https:\/\/rafalk-elblag.pl\/index.php?rest_route=\/wp\/v2\/media\/2526"}],"wp:attachment":[{"href":"https:\/\/rafalk-elblag.pl\/index.php?rest_route=%2Fwp%2Fv2%2Fmedia&parent=2870"}],"wp:term":[{"taxonomy":"category","embeddable":true,"href":"https:\/\/rafalk-elblag.pl\/index.php?rest_route=%2Fwp%2Fv2%2Fcategories&post=2870"},{"taxonomy":"post_tag","embeddable":true,"href":"https:\/\/rafalk-elblag.pl\/index.php?rest_route=%2Fwp%2Fv2%2Ftags&post=2870"}],"curies":[{"name":"wp","href":"https:\/\/api.w.org\/{rel}","templated":true}]}}