{"id":2867,"date":"2017-06-03T12:04:06","date_gmt":"2017-06-03T12:04:06","guid":{"rendered":"http:\/\/rafalk-elblag.pl\/?p=2867"},"modified":"2017-06-03T12:04:06","modified_gmt":"2017-06-03T12:04:06","slug":"ogloszenia-parafialne-4-06-2017-r-uroczystosc-zeslania-ducha-swietego","status":"publish","type":"post","link":"https:\/\/rafalk-elblag.pl\/?p=2867","title":{"rendered":"OG\u0141OSZENIA PARAFIALNE 4.06.2017 R. UROCZYSTO\u015a\u0106 ZES\u0141ANIA DUCHA \u015aWI\u0118TEGO"},"content":{"rendered":"<p><a href=\"http:\/\/rafalk-elblag.pl\/wp-content\/uploads\/2016\/12\/pulpit.jpg\"><img loading=\"lazy\" decoding=\"async\" class=\"alignnone size-large wp-image-2530\" src=\"http:\/\/rafalk-elblag.pl\/wp-content\/uploads\/2016\/12\/pulpit-1024x682.jpg\" alt=\"\" width=\"900\" height=\"599\" srcset=\"https:\/\/rafalk-elblag.pl\/wp-content\/uploads\/2016\/12\/pulpit-1024x682.jpg 1024w, https:\/\/rafalk-elblag.pl\/wp-content\/uploads\/2016\/12\/pulpit-300x200.jpg 300w, https:\/\/rafalk-elblag.pl\/wp-content\/uploads\/2016\/12\/pulpit-768x512.jpg 768w, https:\/\/rafalk-elblag.pl\/wp-content\/uploads\/2016\/12\/pulpit.jpg 1698w\" sizes=\"auto, (max-width: 900px) 100vw, 900px\" \/><\/a><\/p>\n<p>&nbsp;<\/p>\n<p>1. Zapraszamy dzisiaj na <strong>Adoracj\u0119 Naj\u015bwi\u0119tszego Sakramentu od godz. 15.00. <em>Rozpocznie si\u0119 ona Koronk\u0105 do Bo\u017cego Mi\u0142osierdzia.<\/em><\/strong><\/p>\n<p><strong><em>&nbsp;<\/em><\/strong><\/p>\n<p><strong>2. Msza \u015awi\u0119ta Prymicyjna ks. Piotra Makowskiego dzisiaj o godz. 13.00.<\/strong><em> W imieniu Neoprezbitera Piotra zapraszamy parafian do wzi\u0119cia udzia\u0142u w tak wyj\u0105tkowej uroczysto\u015bci. <\/em><\/p>\n<p><strong>&nbsp;<\/strong><\/p>\n<p><strong>3. Dzisiaj Uroczysto\u015b\u0107 Zes\u0142ania Ducha \u015awi\u0119tego<\/strong>, a zarazem dzie\u0144, w kt\u00f3rym mo\u017cemy uzyska\u0107 odpust zupe\u0142ny pod zwyk\u0142ymi warunkami za udzia\u0142 w publicznym \u015bpiewie lub recytacji hymnu:<strong> \u201eO Stworzycielu, Duchu przyjd\u017a\u201d. <\/strong><\/p>\n<p>&nbsp;<\/p>\n<p>4. Rodzic\u00f3w, kt\u00f3rych dzieci b\u0119d\u0105 prze\u017cywa\u0142y w tym roku <strong>rocznic\u0119 I Komunii \u015awi\u0119tej<\/strong>, zapraszamy na spotkanie: 5 czerwca (poniedzia\u0142ek) do sali na plebanii o godz. 19.00. <strong>Prosimy o zabranie ksi\u0105\u017ceczki od pierwszych pi\u0105tk\u00f3w miesi\u0105ca dziecka i rodzic\u00f3w oraz uk\u0142adank\u0119 majow\u0105<\/strong>. <em>Obecno\u015b\u0107 obowi\u0105zkowa.<\/em><\/p>\n<p><strong>&nbsp;<\/strong><\/p>\n<p><strong>5. Spotkanie organizacyjne dla pielgrzym\u00f3w udaj\u0105cych si\u0119 do Lichenia odb\u0119dzie si\u0119 we wtorek (6 czerwca) o godz. 19.00 w salce na plebanii.<\/strong><\/p>\n<p>&nbsp;<\/p>\n<p>6. Za tydzie\u0144 na Sumie Parafialnej o godz. 12.00 dzieci b\u0119d\u0105 obchodzi\u0107 rocznic\u0119 I Komunii \u015awi\u0119tej. Prosimy, aby osoby nie zwi\u0105zane z powy\u017csz\u0105 uroczysto\u015bci\u0105 wybra\u0142y inn\u0105 godzin\u0119 Mszy \u015awi\u0119tej. Dzi\u0119kujemy za zrozumienie.<\/p>\n<p>&nbsp;<\/p>\n<p>7. Za tydzie\u0144 tj. 11 czerwca br. ulicami naszego miasta przejdzie<strong> MARSZ DLA \u017bYCIA I RODZINY. <\/strong>Tegoroczne has\u0142o: <strong>\u201eCZAS NA RODZIN\u0118\u201d<\/strong> podkre\u015bla szczeg\u00f3ln\u0105 warto\u015b\u0107 ka\u017cdej osoby. Marsz rozpocznie si\u0119 o godz. 14.30 na Placu Jagiello\u0144czyka sk\u0105d uczestnicy przemaszeruj\u0105 na plac przed Katedr\u0105 Elbl\u0105sk\u0105. Tu odb\u0119dzie si\u0119 rodzinny festyn. Organizatorzy zapewniaj\u0105 wiele atrakcji i konkurencji dla dzieci. B\u0119dzie mo\u017cliwo\u015b\u0107 posmakowania wojskowej groch\u00f3wki. <strong>Wi\u0119cej informacji na plakacie.<\/strong><\/p>\n<p><strong>&nbsp;<\/strong><\/p>\n<p><strong>8. Dzi\u0119kuj\u0119 ks. S\u0142awkowi i ks. Marcinowi oraz Wsp\u00f3lnocie \u201eKana Galilejska\u201d <\/strong>za przeprowadzenie REO w naszej parafii oraz wszystkim zaanga\u017cowanym w zorganizowanie WIGILII ZES\u0141ANIA DUCHA \u015aWI\u0118TEGO.<\/p>\n<p><strong>&nbsp;<\/strong><\/p>\n<p><strong>9. W czerwcu zapraszamy<\/strong> dzieci, m\u0142odzie\u017c i doros\u0142ych do udzia\u0142u w nabo\u017ce\u0144stwach ku czci Naj\u015bwi\u0119tszego Serca Pana Jezusa, odprawianych codziennie po wieczornej Mszy \u015bwi\u0119tej.<\/p>\n<p>&nbsp;<\/p>\n<p>10. Zapraszamy osoby nale\u017c\u0105ce do <strong>APOSTOLATU \u201eMARGARETKA\u201d na wsp\u00f3lne spotkanie formacyjno \u2013 modlitewne <\/strong>w dniu 10 czerwca br. o godz. 10.00, kt\u00f3re odb\u0119dzie si\u0119 u Ojc\u00f3w Franciszkan\u00f3w w ko\u015bciele \u015bw. Paw\u0142a Aposto\u0142a przy ul. Obro\u0144c\u00f3w Pokoju 10 w Elbl\u0105gu.<\/p>\n<p>&nbsp;<\/p>\n<p>11. Nasze Seminarium, ju\u017c po raz kolejny zaprasza m\u0142odzie\u017c m\u0119sk\u0105 ze szk\u00f3\u0142 \u015brednich i student\u00f3w (ewentualnie kl. III gimnazjum) na <strong>REKOLEKCJE POWO\u0141ANIOWE<\/strong> pod has\u0142em \u201eWyszed\u0142 i przywo\u0142a\u0142\u201d w dniach 24-28 czerwca br., maj\u0105ce na celu pomoc w rozeznaniu \u017cyciowego powo\u0142ania. Zg\u0142oszenia przyjmowane s\u0105 do 20 czerwca. Informacje u ks. S\u0142awka.<\/p>\n<p>&nbsp;<\/p>\n<p>12. Parafia \u015bw. Brata Alberta w Elbl\u0105gu organizuje pielgrzymk\u0119 do Krakowa-\u0141agiewnik na og\u00f3lnopolskie obchody Roku \u015aw. Brata Alberta. Pielgrzymka odb\u0119dzie si\u0119 w dniach 9-11 czerwca. W programie pielgrzymki r\u00f3wnie\u017c pobyt w sanktuariach maryjnych na Jasnej G\u00f3rze, Trzebini oraz w Gidlach. Koszt 300 z\u0142. <em>Zosta\u0142o 6 wolnych miejsc. Kontakt z Proboszczem Parafii \u015bw. Brata Alberta<\/em><em>.<\/em><\/p>\n<p><strong>&nbsp;<\/strong><\/p>\n<p><strong>13. Parafia \u015bw. Brata Alberta zaprasza na IX Parafialne Forum Rodziny<\/strong>, kt\u00f3re odb\u0119dzie si\u0119 w dniach od 4 do 15 czerwca, pod has\u0142em: \u201eJak by\u0107 w \u015bwiecie, kt\u00f3ry dzieli. Ma\u0142\u017ce\u0144stwo \u015bwiadome celu\u201d. Ka\u017cdego dnia Eucharystia z homili\u0105 i <u>konferencja pana Micha\u0142a Piekary.<\/u> Pocz\u0105tek godz. 18.00. Dok\u0142adne informacje na plakatach oraz na stronie internetowej parafii.<\/p>\n<p>&nbsp;<\/p>\n<p>14. Ofiary z\u0142o\u017cone dzisiaj na tac\u0119 przeznaczone s\u0105 na wykonanie o\u0142tarza i ambonki z marmuru w prezbiterium ko\u015bcio\u0142a. B\u00f3g zap\u0142a\u0107 za otwarto\u015b\u0107 i zrozumienie.<\/p>\n<p>&nbsp;<\/p>\n<p>15. Zach\u0119camy do prasy katolickiej: nowy numer \u201eGo\u015bcia Niedzielnego\u201d w cenie 5 z\u0142 oraz \u201e Cuda i \u0141aski Bo\u017ce\u201d w cenie 3,50 z\u0142.<\/p>\n<p>&nbsp;<\/p>\n<p>16. Pan powo\u0142a\u0142 do wieczno\u015b\u0107 \u015bp. Mariann\u0119 Humelt, lat 87 z ul. Tuwima.<\/p>\n<p>&nbsp;<\/p>\n<p style=\"text-align: center;\"><strong>Numer Konta Parafialnego<\/strong><\/p>\n<p style=\"text-align: center;\"><strong>PKO BP 72 1020 1752 0000 0102 0069 6047<\/strong><\/p>\n<p style=\"text-align: center;\">&nbsp;<\/p>\n<p style=\"text-align: center;\">&nbsp;<\/p>\n","protected":false},"excerpt":{"rendered":"<p>&nbsp; 1. Zapraszamy dzisiaj na Adoracj\u0119 Naj\u015bwi\u0119tszego Sakramentu od godz. 15.00. Rozpocznie si\u0119 ona Koronk\u0105 do Bo\u017cego Mi\u0142osierdzia. &nbsp; 2. Msza \u015awi\u0119ta Prymicyjna ks. Piotra Makowskiego dzisiaj o godz. 13.00. W imieniu Neoprezbitera Piotra zapraszamy parafian do wzi\u0119cia udzia\u0142u w tak wyj\u0105tkowej uroczysto\u015bci. &nbsp; 3. Dzisiaj Uroczysto\u015b\u0107 Zes\u0142ania Ducha \u015awi\u0119tego, a zarazem dzie\u0144, w kt\u00f3rym [&hellip;]<\/p>\n","protected":false},"author":1,"featured_media":2530,"comment_status":"closed","ping_status":"closed","sticky":false,"template":"","format":"standard","meta":{"ngg_post_thumbnail":0,"footnotes":""},"categories":[11,8,3],"tags":[],"class_list":["post-2867","post","type-post","status-publish","format-standard","has-post-thumbnail","hentry","category-aktualnosci","category-blog","category-ogloszenia"],"_links":{"self":[{"href":"https:\/\/rafalk-elblag.pl\/index.php?rest_route=\/wp\/v2\/posts\/2867","targetHints":{"allow":["GET"]}}],"collection":[{"href":"https:\/\/rafalk-elblag.pl\/index.php?rest_route=\/wp\/v2\/posts"}],"about":[{"href":"https:\/\/rafalk-elblag.pl\/index.php?rest_route=\/wp\/v2\/types\/post"}],"author":[{"embeddable":true,"href":"https:\/\/rafalk-elblag.pl\/index.php?rest_route=\/wp\/v2\/users\/1"}],"replies":[{"embeddable":true,"href":"https:\/\/rafalk-elblag.pl\/index.php?rest_route=%2Fwp%2Fv2%2Fcomments&post=2867"}],"version-history":[{"count":1,"href":"https:\/\/rafalk-elblag.pl\/index.php?rest_route=\/wp\/v2\/posts\/2867\/revisions"}],"predecessor-version":[{"id":2868,"href":"https:\/\/rafalk-elblag.pl\/index.php?rest_route=\/wp\/v2\/posts\/2867\/revisions\/2868"}],"wp:featuredmedia":[{"embeddable":true,"href":"https:\/\/rafalk-elblag.pl\/index.php?rest_route=\/wp\/v2\/media\/2530"}],"wp:attachment":[{"href":"https:\/\/rafalk-elblag.pl\/index.php?rest_route=%2Fwp%2Fv2%2Fmedia&parent=2867"}],"wp:term":[{"taxonomy":"category","embeddable":true,"href":"https:\/\/rafalk-elblag.pl\/index.php?rest_route=%2Fwp%2Fv2%2Fcategories&post=2867"},{"taxonomy":"post_tag","embeddable":true,"href":"https:\/\/rafalk-elblag.pl\/index.php?rest_route=%2Fwp%2Fv2%2Ftags&post=2867"}],"curies":[{"name":"wp","href":"https:\/\/api.w.org\/{rel}","templated":true}]}}