{"id":2865,"date":"2017-06-03T11:59:12","date_gmt":"2017-06-03T11:59:12","guid":{"rendered":"http:\/\/rafalk-elblag.pl\/?p=2865"},"modified":"2017-06-03T11:59:12","modified_gmt":"2017-06-03T11:59:12","slug":"intencje-mszalne-na-ix-tydzien-okresu-zwyklego-5-11-06-2017-r","status":"publish","type":"post","link":"https:\/\/rafalk-elblag.pl\/?p=2865","title":{"rendered":"INTENCJE MSZALNE NA IX TYDZIE\u0143 OKRESU ZWYK\u0141EGO (5-11.06.2017 R.)"},"content":{"rendered":"<p><a href=\"http:\/\/rafalk-elblag.pl\/wp-content\/uploads\/2016\/12\/shutterstock_49643152-1000.jpg\"><img loading=\"lazy\" decoding=\"async\" class=\"alignnone size-full wp-image-2526\" src=\"http:\/\/rafalk-elblag.pl\/wp-content\/uploads\/2016\/12\/shutterstock_49643152-1000.jpg\" alt=\"\" width=\"1000\" height=\"665\" srcset=\"https:\/\/rafalk-elblag.pl\/wp-content\/uploads\/2016\/12\/shutterstock_49643152-1000.jpg 1000w, https:\/\/rafalk-elblag.pl\/wp-content\/uploads\/2016\/12\/shutterstock_49643152-1000-300x200.jpg 300w, https:\/\/rafalk-elblag.pl\/wp-content\/uploads\/2016\/12\/shutterstock_49643152-1000-768x511.jpg 768w\" sizes=\"auto, (max-width: 1000px) 100vw, 1000px\" \/><\/a><\/p>\n<p>&nbsp;<\/p>\n<table width=\"726\">\n<tbody>\n<tr>\n<td colspan=\"2\" width=\"593\"><strong>5 czerwca &nbsp;PONIEDZIA\u0141EK<\/strong><\/p>\n<p><strong>Naj\u015bwi\u0119tszej Maryi Panny, Matki Ko\u015bcio\u0142a \u2013 \u015bwi\u0119to <\/strong><\/td>\n<td width=\"133\"><strong><em>J 20, 19-23<\/em><\/strong><\/td>\n<\/tr>\n<tr>\n<td width=\"87\">8.00<\/td>\n<td colspan=\"2\" width=\"639\">\u015ap. Jerzy Ro\u017centalski 5 greg.<\/td>\n<\/tr>\n<tr>\n<td width=\"87\">18.00<\/td>\n<td colspan=\"2\" width=\"639\">\u015ap. Henryk \u015aled\u017a w 24 rocz. \u015bmierci<\/td>\n<\/tr>\n<tr>\n<td width=\"87\">18.00<\/td>\n<td colspan=\"2\" width=\"639\">\u015ap. Genowefa i Pawe\u0142 Lamparscy w kolejn\u0105 rocz. ich \u015bmierci oraz zmarli z rodziny Huszcza: Justyna, Kazimierz i Bernard<\/td>\n<\/tr>\n<\/tbody>\n<\/table>\n<p>&nbsp;<\/p>\n<table width=\"726\">\n<tbody>\n<tr>\n<td colspan=\"2\" width=\"593\"><strong>6 czerwca&nbsp; <\/strong><strong>WTOREK<\/strong><\/td>\n<td width=\"133\"><strong><em>J 19, 25-27<\/em><\/strong><\/td>\n<\/tr>\n<tr>\n<td width=\"87\">8.00<\/td>\n<td colspan=\"2\" width=\"639\">\u015ap. Jerzy Ro\u017centalski 6 greg.<\/td>\n<\/tr>\n<tr>\n<td width=\"87\">8.00<\/td>\n<td colspan=\"2\" width=\"639\">\u015ap. Zofia Blank w 7 rocz. \u015bmierci oraz zmarli z rodziny: Ryszard, Andrzej i Zbigniew<\/td>\n<\/tr>\n<tr>\n<td width=\"87\">18.00<\/td>\n<td colspan=\"2\" width=\"639\">\u015ap. Bronis\u0142awa(k) i Leon Frondzy\u0144scy, \u015bp. Genowefa i Marian Fr\u0105tczak<\/td>\n<\/tr>\n<tr>\n<td width=\"87\">18.00<\/td>\n<td colspan=\"2\" width=\"639\">\u015ap. Wies\u0142awa(k) Kurowska, Janina i Marian G\u0105siorowscy, Helena i Ignacy Bukowscy<\/td>\n<\/tr>\n<\/tbody>\n<\/table>\n<p>&nbsp;<\/p>\n<table width=\"726\">\n<tbody>\n<tr>\n<td colspan=\"2\" width=\"593\"><strong>7 czerwca&nbsp; \u015aRODA<\/strong><\/td>\n<td width=\"133\"><strong><em>Mk 12, 13-17<\/em><\/strong><\/td>\n<\/tr>\n<tr>\n<td width=\"87\">8.00<\/td>\n<td colspan=\"2\" width=\"639\">\u015ap. Antoni Karendziej w 29 rocz. \u015bmierci oraz zmarli z rodziny<\/td>\n<\/tr>\n<tr>\n<td width=\"87\">18.00<\/td>\n<td colspan=\"2\" width=\"639\">\u015ap. Jerzy Ro\u017centalski 7 greg.<\/td>\n<\/tr>\n<tr>\n<td width=\"87\">18.00<\/td>\n<td colspan=\"2\" width=\"639\">Dzi\u0119kczynna w 3 rocz. \u015bwi\u0119ce\u0144 kap\u0142a\u0144skich ks. S\u0142awka z pro\u015bb\u0105 o potrzebne dary na drodze \u017cycia kap\u0142a\u0144skiego<\/td>\n<\/tr>\n<\/tbody>\n<\/table>\n<p>&nbsp;<\/p>\n<table width=\"726\">\n<tbody>\n<tr>\n<td colspan=\"2\" width=\"593\"><strong>8 czerwca&nbsp; CZWARTEK<\/strong><\/p>\n<p><strong>Jezusa Chrystusa, Najwy\u017cszego i Wiecznego Kap\u0142ana \u2013 \u015bwi\u0119to<\/strong><\/td>\n<td width=\"133\"><strong><em>Mt 26, 36-42<\/em><\/strong><\/td>\n<\/tr>\n<tr>\n<td width=\"87\">8.00<\/td>\n<td colspan=\"2\" width=\"639\">\u015ap. Jerzy Ro\u017centalski 8 greg.<\/td>\n<\/tr>\n<tr>\n<td width=\"87\">18.00<\/td>\n<td colspan=\"2\" width=\"639\">Dzi\u0119kczynna za Apostolat Margaretka z pro\u015bb\u0105 o potrzebne \u0142aski<\/td>\n<\/tr>\n<tr>\n<td width=\"87\">18.00<\/td>\n<td colspan=\"2\" width=\"639\">Dzi\u0119kczynna w 24 rocz. \u015bwi\u0119ce\u0144 kap\u0142a\u0144skich ks. Piotra, w 23 rocz. \u015bwi\u0119ce\u0144<br \/>\nks. Wojciecha, w 3 rocz. \u015bwi\u0119ce\u0144 ks. S\u0142awka i w 8 miesi\u0105c po \u015bwi\u0119ceniach<br \/>\nks. Marcina z pro\u015bb\u0105 o dary Ducha \u015awi\u0119tego i opiek\u0119 Matki Bo\u017cej<\/td>\n<\/tr>\n<tr>\n<td width=\"87\">18.00<\/td>\n<td colspan=\"2\" width=\"639\">\u015ap. Roman Chor\u0105\u017c w kolejn\u0105 rocz. \u015bmierci oraz \u015bp. W\u0142adys\u0142awa(k) i Atanazy, \u015bp. Kazimiera(k) i Eugeniusz<\/td>\n<\/tr>\n<\/tbody>\n<\/table>\n<p>&nbsp;<\/p>\n<table width=\"726\">\n<tbody>\n<tr>\n<td colspan=\"2\" width=\"593\"><strong>9 czerwca&nbsp; PI\u0104TEK<\/strong><\/p>\n<p><strong>\u015aw. Efrema, diakona i doktora Ko\u015bcio\u0142a \u2013 wsp.<\/strong><\/td>\n<td width=\"133\"><strong><em>Mk 12, 35-37<\/em><\/strong><\/td>\n<\/tr>\n<tr>\n<td width=\"87\">8.00<\/td>\n<td colspan=\"2\" width=\"639\">\u015ap. Stanis\u0142awa(k) i Stanis\u0142aw(m) Wodniccy<\/td>\n<\/tr>\n<tr>\n<td width=\"87\">8.00<\/td>\n<td colspan=\"2\" width=\"639\">\u015ap. Jerzy Ro\u017centalski 9 greg.<\/td>\n<\/tr>\n<tr>\n<td width=\"87\">18.00<\/td>\n<td colspan=\"2\" width=\"639\">\u015ap. Bronis\u0142awa(k) i Ryszard Fija\u0142kowscy<\/td>\n<\/tr>\n<tr>\n<td width=\"87\">18.00<\/td>\n<td colspan=\"2\" width=\"639\">\u015ap. Bogdan Koz\u0142owski w 4 rocz. \u015bmierci<\/td>\n<\/tr>\n<\/tbody>\n<\/table>\n<p>&nbsp;<\/p>\n<table width=\"726\">\n<tbody>\n<tr>\n<td colspan=\"2\" width=\"593\"><strong>10 czerwca&nbsp; SOBOTA<\/strong><\/p>\n<p><strong>B\u0142. Bogumi\u0142a, biskupa \u2013 wsp.<\/strong><\/td>\n<td width=\"133\"><strong><em>Mk 12, 38-44<\/em><\/strong><\/td>\n<\/tr>\n<tr>\n<td width=\"87\">8.00<\/td>\n<td colspan=\"2\" width=\"639\">\u015ap. J\u00f3zef(m) w 40 rocz. \u015bmierci, \u015bp. Stanis\u0142awa(k), Stanis\u0142aw(m) i Ryszard<\/td>\n<\/tr>\n<tr>\n<td width=\"87\">18.00<\/td>\n<td colspan=\"2\" width=\"639\">\u015ap. Jerzy Ro\u017centalski 10 greg.<\/td>\n<\/tr>\n<tr>\n<td width=\"87\">18.00<\/td>\n<td colspan=\"2\" width=\"639\">Dzi\u0119kczynna w 11 rocz. \u015bwi\u0119ce\u0144 kap\u0142a\u0144skich ks. Tomasza Wieczorka z pro\u015bb\u0105 o dary Ducha \u015awi\u0119tego \u2013 intencja od Margaretki<\/td>\n<\/tr>\n<tr>\n<td width=\"87\">18.00<\/td>\n<td colspan=\"2\" width=\"639\">\u015ap. Teresa i Feliks Grabowscy<\/td>\n<\/tr>\n<\/tbody>\n<\/table>\n<p>&nbsp;<\/p>\n<table width=\"726\">\n<tbody>\n<tr>\n<td colspan=\"2\" width=\"593\"><strong>11 czerwca&nbsp; NIEDZIELA NAJ\u015aWI\u0118TSZEJ TR\u00d3JCY&nbsp; <\/strong><\/td>\n<td width=\"133\"><strong><em>J 3, 16-18<\/em><\/strong><\/td>\n<\/tr>\n<tr>\n<td width=\"87\">7.00<\/td>\n<td colspan=\"2\" width=\"639\">\u015ap. Jerzy Ro\u017centalski 11 greg.<\/td>\n<\/tr>\n<tr>\n<td width=\"87\">9.00<\/td>\n<td colspan=\"2\" width=\"639\">Rez.<\/td>\n<\/tr>\n<tr>\n<td width=\"87\">9.00<\/td>\n<td colspan=\"2\" width=\"639\">\u015ap. J\u00f3zef(m) Gawerski<\/td>\n<\/tr>\n<tr>\n<td width=\"87\">10.30<\/td>\n<td colspan=\"2\" width=\"639\">Zmarli z rodzin Niewi\u0144skich, Karpiesiuk, Adamowicz i Jarmoc<\/td>\n<\/tr>\n<tr>\n<td width=\"87\">10.30<\/td>\n<td colspan=\"2\" width=\"639\">Dzi\u0119kczynna w 40 rocz. \u015blubu Danuty i J\u00f3zefa Wyloci\u0144skich z pro\u015bb\u0105 o zdrowie, potrzebne \u0142aski, Bo\u017ce b\u0142ogos\u0142. i opiek\u0119 Matki Bo\u017cej dla ca\u0142ej rodziny<\/td>\n<\/tr>\n<tr>\n<td width=\"87\"><strong>12.00<\/strong><\/td>\n<td colspan=\"2\" width=\"639\"><strong>Rocznica I Komunii \u015awi\u0119tej<\/strong><\/td>\n<\/tr>\n<tr>\n<td width=\"87\">18.00<\/td>\n<td colspan=\"2\" width=\"639\">\u015ap. Mariusz Mu\u017cy\u0142o<\/td>\n<\/tr>\n<\/tbody>\n<\/table>\n<p>&nbsp;<\/p>\n<p>&nbsp;<\/p>\n","protected":false},"excerpt":{"rendered":"<p>&nbsp; 5 czerwca &nbsp;PONIEDZIA\u0141EK Naj\u015bwi\u0119tszej Maryi Panny, Matki Ko\u015bcio\u0142a \u2013 \u015bwi\u0119to J 20, 19-23 8.00 \u015ap. Jerzy Ro\u017centalski 5 greg. 18.00 \u015ap. Henryk \u015aled\u017a w 24 rocz. \u015bmierci 18.00 \u015ap. Genowefa i Pawe\u0142 Lamparscy w kolejn\u0105 rocz. ich \u015bmierci oraz zmarli z rodziny Huszcza: Justyna, Kazimierz i Bernard &nbsp; 6 czerwca&nbsp; WTOREK J 19, 25-27 [&hellip;]<\/p>\n","protected":false},"author":1,"featured_media":2526,"comment_status":"closed","ping_status":"closed","sticky":false,"template":"","format":"standard","meta":{"ngg_post_thumbnail":0,"footnotes":""},"categories":[11,8,4],"tags":[],"class_list":["post-2865","post","type-post","status-publish","format-standard","has-post-thumbnail","hentry","category-aktualnosci","category-blog","category-intencje"],"_links":{"self":[{"href":"https:\/\/rafalk-elblag.pl\/index.php?rest_route=\/wp\/v2\/posts\/2865","targetHints":{"allow":["GET"]}}],"collection":[{"href":"https:\/\/rafalk-elblag.pl\/index.php?rest_route=\/wp\/v2\/posts"}],"about":[{"href":"https:\/\/rafalk-elblag.pl\/index.php?rest_route=\/wp\/v2\/types\/post"}],"author":[{"embeddable":true,"href":"https:\/\/rafalk-elblag.pl\/index.php?rest_route=\/wp\/v2\/users\/1"}],"replies":[{"embeddable":true,"href":"https:\/\/rafalk-elblag.pl\/index.php?rest_route=%2Fwp%2Fv2%2Fcomments&post=2865"}],"version-history":[{"count":1,"href":"https:\/\/rafalk-elblag.pl\/index.php?rest_route=\/wp\/v2\/posts\/2865\/revisions"}],"predecessor-version":[{"id":2866,"href":"https:\/\/rafalk-elblag.pl\/index.php?rest_route=\/wp\/v2\/posts\/2865\/revisions\/2866"}],"wp:featuredmedia":[{"embeddable":true,"href":"https:\/\/rafalk-elblag.pl\/index.php?rest_route=\/wp\/v2\/media\/2526"}],"wp:attachment":[{"href":"https:\/\/rafalk-elblag.pl\/index.php?rest_route=%2Fwp%2Fv2%2Fmedia&parent=2865"}],"wp:term":[{"taxonomy":"category","embeddable":true,"href":"https:\/\/rafalk-elblag.pl\/index.php?rest_route=%2Fwp%2Fv2%2Fcategories&post=2865"},{"taxonomy":"post_tag","embeddable":true,"href":"https:\/\/rafalk-elblag.pl\/index.php?rest_route=%2Fwp%2Fv2%2Ftags&post=2865"}],"curies":[{"name":"wp","href":"https:\/\/api.w.org\/{rel}","templated":true}]}}