{"id":2863,"date":"2017-06-03T11:54:19","date_gmt":"2017-06-03T11:54:19","guid":{"rendered":"http:\/\/rafalk-elblag.pl\/?p=2863"},"modified":"2017-06-03T11:54:19","modified_gmt":"2017-06-03T11:54:19","slug":"ogloszenia-parafialne-28-05-2017-r-uroczystosc-wniebowstapienia-panskiego","status":"publish","type":"post","link":"https:\/\/rafalk-elblag.pl\/?p=2863","title":{"rendered":"OG\u0141OSZENIA PARAFIALNE 28.05.2017 R. UROCZYSTO\u015a\u0106 WNIEBOWST\u0104PIENIA PA\u0143SKIEGO"},"content":{"rendered":"<p><a href=\"http:\/\/rafalk-elblag.pl\/wp-content\/uploads\/2016\/12\/pulpit.jpg\"><img loading=\"lazy\" decoding=\"async\" class=\"alignnone size-large wp-image-2530\" src=\"http:\/\/rafalk-elblag.pl\/wp-content\/uploads\/2016\/12\/pulpit-1024x682.jpg\" alt=\"\" width=\"900\" height=\"599\" srcset=\"https:\/\/rafalk-elblag.pl\/wp-content\/uploads\/2016\/12\/pulpit-1024x682.jpg 1024w, https:\/\/rafalk-elblag.pl\/wp-content\/uploads\/2016\/12\/pulpit-300x200.jpg 300w, https:\/\/rafalk-elblag.pl\/wp-content\/uploads\/2016\/12\/pulpit-768x512.jpg 768w, https:\/\/rafalk-elblag.pl\/wp-content\/uploads\/2016\/12\/pulpit.jpg 1698w\" sizes=\"auto, (max-width: 900px) 100vw, 900px\" \/><\/a><\/p>\n<p>&nbsp;<\/p>\n<p><strong>1. W roku duszpasterskim prze\u017cywanym pod has\u0142em \u201eId\u017acie i g\u0142o\u015bcie\u201d <\/strong>zapraszamy na ostatnie nabo\u017ce\u0144stwo majowe na terenie naszej parafii, kt\u00f3re odb\u0119dzie si\u0119 na placu przy Sp\u00f3\u0142dzielni Mieszkaniowej \u201eNad Jarem\u201d we wtorek 30 maja o godz. 17.00, po kt\u00f3rym procesyjnie i ze \u015bpiewem wr\u00f3cimy z figur\u0105 MB Fatimskiej do ko\u015bcio\u0142a. <em>Tego dnia nie b\u0119dzie nabo\u017ce\u0144stwa w ko\u015bciele o 17.30<\/em>.<\/p>\n<p><strong>&nbsp;<\/strong><\/p>\n<p><strong>2. Msza \u015awi\u0119te Prymicyjna ks. Grzegorza Wali dzisiaj o godz. 13.00, a ks. Piotra Makowskiego w niedziel\u0119 4 czerwca br. o godz. 13.00.<\/strong><em> W imieniu Neoprezbiter\u00f3w: Grzegorza i Piotra zapraszamy parafian do wzi\u0119cia udzia\u0142u w tak wyj\u0105tkowych uroczysto\u015bciach.<\/em><\/p>\n<p><strong><em>&nbsp;<\/em><\/strong><\/p>\n<p>3. Ostanie nabo\u017ce\u0144stwa ku czci Naj\u015bwi\u0119tszej Maryi Panny, jeszcze w poniedzia\u0142ek i w \u015brod\u0119 dla doros\u0142ych i m\u0142odzie\u017cy o godz. 17.30, a dla dzieci w poniedzia\u0142ek o godz. 16.30.<\/p>\n<p>&nbsp;<\/p>\n<p><strong>4. PAMI\u0118TAJMY<\/strong>!!! W tym tygodniu DZIE\u0143 DZIECKA. Zapraszamy w czwartek (1czerwca) wszystkie dzieci do naszego ko\u015bcio\u0142a na pierwsze nabo\u017ce\u0144stwo czerwcowe o godz. 16.30 oraz na niespodziank\u0119 i indywidualne b\u0142ogos\u0142awie\u0144stwo.&nbsp;<\/p>\n<p><strong>&nbsp;<\/strong><\/p>\n<p><strong>5. W czerwcu zapraszamy<\/strong> dzieci, m\u0142odzie\u017c i doros\u0142ych do udzia\u0142u w nabo\u017ce\u0144stwach ku czci Naj\u015bwi\u0119tszego Serca Pana Jezusa, odprawianych codziennie po Mszy \u015bwi\u0119tej wieczornej.<\/p>\n<p>&nbsp;<\/p>\n<p>6. W tym tygodniu przypada pierwszy czwartek, pi\u0105tek i sobota miesi\u0105ca maja:<\/p>\n<ul>\n<li><strong>w pierwszy czwartek<\/strong> b\u0119dziemy modli\u0107 si\u0119<strong> o \u015bwi\u0119to\u015b\u0107 dla kap\u0142an\u00f3w oraz o liczne i \u015bwi\u0119te powo\u0142ania kap\u0142a\u0144skie, zakonne i misyjne z naszej parafii<\/strong>. <strong>Zapraszamy na Msz\u0119 \u015aw., a po Niej na ,,Godzin\u0119 \u015awi\u0119t\u0105\u201d<\/strong>, czyli Adoracj\u0119 przed Naj\u015bwi\u0119tszym Sakramentem.<\/li>\n<li><strong>w pierwszy pi\u0105tek<\/strong> spowied\u017a dla dzieci od godz. 15.45 <strong>(klasy IV, kt\u00f3re w tym roku maj\u0105 Rocznic\u0119 I Komunii \u015bw. przychodz\u0105 z ksi\u0105\u017ceczkami od Mszy \u015bw. i spowiedzi)<\/strong> i Msza \u015bw. o godz. 16.30, a dla doros\u0142ych spowied\u017a od godz. 17.30 i Msza \u015awi\u0119ta wotywna o godz.18.00.<\/li>\n<li><strong>w pierwsz\u0105 sobot\u0119,<\/strong> o godz. 17.00, zapraszamy na <strong>&nbsp;NABO\u017bE\u0143STWO WYNAGRADZAJ\u0104CE ZA OBELGI PRZECIWKO BO\u017bEMU MACIERZY\u0143STWU MARYI, <\/strong>w ramach nabo\u017ce\u0144stwa pierwszych pi\u0119ciu sob\u00f3t, o kt\u00f3re prosi\u0142a Matka Bo\u017ca w FATIMIE. <em>Tego dnia zmiana tajemnic dla \u017bywego R\u00f3\u017ca\u0144ca. <\/em><\/li>\n<\/ul>\n<p>&nbsp;<\/p>\n<p>7. Z racji pierwszego pi\u0105tku i soboty ksi\u0119\u017ca udadz\u0105 si\u0119 do chorych od godz. 9.30.<\/p>\n<p><strong>&nbsp;<\/strong><\/p>\n<p><strong>8. Serdecznie zapraszamy do wzi\u0119cia udzia\u0142u w jednodniowej pielgrzymce do Sanktuarium Matki Bo\u017cej Liche\u0144skiej, kt\u00f3ra odb\u0119dzie si\u0119 9 czerwca 2017r. Koszt 100z\u0142. Zapisy w zakrystii. Wi\u0119cej informacji u ks. S\u0142awka.<\/strong><\/p>\n<p>&nbsp;<\/p>\n<p>9. Zesp\u00f3\u0142 Szk\u00f3\u0142 Pijarskich w Elbl\u0105gu ul. Saper\u00f3w 20 og\u0142asza nab\u00f3r do Liceum og\u00f3lnokszta\u0142c\u0105cego o nast\u0119puj\u0105cych profilach: matematyczno \u2013 politechniczny, humanistyczno \u2013 prawny i medyczny. Zapraszamy telefon kontaktowy: <strong>55 233 36 19. <\/strong><em>Ulotki znajdziemy przy Biuletynie.<\/em><\/p>\n<p><strong>&nbsp;<\/strong><\/p>\n<p><strong>10. Centrum Nowej Ewangelizacji organizuje wyjazd autokarowy na rekolekcje \u201eJEZUS NA STADIONIE 2017\u201d<\/strong>, kt\u00f3re poprowadzi o. J. Bashobora. Wyjazd z Elbl\u0105ga 1 lipca 2017 o godz. 3.00. Ch\u0119tnych prosimy o kontakt tel. <strong>661&nbsp;916 253<\/strong> w godzinach od 9.00 do 15.00 lub <strong>663&nbsp;543 480<\/strong> od godz. 16.00 do 20.00. <em>Wi\u0119cej informacji na plakacie i ulotkach przy Biuletynie.<\/em><\/p>\n<p><strong>&nbsp;<\/strong><\/p>\n<p><strong>11. IDZIEMY DO KINA na <\/strong>wyj\u0105tkowy film:<strong> \u201eTERAZ I W GODZIN\u0118 \u015aMIERCI\u201d<\/strong>. To wielka opowie\u015b\u0107 o sile modlitwy r\u00f3\u017ca\u0144cowej, splecionych z ni\u0105 losach \u015bwiata i losach pojedynczych ludzi. Produkcja powstawa\u0142a na czterech kontynentach przez kilka lat. Ukazuje, \u017ce r\u00f3\u017caniec to modlitwa, dzi\u0119ki, kt\u00f3rej na \u015bwiecie dziej\u0105 si\u0119 rzeczy niezwyk\u0142e\u2026 <strong>Gor\u0105co zach\u0119camy do wsp\u00f3lnego wyj\u015bcia jako parafia do Multikina 29 maja br. (poniedzia\u0142ek) na godz. 19.30. Cena biletu 11 z\u0142.<\/strong> Zapisy w zakrystii. P\u0142acimy przy wej\u015bciu do kina.<\/p>\n<p>&nbsp;<\/p>\n<p>12. W przysz\u0142\u0105 niedziel\u0119 (4 czerwca) taca inwestycyjna przeznaczona jest na wykonanie o\u0142tarza i ambonki z marmuru w prezbiterium ko\u015bcio\u0142a. B\u00f3g zap\u0142a\u0107 za otwarto\u015b\u0107 i zrozumienie.<\/p>\n<p>&nbsp;<\/p>\n<p>13. Zach\u0119camy do prasy katolickiej: nowy numer \u201eGo\u015bcia Niedzielnego\u201d- 5 z\u0142. oraz nowy numer \u201eCuda i \u0141aski Bo\u017ce\u201d w cenie 3,50 z\u0142.<\/p>\n<p style=\"text-align: center;\">&nbsp;<\/p>\n<p style=\"text-align: center;\"><strong>Numer Konta Parafialnego<\/strong><\/p>\n<p style=\"text-align: center;\"><strong>PKO BP 72 1020 1752 0000 0102 0069 6047<\/strong><\/p>\n<p style=\"text-align: center;\">&nbsp;<\/p>\n<p style=\"text-align: center;\">&nbsp;<\/p>\n","protected":false},"excerpt":{"rendered":"<p>&nbsp; 1. W roku duszpasterskim prze\u017cywanym pod has\u0142em \u201eId\u017acie i g\u0142o\u015bcie\u201d zapraszamy na ostatnie nabo\u017ce\u0144stwo majowe na terenie naszej parafii, kt\u00f3re odb\u0119dzie si\u0119 na placu przy Sp\u00f3\u0142dzielni Mieszkaniowej \u201eNad Jarem\u201d we wtorek 30 maja o godz. 17.00, po kt\u00f3rym procesyjnie i ze \u015bpiewem wr\u00f3cimy z figur\u0105 MB Fatimskiej do ko\u015bcio\u0142a. Tego dnia nie b\u0119dzie nabo\u017ce\u0144stwa [&hellip;]<\/p>\n","protected":false},"author":1,"featured_media":2530,"comment_status":"closed","ping_status":"closed","sticky":false,"template":"","format":"standard","meta":{"ngg_post_thumbnail":0,"footnotes":""},"categories":[3],"tags":[],"class_list":["post-2863","post","type-post","status-publish","format-standard","has-post-thumbnail","hentry","category-ogloszenia"],"_links":{"self":[{"href":"https:\/\/rafalk-elblag.pl\/index.php?rest_route=\/wp\/v2\/posts\/2863","targetHints":{"allow":["GET"]}}],"collection":[{"href":"https:\/\/rafalk-elblag.pl\/index.php?rest_route=\/wp\/v2\/posts"}],"about":[{"href":"https:\/\/rafalk-elblag.pl\/index.php?rest_route=\/wp\/v2\/types\/post"}],"author":[{"embeddable":true,"href":"https:\/\/rafalk-elblag.pl\/index.php?rest_route=\/wp\/v2\/users\/1"}],"replies":[{"embeddable":true,"href":"https:\/\/rafalk-elblag.pl\/index.php?rest_route=%2Fwp%2Fv2%2Fcomments&post=2863"}],"version-history":[{"count":1,"href":"https:\/\/rafalk-elblag.pl\/index.php?rest_route=\/wp\/v2\/posts\/2863\/revisions"}],"predecessor-version":[{"id":2864,"href":"https:\/\/rafalk-elblag.pl\/index.php?rest_route=\/wp\/v2\/posts\/2863\/revisions\/2864"}],"wp:featuredmedia":[{"embeddable":true,"href":"https:\/\/rafalk-elblag.pl\/index.php?rest_route=\/wp\/v2\/media\/2530"}],"wp:attachment":[{"href":"https:\/\/rafalk-elblag.pl\/index.php?rest_route=%2Fwp%2Fv2%2Fmedia&parent=2863"}],"wp:term":[{"taxonomy":"category","embeddable":true,"href":"https:\/\/rafalk-elblag.pl\/index.php?rest_route=%2Fwp%2Fv2%2Fcategories&post=2863"},{"taxonomy":"post_tag","embeddable":true,"href":"https:\/\/rafalk-elblag.pl\/index.php?rest_route=%2Fwp%2Fv2%2Ftags&post=2863"}],"curies":[{"name":"wp","href":"https:\/\/api.w.org\/{rel}","templated":true}]}}