{"id":2861,"date":"2017-06-03T11:49:44","date_gmt":"2017-06-03T11:49:44","guid":{"rendered":"http:\/\/rafalk-elblag.pl\/?p=2861"},"modified":"2017-06-03T11:49:44","modified_gmt":"2017-06-03T11:49:44","slug":"intencje-mszalne-na-vii-tydzien-wielkanocny-29-05-4-06-2017-r","status":"publish","type":"post","link":"https:\/\/rafalk-elblag.pl\/?p=2861","title":{"rendered":"INTENCJE MSZALNE NA VII TYDZIE\u0143 WIELKANOCNY (29.05.-4.06.2017 R.)"},"content":{"rendered":"<p><a href=\"http:\/\/rafalk-elblag.pl\/wp-content\/uploads\/2016\/12\/shutterstock_49643152-1000.jpg\"><img loading=\"lazy\" decoding=\"async\" class=\"alignnone size-full wp-image-2526\" src=\"http:\/\/rafalk-elblag.pl\/wp-content\/uploads\/2016\/12\/shutterstock_49643152-1000.jpg\" alt=\"\" width=\"1000\" height=\"665\" srcset=\"https:\/\/rafalk-elblag.pl\/wp-content\/uploads\/2016\/12\/shutterstock_49643152-1000.jpg 1000w, https:\/\/rafalk-elblag.pl\/wp-content\/uploads\/2016\/12\/shutterstock_49643152-1000-300x200.jpg 300w, https:\/\/rafalk-elblag.pl\/wp-content\/uploads\/2016\/12\/shutterstock_49643152-1000-768x511.jpg 768w\" sizes=\"auto, (max-width: 1000px) 100vw, 1000px\" \/><\/a><\/p>\n<p>&nbsp;<\/p>\n<table width=\"726\">\n<tbody>\n<tr>\n<td colspan=\"2\" width=\"593\"><strong>29 maja&nbsp;&nbsp; PONIEDZIA\u0141EK<\/strong><\/p>\n<p><strong>\u015aw. Urszuli Led\u00f3chowskiej, dziewicy \u2013 wsp.<\/strong><\/td>\n<td width=\"133\"><strong><em>J 16, 29-33<\/em><\/strong><\/td>\n<\/tr>\n<tr>\n<td width=\"87\">8.00<\/td>\n<td colspan=\"2\" width=\"639\">\u015ap. Kazimierz Humla w 1 rocz. \u015bmierci<\/td>\n<\/tr>\n<tr>\n<td width=\"87\">18.00<\/td>\n<td colspan=\"2\" width=\"639\">\u015ap. Jan Abucewicz 29 greg.<\/td>\n<\/tr>\n<tr>\n<td width=\"87\">18.00<\/td>\n<td colspan=\"2\" width=\"639\">\u015ap. Julianna, Edmund, Jan i Teresa Zatorscy<\/td>\n<\/tr>\n<\/tbody>\n<\/table>\n<p>&nbsp;<\/p>\n<table width=\"726\">\n<tbody>\n<tr>\n<td colspan=\"2\" width=\"593\"><strong>30 maja&nbsp; <\/strong><strong>WTOREK<\/strong><\/p>\n<p><strong>\u015aw. Jana Sarkandra, prezbitera i m\u0119czennika \u2013 wsp.<\/strong><\/td>\n<td width=\"133\"><strong><em>J 17, 1-11a<\/em><\/strong><\/td>\n<\/tr>\n<tr>\n<td width=\"87\">8.00<\/td>\n<td colspan=\"2\" width=\"639\">\u015ap. Julian Hochleitner, Jan Ostrowski, zmarli z obojga stron, oraz bracia Anatol, Ryszard i Stanis\u0142aw(m)<\/td>\n<\/tr>\n<tr>\n<td width=\"87\">8.00<\/td>\n<td colspan=\"2\" width=\"639\">\u015ap. Teresa Macur w 30 dzie\u0144 po pogrzebie<\/td>\n<\/tr>\n<tr>\n<td width=\"87\">18.00<\/td>\n<td colspan=\"2\" width=\"639\">\u015ap. Jan Abucewicz 30 greg.<\/td>\n<\/tr>\n<tr>\n<td width=\"87\">18.00<\/td>\n<td colspan=\"2\" width=\"639\">Dzi\u0119kczynna w 5 rocz. urodzin Agaty z pro\u015bb\u0105 o Bo\u017ce b\u0142ogos\u0142. i potrzebne \u0142aski dla niej i ca\u0142ej rodziny<\/td>\n<\/tr>\n<\/tbody>\n<\/table>\n<p>&nbsp;<\/p>\n<table width=\"726\">\n<tbody>\n<tr>\n<td colspan=\"2\" width=\"593\"><strong>31 maja&nbsp; \u015aRODA<\/strong><\/p>\n<p><strong>Nawiedzenie Naj\u015bwi\u0119tszej Maryi Panny \u2013 \u015bwi\u0119to <\/strong><\/td>\n<td width=\"133\"><strong><em>\u0141k 1, 39-56<\/em><\/strong><\/td>\n<\/tr>\n<tr>\n<td width=\"87\">8.00<\/td>\n<td colspan=\"2\" width=\"639\">Dzi\u0119kczynna w 40 rocz. urodzin Tomasza i 65 rocz. urodzin Miros\u0142awy(k)<br \/>\nz pro\u015bb\u0105 o zdrowie, potrzebne \u0142aski, Bo\u017c\u0105 opiek\u0119 i wstawiennictwo Matki Bo\u017cej<\/td>\n<\/tr>\n<tr>\n<td width=\"87\">18.00<\/td>\n<td colspan=\"2\" width=\"639\">W intencjach czcicieli<\/td>\n<\/tr>\n<tr>\n<td width=\"87\">18.00<\/td>\n<td colspan=\"2\" width=\"639\">\u015ap. Stanis\u0142aw(m) Kachnowicz w 24 rocz. \u015bmierci oraz zmarli z rodzin Bajson, Jasi\u0144skich i Kachnowicz<\/td>\n<\/tr>\n<\/tbody>\n<\/table>\n<p>&nbsp;<\/p>\n<table width=\"726\">\n<tbody>\n<tr>\n<td colspan=\"2\" width=\"593\"><strong>1 czerwca&nbsp; CZWARTEK &nbsp; &nbsp; &nbsp; &nbsp; I czwartek miesi\u0105ca<\/strong><\/p>\n<p><strong>\u015aw. Justyna, m\u0119czennika \u2013 wsp.<\/strong><\/td>\n<td width=\"133\"><strong><em>J 17, 20-26<\/em><\/strong><\/td>\n<\/tr>\n<tr>\n<td width=\"87\">8.00<\/td>\n<td colspan=\"2\" width=\"639\">\u015ap. Jerzy Ro\u017centalski 1 greg.<\/td>\n<\/tr>\n<tr>\n<td width=\"87\">18.00<\/td>\n<td colspan=\"2\" width=\"639\">O \u015bwi\u0119to\u015b\u0107 dla kap\u0142an\u00f3w oraz o liczne i \u015bwi\u0119te powo\u0142ania kap\u0142a\u0144skie i zakonne z naszej parafii<\/td>\n<\/tr>\n<\/tbody>\n<\/table>\n<p>&nbsp;<\/p>\n<table width=\"726\">\n<tbody>\n<tr>\n<td colspan=\"2\" width=\"593\"><strong>2 czerwca&nbsp; PI\u0104TEK &nbsp; &nbsp; &nbsp; &nbsp; &nbsp; &nbsp; &nbsp; &nbsp;I pi\u0105tek miesi\u0105ca<\/strong><\/td>\n<td width=\"133\"><strong><em>J 21, 15-19<\/em><\/strong><\/td>\n<\/tr>\n<tr>\n<td width=\"87\">8.00<\/td>\n<td colspan=\"2\" width=\"639\">\u015ap. Jerzy Ro\u017centalski 2 greg.<\/td>\n<\/tr>\n<tr>\n<td width=\"87\">16.30<\/td>\n<td colspan=\"2\" width=\"639\">W intencjach czcicieli NSPJ<\/td>\n<\/tr>\n<tr>\n<td width=\"87\">18.00<\/td>\n<td colspan=\"2\" width=\"639\">\u015ap. Wojciech Juchnowicz w 1 rocz. \u015bmierci<\/td>\n<\/tr>\n<\/tbody>\n<\/table>\n<p>&nbsp;<\/p>\n<table width=\"726\">\n<tbody>\n<tr>\n<td colspan=\"2\" width=\"593\"><strong>3 czerwca&nbsp; SOBOTA &nbsp; &nbsp; &nbsp; &nbsp; &nbsp; &nbsp; &nbsp; I sobota miesi\u0105ca<\/strong><\/p>\n<p><strong>\u015awi\u0119tych m\u0119czennik\u00f3w Karola Lwangi i towarzyszy \u2013 wsp.<\/strong><\/td>\n<td width=\"133\"><strong><em>J 21, 20-25<\/em><\/strong><\/td>\n<\/tr>\n<tr>\n<td width=\"87\">8.00<\/td>\n<td colspan=\"2\" width=\"639\">\u015ap. Adam Zieli\u0144ski oraz zmarli z rodziny<\/td>\n<\/tr>\n<tr>\n<td width=\"87\">8.00<\/td>\n<td colspan=\"2\" width=\"639\">\u015ap. Jerzy Ro\u017centalski 3 greg.<\/td>\n<\/tr>\n<tr>\n<td width=\"87\">18.00<\/td>\n<td colspan=\"2\" width=\"639\">\u015ap. Stanis\u0142aw(m) Sobczy\u0144ski w 1 rocz. \u015bmierci<\/td>\n<\/tr>\n<tr>\n<td width=\"87\">18.00<\/td>\n<td colspan=\"2\" width=\"639\">Dzi\u0119kczynna w 12 rocz. urodzin Oskara \u017bugaja z pro\u015bb\u0105 o Bo\u017ce b\u0142ogos\u0142.<br \/>\ni potrzebne \u0142aski<\/td>\n<\/tr>\n<tr>\n<td width=\"87\"><strong>19.30<\/strong><\/td>\n<td colspan=\"2\" width=\"639\"><strong>Wigilia Zes\u0142ania Ducha \u015awi\u0119tego<\/strong><\/td>\n<\/tr>\n<\/tbody>\n<\/table>\n<p>&nbsp;<\/p>\n<table width=\"726\">\n<tbody>\n<tr>\n<td colspan=\"2\" width=\"593\"><strong>4 czerwca&nbsp; VII NIEDZIELA WIELKANOCY<\/strong><\/p>\n<p><strong>Uroczysto\u015b\u0107 Zes\u0142ania Ducha \u015awi\u0119tego<\/strong><\/td>\n<td width=\"133\"><strong><em>J 20, 19-23<\/em><\/strong><\/td>\n<\/tr>\n<tr>\n<td width=\"87\">7.00<\/td>\n<td colspan=\"2\" width=\"639\">\u015ap. Emilia i Wac\u0142aw Czeszejko &#8211; Sochaccy<\/td>\n<\/tr>\n<tr>\n<td width=\"87\">7.00<\/td>\n<td colspan=\"2\" width=\"639\">\u015ap. Jerzy Ro\u017centalski 4 greg.<\/td>\n<\/tr>\n<tr>\n<td width=\"87\">9.00<\/td>\n<td colspan=\"2\" width=\"639\">\u015ap. W\u0142adys\u0142aw(m) Zychowicz w 5 rocz. \u015bmierci oraz zmarli z rodziny<\/td>\n<\/tr>\n<tr>\n<td width=\"87\">9.00<\/td>\n<td colspan=\"2\" width=\"639\">W intencji Panu Bogu wiadomej<\/td>\n<\/tr>\n<tr>\n<td width=\"87\">10.30<\/td>\n<td colspan=\"2\" width=\"639\">O Bo\u017ce b\u0142ogos\u0142., potrzebne \u0142aski i opiek\u0119 Matki Bo\u017cej dla Moniki w rocz. urodzin<\/td>\n<\/tr>\n<tr>\n<td width=\"87\"><strong>13.00<\/strong><\/td>\n<td colspan=\"2\" width=\"639\"><strong>Msza prymicyjna ks. Piotra Makowskiego<\/strong><\/td>\n<\/tr>\n<tr>\n<td width=\"87\">18.00<\/td>\n<td colspan=\"2\" width=\"639\">O pomy\u015blne zabiegi lekarskie i zdrowie dla Magdy i Piotra<\/td>\n<\/tr>\n<\/tbody>\n<\/table>\n<p>&nbsp;<\/p>\n<p>&nbsp;<\/p>\n","protected":false},"excerpt":{"rendered":"<p>&nbsp; 29 maja&nbsp;&nbsp; PONIEDZIA\u0141EK \u015aw. Urszuli Led\u00f3chowskiej, dziewicy \u2013 wsp. J 16, 29-33 8.00 \u015ap. Kazimierz Humla w 1 rocz. \u015bmierci 18.00 \u015ap. Jan Abucewicz 29 greg. 18.00 \u015ap. Julianna, Edmund, Jan i Teresa Zatorscy &nbsp; 30 maja&nbsp; WTOREK \u015aw. Jana Sarkandra, prezbitera i m\u0119czennika \u2013 wsp. J 17, 1-11a 8.00 \u015ap. Julian Hochleitner, Jan [&hellip;]<\/p>\n","protected":false},"author":1,"featured_media":2526,"comment_status":"closed","ping_status":"closed","sticky":false,"template":"","format":"standard","meta":{"ngg_post_thumbnail":0,"footnotes":""},"categories":[4],"tags":[],"class_list":["post-2861","post","type-post","status-publish","format-standard","has-post-thumbnail","hentry","category-intencje"],"_links":{"self":[{"href":"https:\/\/rafalk-elblag.pl\/index.php?rest_route=\/wp\/v2\/posts\/2861","targetHints":{"allow":["GET"]}}],"collection":[{"href":"https:\/\/rafalk-elblag.pl\/index.php?rest_route=\/wp\/v2\/posts"}],"about":[{"href":"https:\/\/rafalk-elblag.pl\/index.php?rest_route=\/wp\/v2\/types\/post"}],"author":[{"embeddable":true,"href":"https:\/\/rafalk-elblag.pl\/index.php?rest_route=\/wp\/v2\/users\/1"}],"replies":[{"embeddable":true,"href":"https:\/\/rafalk-elblag.pl\/index.php?rest_route=%2Fwp%2Fv2%2Fcomments&post=2861"}],"version-history":[{"count":1,"href":"https:\/\/rafalk-elblag.pl\/index.php?rest_route=\/wp\/v2\/posts\/2861\/revisions"}],"predecessor-version":[{"id":2862,"href":"https:\/\/rafalk-elblag.pl\/index.php?rest_route=\/wp\/v2\/posts\/2861\/revisions\/2862"}],"wp:featuredmedia":[{"embeddable":true,"href":"https:\/\/rafalk-elblag.pl\/index.php?rest_route=\/wp\/v2\/media\/2526"}],"wp:attachment":[{"href":"https:\/\/rafalk-elblag.pl\/index.php?rest_route=%2Fwp%2Fv2%2Fmedia&parent=2861"}],"wp:term":[{"taxonomy":"category","embeddable":true,"href":"https:\/\/rafalk-elblag.pl\/index.php?rest_route=%2Fwp%2Fv2%2Fcategories&post=2861"},{"taxonomy":"post_tag","embeddable":true,"href":"https:\/\/rafalk-elblag.pl\/index.php?rest_route=%2Fwp%2Fv2%2Ftags&post=2861"}],"curies":[{"name":"wp","href":"https:\/\/api.w.org\/{rel}","templated":true}]}}