{"id":2850,"date":"2017-05-22T12:10:45","date_gmt":"2017-05-22T12:10:45","guid":{"rendered":"http:\/\/rafalk-elblag.pl\/?p=2850"},"modified":"2017-05-22T12:10:45","modified_gmt":"2017-05-22T12:10:45","slug":"nasi-nowi-kaplani","status":"publish","type":"post","link":"https:\/\/rafalk-elblag.pl\/?p=2850","title":{"rendered":"NASI NOWI KAP\u0141ANI"},"content":{"rendered":"<p style=\"text-align: center;\"><span style=\"color: #ff0000;\"><strong>\u015awi\u0119cenia kap\u0142a\u0144skie i Msze Prymicyjne<\/strong><\/span><\/p>\n<p style=\"text-align: center;\"><a href=\"http:\/\/rafalk-elblag.pl\/wp-content\/uploads\/2017\/05\/b2646b7a545469dd3dcf1ac0967a4e8e.jpg\"><img loading=\"lazy\" decoding=\"async\" class=\"alignnone size-full wp-image-2854\" src=\"http:\/\/rafalk-elblag.pl\/wp-content\/uploads\/2017\/05\/b2646b7a545469dd3dcf1ac0967a4e8e.jpg\" alt=\"\" width=\"750\" height=\"523\" srcset=\"https:\/\/rafalk-elblag.pl\/wp-content\/uploads\/2017\/05\/b2646b7a545469dd3dcf1ac0967a4e8e.jpg 750w, https:\/\/rafalk-elblag.pl\/wp-content\/uploads\/2017\/05\/b2646b7a545469dd3dcf1ac0967a4e8e-300x209.jpg 300w\" sizes=\"auto, (max-width: 750px) 100vw, 750px\" \/><\/a><\/p>\n<p style=\"text-align: center;\">&nbsp;<\/p>\n<p style=\"text-align: left;\"><strong>&nbsp;<\/strong>Sze\u015bcioletnia formacja do kap\u0142a\u0144stwa ko\u0144czy si\u0119&nbsp; przyj\u0119ciem \u015bwi\u0119ce\u0144 prezbiteratu. Przez ten czas klerycy wzrastaj\u0105 duchowo, poszerzaj\u0105 swoj\u0105 wiedz\u0119 filozoficzno \u2013 teologiczn\u0105, ucz\u0105 si\u0119 prowadzenia grup i wsp\u00f3lnot, a tak\u017ce poznaj\u0105 siebie nawzajem. Od momentu \u015bwi\u0119ce\u0144 kap\u0142an rozpoczyna inne \u017cycie \u2013 w pos\u0142udze Bogu i drugiemu cz\u0142owiekowi. <strong>Wzrastaj\u0105c w tym powo\u0142aniu, maj\u0105 nie tylko doprowadzi\u0107 innych do \u015bwi\u0119to\u015bci, ale sprawuj\u0105c sakramenty ma siebie u\u015bwi\u0119ci\u0107<\/strong>.<\/p>\n<p>Nasza parafia w tym roku b\u0119dzie prze\u017cywa\u0142a pi\u0119kne i historyczne chwile. Diakoni pochodz\u0105cy z naszej parafii, a wi\u0119c dn Piotr Makowski, dn Grzegorz Wala i dn Kamil Bober, zostan\u0105 wy\u015bwi\u0119ceni na kap\u0142an\u00f3w. <strong>Jest to szczeg\u00f3lne wydarzenie, dlatego \u017ce w 23-letnim istnieniu parafii b\u0119d\u0105 to pierwsi kap\u0142ani diecezjalni, wywodz\u0105cy si\u0119 z niej<\/strong>. Dla ca\u0142ej naszej wsp\u00f3lnoty to wielka rado\u015b\u0107 i \u0142aska dana nam od Pana Boga.<\/p>\n<p><span style=\"color: #ff0000;\"><strong>Msza \u015bwi\u0119ta z obrz\u0119dem udzielenia \u015bwi\u0119ce\u0144 diakonom: Piotrowi i Grzegorzowi odb\u0119dzie si\u0119 27 maja 2017r. o godz. 10.00 w ko\u015bciele katedralnym p.w. \u015bw. Miko\u0142aja w Elbl\u0105gu; diakon Kamil \u015bwi\u0119cenia przyjmie 3 czerwca 2017r. w Stanach Zjednoczonych<\/strong>.<\/span><\/p>\n<p>&nbsp;<\/p>\n<p style=\"text-align: center;\"><span style=\"color: #333300;\"><strong>Przebieg uroczysto\u015bci i przedstawienie naszych kandydat\u00f3w:<\/strong><\/span><\/p>\n<p><a href=\"http:\/\/rafalk-elblag.pl\/wp-content\/uploads\/2017\/05\/G.Wala_.jpg\"><img loading=\"lazy\" decoding=\"async\" class=\"wp-image-2851 aligncenter\" src=\"http:\/\/rafalk-elblag.pl\/wp-content\/uploads\/2017\/05\/G.Wala_.jpg\" alt=\"\" width=\"191\" height=\"287\" srcset=\"https:\/\/rafalk-elblag.pl\/wp-content\/uploads\/2017\/05\/G.Wala_.jpg 640w, https:\/\/rafalk-elblag.pl\/wp-content\/uploads\/2017\/05\/G.Wala_-200x300.jpg 200w\" sizes=\"auto, (max-width: 191px) 100vw, 191px\" \/><\/a><\/p>\n<p><span style=\"color: #ff0000;\"><strong>Ksi\u0105dz magister Grzegorz Stanis\u0142aw Wala<\/strong><\/span> swoj\u0105 pierwsz\u0105 Msz\u0119 w naszej parafii odprawi <strong><u>28 maja 2017r. o godz. 13.00. <\/u><\/strong>Poprzedzi j\u0105 b\u0142ogos\u0142awie\u0144stwo rodzic\u00f3w w domu i procesja do ko\u015bcio\u0142a, kt\u00f3ra wyruszy o godz. 12.45 z ul. Broniewskiego. Zach\u0119camy by p\u00f3j\u015b\u0107 w tej procesji za Ksi\u0119dzem Prymicjantem.<\/p>\n<p>&nbsp;<\/p>\n<p><a href=\"http:\/\/rafalk-elblag.pl\/wp-content\/uploads\/2017\/05\/P.Makowski.jpg\"><img loading=\"lazy\" decoding=\"async\" class=\"wp-image-2852 aligncenter\" src=\"http:\/\/rafalk-elblag.pl\/wp-content\/uploads\/2017\/05\/P.Makowski.jpg\" alt=\"\" width=\"224\" height=\"224\" srcset=\"https:\/\/rafalk-elblag.pl\/wp-content\/uploads\/2017\/05\/P.Makowski.jpg 960w, https:\/\/rafalk-elblag.pl\/wp-content\/uploads\/2017\/05\/P.Makowski-150x150.jpg 150w, https:\/\/rafalk-elblag.pl\/wp-content\/uploads\/2017\/05\/P.Makowski-300x300.jpg 300w, https:\/\/rafalk-elblag.pl\/wp-content\/uploads\/2017\/05\/P.Makowski-768x768.jpg 768w\" sizes=\"auto, (max-width: 224px) 100vw, 224px\" \/><\/a><\/p>\n<p><strong><span style=\"color: #ff0000;\">Ksi\u0105dz magister Piotr Waldemar Makowski<\/span><\/strong> swoj\u0105 pierwsz\u0105 Msz\u0119 w naszej parafii odprawi <strong><u>4 czerwca 2017r. o godz. 13.00.<\/u> <\/strong>Poprzedzi j\u0105 b\u0142ogos\u0142awie\u0144stwo rodzic\u00f3w w domu i procesja do ko\u015bcio\u0142a, kt\u00f3ra wyruszy o godz. 12.40 z ul. Leszczy\u0144skiego. Zach\u0119camy by p\u00f3j\u015b\u0107 w tej procesji za Ksi\u0119dzem Prymicjantem.<\/p>\n<p>&nbsp;<\/p>\n<p style=\"text-align: center;\"><a href=\"http:\/\/rafalk-elblag.pl\/wp-content\/uploads\/2017\/05\/K.Bober_.jpg\"><img loading=\"lazy\" decoding=\"async\" class=\"alignnone  wp-image-2853\" src=\"http:\/\/rafalk-elblag.pl\/wp-content\/uploads\/2017\/05\/K.Bober_.jpg\" alt=\"\" width=\"237\" height=\"237\" srcset=\"https:\/\/rafalk-elblag.pl\/wp-content\/uploads\/2017\/05\/K.Bober_.jpg 960w, https:\/\/rafalk-elblag.pl\/wp-content\/uploads\/2017\/05\/K.Bober_-150x150.jpg 150w, https:\/\/rafalk-elblag.pl\/wp-content\/uploads\/2017\/05\/K.Bober_-300x300.jpg 300w, https:\/\/rafalk-elblag.pl\/wp-content\/uploads\/2017\/05\/K.Bober_-768x768.jpg 768w\" sizes=\"auto, (max-width: 237px) 100vw, 237px\" \/><\/a><\/p>\n<p><strong><span style=\"color: #ff0000;\">Ksi\u0105dz magister Kamil Bober<\/span> <\/strong>swoj\u0105 pierwsz\u0105 Msz\u0119 w naszej parafii odprawi <strong><u>18 czerwca 2017r. o godz. 12.00.<\/u> <\/strong>Poprzedzi j\u0105 b\u0142ogos\u0142awie\u0144stwo rodzic\u00f3w w domu i procesja do ko\u015bcio\u0142a, kt\u00f3ra wyruszy o godz. 11.45 z ul. Broniewskiego. Zach\u0119camy by p\u00f3j\u015b\u0107 w tej procesji za Ksi\u0119dzem Prymicjantem.<\/p>\n<p>&nbsp;<\/p>\n<p>&nbsp;<\/p>\n","protected":false},"excerpt":{"rendered":"<p>\u015awi\u0119cenia kap\u0142a\u0144skie i Msze Prymicyjne &nbsp; &nbsp;Sze\u015bcioletnia formacja do kap\u0142a\u0144stwa ko\u0144czy si\u0119&nbsp; przyj\u0119ciem \u015bwi\u0119ce\u0144 prezbiteratu. Przez ten czas klerycy wzrastaj\u0105 duchowo, poszerzaj\u0105 swoj\u0105 wiedz\u0119 filozoficzno \u2013 teologiczn\u0105, ucz\u0105 si\u0119 prowadzenia grup i wsp\u00f3lnot, a tak\u017ce poznaj\u0105 siebie nawzajem. Od momentu \u015bwi\u0119ce\u0144 kap\u0142an rozpoczyna inne \u017cycie \u2013 w pos\u0142udze Bogu i drugiemu cz\u0142owiekowi. Wzrastaj\u0105c w tym [&hellip;]<\/p>\n","protected":false},"author":1,"featured_media":2854,"comment_status":"closed","ping_status":"closed","sticky":false,"template":"","format":"standard","meta":{"ngg_post_thumbnail":0,"footnotes":""},"categories":[11,8],"tags":[],"class_list":["post-2850","post","type-post","status-publish","format-standard","has-post-thumbnail","hentry","category-aktualnosci","category-blog"],"_links":{"self":[{"href":"https:\/\/rafalk-elblag.pl\/index.php?rest_route=\/wp\/v2\/posts\/2850","targetHints":{"allow":["GET"]}}],"collection":[{"href":"https:\/\/rafalk-elblag.pl\/index.php?rest_route=\/wp\/v2\/posts"}],"about":[{"href":"https:\/\/rafalk-elblag.pl\/index.php?rest_route=\/wp\/v2\/types\/post"}],"author":[{"embeddable":true,"href":"https:\/\/rafalk-elblag.pl\/index.php?rest_route=\/wp\/v2\/users\/1"}],"replies":[{"embeddable":true,"href":"https:\/\/rafalk-elblag.pl\/index.php?rest_route=%2Fwp%2Fv2%2Fcomments&post=2850"}],"version-history":[{"count":1,"href":"https:\/\/rafalk-elblag.pl\/index.php?rest_route=\/wp\/v2\/posts\/2850\/revisions"}],"predecessor-version":[{"id":2855,"href":"https:\/\/rafalk-elblag.pl\/index.php?rest_route=\/wp\/v2\/posts\/2850\/revisions\/2855"}],"wp:featuredmedia":[{"embeddable":true,"href":"https:\/\/rafalk-elblag.pl\/index.php?rest_route=\/wp\/v2\/media\/2854"}],"wp:attachment":[{"href":"https:\/\/rafalk-elblag.pl\/index.php?rest_route=%2Fwp%2Fv2%2Fmedia&parent=2850"}],"wp:term":[{"taxonomy":"category","embeddable":true,"href":"https:\/\/rafalk-elblag.pl\/index.php?rest_route=%2Fwp%2Fv2%2Fcategories&post=2850"},{"taxonomy":"post_tag","embeddable":true,"href":"https:\/\/rafalk-elblag.pl\/index.php?rest_route=%2Fwp%2Fv2%2Ftags&post=2850"}],"curies":[{"name":"wp","href":"https:\/\/api.w.org\/{rel}","templated":true}]}}