{"id":2847,"date":"2017-05-21T21:39:41","date_gmt":"2017-05-21T21:39:41","guid":{"rendered":"http:\/\/rafalk-elblag.pl\/?p=2847"},"modified":"2017-05-21T21:39:41","modified_gmt":"2017-05-21T21:39:41","slug":"ogloszenia-parafialne-21-05-2017-r-vi-niedziela-wielkanocna","status":"publish","type":"post","link":"https:\/\/rafalk-elblag.pl\/?p=2847","title":{"rendered":"OG\u0141OSZENIA PARAFIALNE 21.05.2017 R. VI NIEDZIELA WIELKANOCNA"},"content":{"rendered":"<p><a href=\"http:\/\/rafalk-elblag.pl\/wp-content\/uploads\/2016\/12\/pulpit.jpg\"><img loading=\"lazy\" decoding=\"async\" class=\"alignnone size-large wp-image-2530\" src=\"http:\/\/rafalk-elblag.pl\/wp-content\/uploads\/2016\/12\/pulpit-1024x682.jpg\" alt=\"\" width=\"900\" height=\"599\" srcset=\"https:\/\/rafalk-elblag.pl\/wp-content\/uploads\/2016\/12\/pulpit-1024x682.jpg 1024w, https:\/\/rafalk-elblag.pl\/wp-content\/uploads\/2016\/12\/pulpit-300x200.jpg 300w, https:\/\/rafalk-elblag.pl\/wp-content\/uploads\/2016\/12\/pulpit-768x512.jpg 768w, https:\/\/rafalk-elblag.pl\/wp-content\/uploads\/2016\/12\/pulpit.jpg 1698w\" sizes=\"auto, (max-width: 900px) 100vw, 900px\" \/><\/a><\/p>\n<p>&nbsp;<\/p>\n<p>1. W dniu dzisiejszym w naszej wsp\u00f3lnocie parafialnej<strong> UROCZYSTO\u015aCI PIERWSZEJ KOMUNII \u015aWI\u0118TEJ. Przez ca\u0142y tydzie\u0144 dzieci uczestniczy\u0107 b\u0119d\u0105 w nabo\u017ce\u0144stwie majowym o godz. 17.30 i we Mszy \u015bw. o godz. 18.00, w ramach tzw. BIA\u0141EGO TYGODNIA. <\/strong><em>Otoczmy je modlitw\u0105 i pro\u015bmy Boga by mia\u0142y dobry przyk\u0142ad w swoich rodzinach. Wszystkie pozosta\u0142e dzieci zapraszamy w tym tygodniu na \u201eMAJOWE\u201d o godz. 17.30.<\/em><\/p>\n<p><strong>&nbsp;<\/strong><\/p>\n<p><strong>2. W roku duszpasterskim prze\u017cywanym pod has\u0142em \u201eId\u017acie i g\u0142o\u015bcie\u201d <\/strong>zapraszamy na kolejne nabo\u017ce\u0144stwo majowe, kt\u00f3re odb\u0119dzie si\u0119 przy Zespole Szk\u00f3\u0142 Nr 1 przy ul. Korczaka, we wtorek 23 maja o godz. 17.00, po kt\u00f3rym procesyjnie i ze \u015bpiewem wr\u00f3cimy z figur\u0105 MB Fatimskiej do ko\u015bcio\u0142a. <em>Tego dnia nie b\u0119dzie nabo\u017ce\u0144stwa w ko\u015bciele o 17.30<\/em>. Dzieci prze\u017cywaj\u0105ce Bia\u0142y Tydzie\u0144 r\u00f3wnie\u017c zapraszamy w tym dniu na plac przy szkole.<\/p>\n<p><strong>&nbsp;<\/strong><\/p>\n<p><strong>3. Msza w intencji chorych duchowo i fizycznie odb\u0119dzie si\u0119 w czwartek 25 maja o godz. 18.00.<\/strong><\/p>\n<p><strong>&nbsp;<\/strong><\/p>\n<p><strong>4. INFORMUJEMY!!!<\/strong> Spotkanie dla rodzic\u00f3w, kt\u00f3rych dzieci b\u0119d\u0105 prze\u017cywa\u0142y w tym roku rocznic\u0119 I Komunii \u015awi\u0119tej, odb\u0119dzie si\u0119 05 czerwca br. (poniedzia\u0142ek) w sali na plebanii o godz. 19.00. <u>Prosz\u0119 o zabranie ksi\u0105\u017ceczki od pierwszych pi\u0105tk\u00f3w miesi\u0105ca dziecka i rodzic\u00f3w oraz uk\u0142adank\u0119 majow\u0105.<\/u> <em>Obecno\u015b\u0107 obowi\u0105zkowa.<\/em><\/p>\n<p>&nbsp;<\/p>\n<p>5. Spotkanie Kr\u0119gu Biblijnego w \u015brod\u0119 o godz. 19.00 w salce na plebanii.<\/p>\n<p>&nbsp;<\/p>\n<p>6. Pami\u0119tajmy, \u017ce pi\u0105tek <strong>26 maja to DZIE\u0143 MATKI.<\/strong> Podzi\u0119kujmy naszym mamom za dar \u017cycia i okazywan\u0105 nam mi\u0142o\u015b\u0107 poprzez udzia\u0142 w nabo\u017ce\u0144stwie o godz. 17.30.<\/p>\n<p><strong>&nbsp;<\/strong><\/p>\n<p><strong>7. W sobot\u0119, 27 maja o godz. 10.00 w Katedrze Elbl\u0105skiej wa\u017cne wydarzenie: przyjm\u0105 \u015bwi\u0119cenia kap\u0142a\u0144skie powo\u0142ani z naszej parafii diakoni: Grzegorz Wala i Piotr Makowski. Msza \u015awi\u0119ta Prymicyjna ks. Grzegorza Wali odb\u0119dzie si\u0119 w niedziel\u0119 28 maja br. o godz. 13.00, a ks. Piotra Makowskiego w niedziel\u0119 4 czerwca br. o godz. 13.00. <\/strong><u>W te dwie niedziele nie b\u0119dzie Mszy \u015bwi\u0119tej o godz. 12.00<\/u>. <em>W imieniu Neoprezbiter\u00f3w: Grzegorza i Piotra zapraszam parafian do wzi\u0119cia udzia\u0142u w tak wyj\u0105tkowych uroczysto\u015bciach. <strong>Pami\u0119tajmy w modlitwie o tych, kt\u00f3rzy przyjm\u0105 \u015bwi\u0119cenia.<\/strong><\/em><\/p>\n<p>&nbsp;<\/p>\n<p>8. Dzieci w wieku od 8 do 13 lat zapraszamy do skorzystania z wypoczynku wakacyjnego w Diecezjalnym O\u015brodku Caritas &#8211; Mikoszewo. Terminy: 08.07 \u2013 17.07. 2017 albo 19.07. \u2013 28.07.2017 roku. Koszt 400 z\u0142 ze skierowaniem z parafii lub 800 z\u0142 pe\u0142na odp\u0142atno\u015b\u0107. <em>Wi\u0119cej informacji u ks. Proboszcza.<\/em><\/p>\n<p><strong>&nbsp;<\/strong><\/p>\n<p><strong>9. IDZIEMY DO KINA!!!<\/strong> Od 19 maja na ekranach kin mo\u017cna ogl\u0105da\u0107 wyj\u0105tkowy film <strong>\u201eTERAZ I W GODZIN\u0118 \u015aMIERCI\u201d. <\/strong>To wielka opowie\u015b\u0107 o sile modlitwy r\u00f3\u017ca\u0144cowej, splecionych z ni\u0105 losach \u015bwiata i losach pojedynczych ludzi. Produkcja powstawa\u0142a na czterech kontynentach przez kilka lat. Ukazuje, \u017ce r\u00f3\u017caniec to modlitwa, dzi\u0119ki, kt\u00f3rej na \u015bwiecie dziej\u0105 si\u0119 rzeczy niezwyk\u0142e\u2026 <strong>Gor\u0105co zach\u0119camy do wsp\u00f3lnego wyj\u015bcia jako parafia do Multikina 29 maja br. (poniedzia\u0142ek) na godz. 19.30. Cena biletu 11 z\u0142.<\/strong> Zapisy w zakrystii od dzi\u015b. P\u0142acimy przy wej\u015bciu do kina.<\/p>\n<p>&nbsp;<\/p>\n<p>10. Zach\u0119camy do prasy katolickiej: nowy numer \u201eGo\u015bcia Niedzielnego\u201d- 5 z\u0142 oraz nowy numer \u201eCuda i \u0141aski Bo\u017ce\u201d w cenie 3,50 z\u0142.<\/p>\n<p>&nbsp;<\/p>\n<p>11. Pan powo\u0142a\u0142 do wieczno\u015bci: \u015bp. Kazimierza(m) Ja\u015bkiewicza lat 78 z ul. Sobieskiego.<\/p>\n<p><em>&nbsp;<\/em><\/p>\n<p style=\"text-align: center;\"><strong>Numer Konta Parafialnego<\/strong><\/p>\n<p style=\"text-align: center;\"><strong>PKO BP 72 1020 1752 0000 0102 0069 6047<\/strong><\/p>\n<p>&nbsp;<\/p>\n<p>&nbsp;<\/p>\n","protected":false},"excerpt":{"rendered":"<p>&nbsp; 1. W dniu dzisiejszym w naszej wsp\u00f3lnocie parafialnej UROCZYSTO\u015aCI PIERWSZEJ KOMUNII \u015aWI\u0118TEJ. Przez ca\u0142y tydzie\u0144 dzieci uczestniczy\u0107 b\u0119d\u0105 w nabo\u017ce\u0144stwie majowym o godz. 17.30 i we Mszy \u015bw. o godz. 18.00, w ramach tzw. BIA\u0141EGO TYGODNIA. Otoczmy je modlitw\u0105 i pro\u015bmy Boga by mia\u0142y dobry przyk\u0142ad w swoich rodzinach. Wszystkie pozosta\u0142e dzieci zapraszamy w [&hellip;]<\/p>\n","protected":false},"author":1,"featured_media":2530,"comment_status":"closed","ping_status":"closed","sticky":false,"template":"","format":"standard","meta":{"ngg_post_thumbnail":0,"footnotes":""},"categories":[11,8,3],"tags":[],"class_list":["post-2847","post","type-post","status-publish","format-standard","has-post-thumbnail","hentry","category-aktualnosci","category-blog","category-ogloszenia"],"_links":{"self":[{"href":"https:\/\/rafalk-elblag.pl\/index.php?rest_route=\/wp\/v2\/posts\/2847","targetHints":{"allow":["GET"]}}],"collection":[{"href":"https:\/\/rafalk-elblag.pl\/index.php?rest_route=\/wp\/v2\/posts"}],"about":[{"href":"https:\/\/rafalk-elblag.pl\/index.php?rest_route=\/wp\/v2\/types\/post"}],"author":[{"embeddable":true,"href":"https:\/\/rafalk-elblag.pl\/index.php?rest_route=\/wp\/v2\/users\/1"}],"replies":[{"embeddable":true,"href":"https:\/\/rafalk-elblag.pl\/index.php?rest_route=%2Fwp%2Fv2%2Fcomments&post=2847"}],"version-history":[{"count":1,"href":"https:\/\/rafalk-elblag.pl\/index.php?rest_route=\/wp\/v2\/posts\/2847\/revisions"}],"predecessor-version":[{"id":2848,"href":"https:\/\/rafalk-elblag.pl\/index.php?rest_route=\/wp\/v2\/posts\/2847\/revisions\/2848"}],"wp:featuredmedia":[{"embeddable":true,"href":"https:\/\/rafalk-elblag.pl\/index.php?rest_route=\/wp\/v2\/media\/2530"}],"wp:attachment":[{"href":"https:\/\/rafalk-elblag.pl\/index.php?rest_route=%2Fwp%2Fv2%2Fmedia&parent=2847"}],"wp:term":[{"taxonomy":"category","embeddable":true,"href":"https:\/\/rafalk-elblag.pl\/index.php?rest_route=%2Fwp%2Fv2%2Fcategories&post=2847"},{"taxonomy":"post_tag","embeddable":true,"href":"https:\/\/rafalk-elblag.pl\/index.php?rest_route=%2Fwp%2Fv2%2Ftags&post=2847"}],"curies":[{"name":"wp","href":"https:\/\/api.w.org\/{rel}","templated":true}]}}