{"id":2841,"date":"2017-05-07T15:35:04","date_gmt":"2017-05-07T15:35:04","guid":{"rendered":"http:\/\/rafalk-elblag.pl\/?p=2841"},"modified":"2017-05-07T15:35:04","modified_gmt":"2017-05-07T15:35:04","slug":"oredzie-papieza-franciszka-na-54-swiatowy-dzien-modlitw-o-powolania-7-05-2017r","status":"publish","type":"post","link":"https:\/\/rafalk-elblag.pl\/?p=2841","title":{"rendered":"Or\u0119dzie papie\u017ca Franciszka na 54. \u015awiatowy Dzie\u0144 Modlitw o Powo\u0142ania (7.05.2017r.)"},"content":{"rendered":"<p><a href=\"http:\/\/rafalk-elblag.pl\/wp-content\/uploads\/2017\/05\/\u015bwi\u0119cenia-papie\u017c.jpg\"><img loading=\"lazy\" decoding=\"async\" class=\"size-large wp-image-2842 aligncenter\" src=\"http:\/\/rafalk-elblag.pl\/wp-content\/uploads\/2017\/05\/\u015bwi\u0119cenia-papie\u017c-1024x566.jpg\" alt=\"\" width=\"900\" height=\"497\" srcset=\"https:\/\/rafalk-elblag.pl\/wp-content\/uploads\/2017\/05\/\u015bwi\u0119cenia-papie\u017c-1024x566.jpg 1024w, https:\/\/rafalk-elblag.pl\/wp-content\/uploads\/2017\/05\/\u015bwi\u0119cenia-papie\u017c-300x166.jpg 300w, https:\/\/rafalk-elblag.pl\/wp-content\/uploads\/2017\/05\/\u015bwi\u0119cenia-papie\u017c-768x424.jpg 768w, https:\/\/rafalk-elblag.pl\/wp-content\/uploads\/2017\/05\/\u015bwi\u0119cenia-papie\u017c.jpg 1200w\" sizes=\"auto, (max-width: 900px) 100vw, 900px\" \/><\/a><\/p>\n<p>&nbsp;<\/p>\n<p>Or\u0119dzie papie\u017ca Franciszka na 54. \u015awiatowy Dzie\u0144 Modlitw o Powo\u0142ania<\/p>\n<p><strong><em>Drodzy bracia i siostry!<\/em><\/strong><\/p>\n<p>W minionych latach mogli\u015bmy zastanowi\u0107 si\u0119 nad dwoma aspektami odnosz\u0105cymi si\u0119 do powo\u0142ania chrze\u015bcija\u0144skiego: nad wezwaniem do \u201ewyj\u015bcia ze swoich ogranicze\u0144\u201d, aby us\u0142ysze\u0107 g\u0142os Pana i znaczenia wsp\u00f3lnoty ko\u015bcielnej, jako uprzywilejowanego miejsca, w kt\u00f3rym Bo\u017ce powo\u0142anie si\u0119 rodzi, umacnia i wyra\u017ca.<\/p>\n<p>Obecnie, z okazji 54. \u015awiatowego Dnia Modlitw o Powo\u0142ania chc\u0119 poruszy\u0107 wymiar misyjny powo\u0142ania chrze\u015bcija\u0144skiego. Cz\u0142owiek, kt\u00f3rego poci\u0105gn\u0105\u0142 g\u0142os Boga i poszed\u0142 za Jezusem, wkr\u00f3tce odkrywa w swoim wn\u0119trzu nieodpart\u0105 ch\u0119\u0107 niesienia Dobrej Nowiny braciom, poprzez ewangelizacj\u0119 i pos\u0142ug\u0119 mi\u0142o\u015bci. Wszyscy chrze\u015bcijanie s\u0105 ustanowieni misjonarzami Ewangelii! Ucze\u0144 bowiem, nie otrzymuje daru Bo\u017cej mi\u0142o\u015bci dla prywatnego pocieszenia. Nie jest wezwany do niesienia siebie samego ani te\u017c do troski o interesy jakiej\u015b firmy. Dotkn\u0119\u0142o go i przemieni\u0142o po prostu poczucie rado\u015bci z powodu bycia kochanym przez Boga i nie mo\u017ce zatrzyma\u0107 tego do\u015bwiadczenia tylko dla siebie: \u201eRado\u015b\u0107 Ewangelii, wype\u0142niaj\u0105ca \u017cycie wsp\u00f3lnoty uczni\u00f3w, jest rado\u015bci\u0105 misyjn\u0105\u201d (Adhort. ap. Evangelii gaudium, 21 ).<\/p>\n<p>Zatem dzia\u0142alno\u015b\u0107 misyjna nie jest czym\u015b, co mo\u017ce by\u0107 dodatkiem do \u017cycia chrze\u015bcija\u0144skiego, jakby by\u0142a jak\u0105\u015b ozdob\u0105, lecz przeciwnie, znajduje si\u0119 w samym sercu wiary: relacja z Panem poci\u0105ga za sob\u0105 bycie pos\u0142anymi w \u015bwiat, jako prorocy Jego S\u0142owa i \u015bwiadkowie Jego mi\u0142o\u015bci.<\/p>\n<p>Chocia\u017c nawet do\u015bwiadczamy w sobie wielu s\u0142abo\u015bci i mo\u017cemy czasami czu\u0107 si\u0119 zniech\u0119ceni, musimy wznie\u015b\u0107 g\u0142ow\u0119 ku Bogu, nie pozwalaj\u0105c, by nas przygniot\u0142o poczucie nieadekwatno\u015bci lub popadanie w pesymizm, czyni\u0105cy nas biernymi obserwatorami \u017cycia znu\u017conego i rutynowego. Nie ma miejsca na l\u0119k: to sam B\u00f3g przychodzi, aby oczy\u015bci\u0107 nasze \u201enieczyste wargi\u201d, czyni\u0105c nas zdolnymi do misji: \u201eTwoja wina jest zmazana, zg\u0142adzony tw\u00f3j grzech. I us\u0142ysza\u0142em g\u0142os Pana m\u00f3wi\u0105cego: \u00abKogo mam pos\u0142a\u0107? Kto by Nam poszed\u0142?\u00bb Odpowiedzia\u0142em: \u00abOto ja, po\u015blij mnie!\u00bb!\u201d (Iz 6,7-8).<\/p>\n<p>Ka\u017cdy ucze\u0144-misjonarz s\u0142yszy w swoim sercu ten Bo\u017cy g\u0142os wzywaj\u0105cy go do \u201eprzej\u015bcia\u201d w\u015br\u00f3d ludzi, jak Jezus, \u201edobrze czyni\u0105c i uzdrawiaj\u0105c wszystkich\u201d (por. Dz 10,38). Mia\u0142em ju\u017c okazj\u0119, by przypomnie\u0107, \u017ce na mocy chrztu \u201eka\u017cdy chrze\u015bcijanin jest \u00abCristoforo\u00bb, to znaczy tym, kto niesie Chrystusa\u201d (Katecheza, 30 stycznia 2016). Jest to szczeg\u00f3lnie wa\u017cne dla os\u00f3b powo\u0142anych do \u017cycia w szczeg\u00f3lnej konsekracji, a tak\u017ce dla kap\u0142an\u00f3w, kt\u00f3rzy wspania\u0142omy\u015blnie odpowiedzieli: \u201eOto ja, po\u015blij mnie!\u201d. S\u0105 oni powo\u0142ani, aby z nowym zapa\u0142em misyjnym opu\u015bci\u0107 \u015bwi\u0119te mury \u015bwi\u0105tyni i umo\u017cliwi\u0107 czu\u0142o\u015bci Boga niezwykle obfite wylewanie si\u0119 na rzecz ludzi (por. Homilia podczas Mszy \u015bw. Krzy\u017cma, 24 marca 2016). Ko\u015bci\u00f3\u0142 potrzebuje takich kap\u0142an\u00f3w: ufnych i pogodnych, bo odkryli prawdziwy skarb, pragn\u0105cych \u017carliwie wyj\u015b\u0107, aby z rado\u015bci\u0105 dali go pozna\u0107 wszystkim! (por. Mt 13,44).<\/p>\n<p>Oczywi\u015bcie, jest wiele pyta\u0144, kt\u00f3re rodz\u0105 si\u0119, gdy m\u00f3wimy o misji chrze\u015bcija\u0144skiej: co to znaczy by\u0107 misjonarzem Ewangelii? Kto daje nam si\u0142\u0119 i odwag\u0119 g\u0142oszenia? Jaka jest ewangeliczna logika, kt\u00f3r\u0105 inspiruje si\u0119 misja? Na te pytania mo\u017cemy odpowiedzie\u0107 rozwa\u017caj\u0105c trzy sceny ewangeliczne: pocz\u0105tek misji Jezusa w synagodze w Nazarecie (por. \u0141k 4,16-30); droga jak\u0105 przemierza On jako Zmartwychwsta\u0142y obok uczni\u00f3w z Emaus (por. \u0141k 24,13-35); i wreszcie przypowie\u015b\u0107 o ziarnie (por. Mk 4,26-27).<\/p>\n<p><strong>Jezus jest namaszczony przez Ducha i pos\u0142any.<\/strong> Bycie uczniem- misjonarzem oznacza aktywne uczestnictwo w misji Chrystusa, kt\u00f3r\u0105 sam Jezus opisuje w synagodze w Nazarecie: \u201eDuch Pa\u0144ski spoczywa na Mnie, poniewa\u017c Mnie nama\u015bci\u0142 i pos\u0142a\u0142 Mnie, abym ubogim ni\u00f3s\u0142 dobr\u0105 nowin\u0119, wi\u0119\u017aniom g\u0142osi\u0142 wolno\u015b\u0107, a niewidomym przejrzenie; abym uci\u015bnionych odsy\u0142a\u0142 wolnymi, abym obwo\u0142ywa\u0142 rok \u0142aski od Pana\u201d (\u0141k 4,18-19). Jest to tak\u017ce nasza misja: bycie namaszczonymi przez Ducha i wyj\u015bcie do braci, aby g\u0142osi\u0107 S\u0142owo, staj\u0105c si\u0119 dla nich narz\u0119dziem zbawienia.<\/p>\n<p><strong>Jezus do\u0142\u0105cza do naszej drogi.<\/strong> W obliczu pyta\u0144 wyp\u0142ywaj\u0105cych z serca cz\u0142owieka i wyzwa\u0144, kt\u00f3re wynikaj\u0105 z rzeczywisto\u015bci mo\u017cemy mie\u0107 poczucie zagubienia i dostrzega\u0107 brak energii i nadziei. Istnieje niebezpiecze\u0144stwo, \u017ce misja chrze\u015bcija\u0144ska b\u0119dzie si\u0119 jawi\u0142a jako czysta utopia niemo\u017cliwa do realizacji, lub tak czy owak rzeczywisto\u015b\u0107 przekraczaj\u0105ca nasze si\u0142y. Ale je\u015bli b\u0119dziemy kontemplowa\u0107 Jezusa zmartwychwsta\u0142ego, id\u0105cego obok uczni\u00f3w z Emaus (por. \u0141k 24,13-15), to nasze zaufanie mo\u017ce o\u017cy\u0107 na nowo. W tej scenie Ewangelii mamy prawdziw\u0105 \u201eliturgi\u0119 drogi\u201d, kt\u00f3ra poprzedza liturgi\u0119 S\u0142owa i Chleba \u0142amanego i m\u00f3wi nam, \u017ce w ka\u017cdym naszym kroku Jezus jest obok nas! Dwaj uczniowie, zranieni skandalem krzy\u017ca powracaj\u0105 do domu przemierzaj\u0105c drog\u0119 pora\u017cki: nios\u0105 w sercu zawiedzion\u0105 nadziej\u0119 i niespe\u0142nione marzenia. Ich smutek zaj\u0105\u0142 miejsce rado\u015bci Ewangelii. Co czyni Jezus? Nie os\u0105dza ich, przemierza z nimi ich drog\u0119 i zamiast wznosi\u0107 mur, zdobywa na nowo ich serca. Powoli przemienia ich zniech\u0119cenie, sprawia, \u017ce ich serca pa\u0142aj\u0105 i otwiera im oczy, g\u0142osz\u0105c S\u0142owo i \u0142ami\u0105c Chleb. Podobnie, chrze\u015bcijanin nie niesie sam trudu misji, ale do\u015bwiadcza tak\u017ce w trudach i nieporozumieniach \u201e\u017ce Jezus kroczy z nim, rozmawia z nim, oddycha z nim, pracuje z nim. Dostrzega Jezusa \u017cywego towarzysz\u0105cego mu po\u015br\u00f3d ca\u0142ego zaanga\u017cowania misyjnego\u201d (Adhort. ap. Evangelii gaudium, 266).<\/p>\n<p><strong>Jezus sprawia, \u017ce ziarno kie\u0142kuje.<\/strong> Wreszcie wa\u017cne jest nauczenie si\u0119 z Ewangelii stylu przepowiadania. Nierzadko mo\u017ce si\u0119 bowiem zdarzy\u0107, nawet przy najlepszych intencjach, uleganie pewnej manii w\u0142adzy, prozelityzmowi lub nietolerancyjnemu fanatyzmowi. Natomiast Ewangelia wzywa nas do odrzucenia ba\u0142wochwalstwa sukcesu i w\u0142adzy, nadmiernej troski o struktury i pewnego niepokoju, odpowiadaj\u0105cego bardziej duchowi podboju ni\u017c duchowi s\u0142u\u017cby. Ziarno Kr\u00f3lestwa, chocia\u017c jest ma\u0142e, niewidoczne i czasem ma\u0142o znacz\u0105ce, wzrasta po cichu, dzi\u0119ki nieustannemu dzia\u0142aniu Boga: \u201eZ kr\u00f3lestwem Bo\u017cym dzieje si\u0119 tak, jak gdyby kto\u015b nasienie wrzuci\u0142 w ziemi\u0119. Czy \u015bpi, czy czuwa, we dnie i w nocy nasienie kie\u0142kuje i ro\u015bnie, on sam nie wie jak\u201d (Mk 4,26-27). To jest nasza pierwsza pewno\u015b\u0107: B\u00f3g przewy\u017csza nasze oczekiwania i zaskakuje nas swoj\u0105 szczodro\u015bci\u0105, sprawiaj\u0105c kie\u0142kowanie owoc\u00f3w naszej pracy wykraczaj\u0105ce poza oceny ludzkiej skuteczno\u015bci.<\/p>\n<p>Z t\u0105 ewangeliczn\u0105 ufno\u015bci\u0105 otwieramy si\u0119 na milcz\u0105ce dzia\u0142anie Ducha \u015awi\u0119tego, kt\u00f3re jest podstaw\u0105 misji. Nigdy nie mo\u017ce by\u0107 duszpasterstwa powo\u0142aniowego ani te\u017c misji chrze\u015bcija\u0144skiej bez modlitwy nieustannej i kontemplacyjnej. Aby to uczyni\u0107 nale\u017cy posila\u0107 \u017cycie chrze\u015bcija\u0144skie przez s\u0142uchanie S\u0142owa Bo\u017cego, a przede wszystkim dba\u0107 o osobist\u0105 relacj\u0119 z Panem w adoracji eucharystycznej, b\u0119d\u0105cej uprzywilejowanym \u201emiejscem\u201d spotkania z Bogiem.<\/p>\n<p>Pragn\u0119 gor\u0105co zach\u0119ci\u0107 do tej wewn\u0119trznej przyja\u017ani z Panem, przede wszystkim dlatego, aby wyprasza\u0107 od Boga nowe powo\u0142ania do kap\u0142a\u0144stwa i \u017cycia konsekrowanego. Lud Bo\u017cy potrzebuje prowadzenia przez pasterzy po\u015bwi\u0119caj\u0105cych swoje \u017cycie w s\u0142u\u017cbie Ewangelii. Dlatego prosz\u0119 wsp\u00f3lnoty parafialne, stowarzyszenia i wiele grup modlitewnych obecnych w Ko\u015bciele: wbrew pokusie zniech\u0119cenia stale m\u00f3dlcie si\u0119 do Pana, aby pos\u0142a\u0142 robotnik\u00f3w na \u017cniwo swoje i da\u0142 nam kap\u0142an\u00f3w rozmi\u0142owanych w Ewangelii, zdolnych do stawania si\u0119 bliskimi wobec braci i bycia w ten spos\u00f3b \u017cywym znakiem mi\u0142o\u015bci mi\u0142osiernej Boga.<\/p>\n<p>Drodzy bracia i siostry, tak\u017ce i dzi\u015b mo\u017cemy odnale\u017a\u0107 zapa\u0142 przepowiadania i proponowa\u0107 zw\u0142aszcza ludziom m\u0142odym na\u015bladowanie Chrystusa. W obliczu rozpowszechnionego poczucia wiary znu\u017conej lub sprowadzonej do zwyk\u0142ych \u201eobowi\u0105zk\u00f3w, jakie trzeba spe\u0142ni\u0107\u201d, nasi m\u0142odzi maj\u0105 pragnienie odkrywania nieustannie aktualnej fascynacji postaci\u0105 Jezusa, by Jego s\u0142owa i gesty stawia\u0142y im pytania i wyzwania, a wreszcie tak\u017ce dzi\u0119ki Niemu, maj\u0105 marzenia o \u017cyciu w pe\u0142ni ludzkim, radosnym, gdy\u017c mo\u017ce spala\u0107 si\u0119 w mi\u0142o\u015bci.<\/p>\n<p>Naj\u015bwi\u0119tsza Maryja Panna, Matka naszego Zbawiciela, mia\u0142a odwag\u0119, by przyj\u0105\u0107 to marzenie Boga, sk\u0142adaj\u0105c swoj\u0105 m\u0142odo\u015b\u0107 i sw\u00f3j entuzjazm w Jego r\u0119kach. Niech Jej wstawiennictwo wyjedna nam t\u0119 sam\u0105 otwarto\u015b\u0107 serca, gotowo\u015b\u0107 wypowiedzenia naszego \u201eOto jestem\u201d na wezwanie Pana, i rado\u015b\u0107 wyruszenia w drog\u0119 (por. \u0141k 1,39), tak jak Ona, aby g\u0142osi\u0107 Go ca\u0142emu \u015bwiatu.<\/p>\n<p>Watykan, 27 listopada 2016<br \/>\nPierwsza niedziela Adwentu<\/p>\n<p>FRANCISZEK<\/p>\n<p>&nbsp;<\/p>\n<p>&nbsp;<\/p>\n","protected":false},"excerpt":{"rendered":"<p>&nbsp; Or\u0119dzie papie\u017ca Franciszka na 54. \u015awiatowy Dzie\u0144 Modlitw o Powo\u0142ania Drodzy bracia i siostry! W minionych latach mogli\u015bmy zastanowi\u0107 si\u0119 nad dwoma aspektami odnosz\u0105cymi si\u0119 do powo\u0142ania chrze\u015bcija\u0144skiego: nad wezwaniem do \u201ewyj\u015bcia ze swoich ogranicze\u0144\u201d, aby us\u0142ysze\u0107 g\u0142os Pana i znaczenia wsp\u00f3lnoty ko\u015bcielnej, jako uprzywilejowanego miejsca, w kt\u00f3rym Bo\u017ce powo\u0142anie si\u0119 rodzi, umacnia i [&hellip;]<\/p>\n","protected":false},"author":1,"featured_media":2842,"comment_status":"closed","ping_status":"closed","sticky":false,"template":"","format":"standard","meta":{"ngg_post_thumbnail":0,"footnotes":""},"categories":[11,8],"tags":[],"class_list":["post-2841","post","type-post","status-publish","format-standard","has-post-thumbnail","hentry","category-aktualnosci","category-blog"],"_links":{"self":[{"href":"https:\/\/rafalk-elblag.pl\/index.php?rest_route=\/wp\/v2\/posts\/2841","targetHints":{"allow":["GET"]}}],"collection":[{"href":"https:\/\/rafalk-elblag.pl\/index.php?rest_route=\/wp\/v2\/posts"}],"about":[{"href":"https:\/\/rafalk-elblag.pl\/index.php?rest_route=\/wp\/v2\/types\/post"}],"author":[{"embeddable":true,"href":"https:\/\/rafalk-elblag.pl\/index.php?rest_route=\/wp\/v2\/users\/1"}],"replies":[{"embeddable":true,"href":"https:\/\/rafalk-elblag.pl\/index.php?rest_route=%2Fwp%2Fv2%2Fcomments&post=2841"}],"version-history":[{"count":1,"href":"https:\/\/rafalk-elblag.pl\/index.php?rest_route=\/wp\/v2\/posts\/2841\/revisions"}],"predecessor-version":[{"id":2843,"href":"https:\/\/rafalk-elblag.pl\/index.php?rest_route=\/wp\/v2\/posts\/2841\/revisions\/2843"}],"wp:featuredmedia":[{"embeddable":true,"href":"https:\/\/rafalk-elblag.pl\/index.php?rest_route=\/wp\/v2\/media\/2842"}],"wp:attachment":[{"href":"https:\/\/rafalk-elblag.pl\/index.php?rest_route=%2Fwp%2Fv2%2Fmedia&parent=2841"}],"wp:term":[{"taxonomy":"category","embeddable":true,"href":"https:\/\/rafalk-elblag.pl\/index.php?rest_route=%2Fwp%2Fv2%2Fcategories&post=2841"},{"taxonomy":"post_tag","embeddable":true,"href":"https:\/\/rafalk-elblag.pl\/index.php?rest_route=%2Fwp%2Fv2%2Ftags&post=2841"}],"curies":[{"name":"wp","href":"https:\/\/api.w.org\/{rel}","templated":true}]}}