{"id":2839,"date":"2017-05-07T15:25:01","date_gmt":"2017-05-07T15:25:01","guid":{"rendered":"http:\/\/rafalk-elblag.pl\/?p=2839"},"modified":"2017-05-07T15:26:31","modified_gmt":"2017-05-07T15:26:31","slug":"ogloszenia-parafialne-7-05-2017-r-iv-niedziela-wielkanocna","status":"publish","type":"post","link":"https:\/\/rafalk-elblag.pl\/?p=2839","title":{"rendered":"OG\u0141OSZENIA PARAFIALNE 7.05.2017 R. IV NIEDZIELA WIELKANOCNA"},"content":{"rendered":"<p><a href=\"http:\/\/rafalk-elblag.pl\/wp-content\/uploads\/2016\/12\/pulpit.jpg\"><img loading=\"lazy\" decoding=\"async\" class=\"alignnone size-large wp-image-2530\" src=\"http:\/\/rafalk-elblag.pl\/wp-content\/uploads\/2016\/12\/pulpit-1024x682.jpg\" alt=\"\" width=\"900\" height=\"599\" srcset=\"https:\/\/rafalk-elblag.pl\/wp-content\/uploads\/2016\/12\/pulpit-1024x682.jpg 1024w, https:\/\/rafalk-elblag.pl\/wp-content\/uploads\/2016\/12\/pulpit-300x200.jpg 300w, https:\/\/rafalk-elblag.pl\/wp-content\/uploads\/2016\/12\/pulpit-768x512.jpg 768w, https:\/\/rafalk-elblag.pl\/wp-content\/uploads\/2016\/12\/pulpit.jpg 1698w\" sizes=\"auto, (max-width: 900px) 100vw, 900px\" \/><\/a><\/p>\n<p>&nbsp;<\/p>\n<p>1. Zapraszamy dzisiaj na <strong>ADORACJ\u0118 NAJ\u015aWI\u0118TSZEGO SAKRAMENTU<\/strong> od godz. 16.00 do godz. 18.00. <em>W ciszy jest \u0142atwiej us\u0142ysze\u0107 g\u0142os Boga.<\/em><\/p>\n<p><strong>&nbsp;<\/strong><\/p>\n<p><strong>2. Dzisiaj w IV niedziel\u0119 wielkanocn\u0105, zwan\u0105 Niedziel\u0105 Dobrego Pasterza, w Ko\u015bciele obchodzony jest 54. \u015awiatowy Dzie\u0144 Modlitw o Powo\u0142ania. W Polsce rozpoczyna on Tydzie\u0144 Modlitw o Powo\u0142ania do Kap\u0142a\u0144stwa i \u017bycia Konsekrowanego, kt\u00f3ry tym razem b\u0119dzie przebiega\u0142 pod has\u0142em &#8222;Id\u017acie i g\u0142o\u015bcie&#8221;<\/strong><strong>. <\/strong>Zapraszamy wszystkich do wsp\u00f3lnej modlitwy w intencji m\u0142odych ludzi, aby dobrze rozeznali swoje powo\u0142anie. W naszej parafii go\u015bcimy siostr\u0119 Ann\u0119 Ju\u017awiak, Apostolink\u0119 z Krajowej Rady Duszpasterstwa Powo\u0142a\u0144, kt\u00f3ra na ka\u017cdej Mszy \u015bwi\u0119tej dzieli si\u0119 swoim powo\u0142aniem oraz zbiera ofiary do puszek na dzia\u0142alno\u015b\u0107 powo\u0142aniow\u0105 Zgromadzenia Apostolinek.<\/p>\n<p>&nbsp;<\/p>\n<p>3. Ofiary sk\u0142adane dzisiaj na tac\u0119 przeznaczone s\u0105 na wykonanie marmurowego O\u0141TARZA I AMBONKI w prezbiterium Ko\u015bcio\u0142a. B\u00f3g zap\u0142a\u0107 za otwarto\u015b\u0107 i zrozumienie.<\/p>\n<p>&nbsp;<\/p>\n<p>4. Kolejne spotkanie REO we wtorek o godz. 18.45, a w \u015brod\u0119 spotkanie Kr\u0119gu Biblijnego.<\/p>\n<p>&nbsp;<\/p>\n<p>5. Trwaj\u0105 nabo\u017ce\u0144stwa ku czci Naj\u015bwi\u0119tszej Maryi Panny, tzw. <strong>\u201eMAJOWE\u201d. <\/strong>Zapraszamy w maju doros\u0142ych i m\u0142odzie\u017c codziennie <strong>o godz. 17.30, <\/strong>a dzieci w poniedzia\u0142ki i czwartki o godz. 16.30. Pami\u0119tajmy szczeg\u00f3lnie o tych, kt\u00f3rzy przyjm\u0105 w tym roku \u015bwi\u0119cenia kap\u0142a\u0144skie: dn Grzegorz Wala, dn Piotr Makowski i dn Kamil Bober.<\/p>\n<p><strong>&nbsp;<\/strong><\/p>\n<p><strong>6. W roku duszpasterskim pod has\u0142em \u201eId\u017acie i g\u0142o\u015bcie\u201d zapraszamy na nabo\u017ce\u0144stwo majowe, kt\u00f3re odb\u0119dzie si\u0119 przy przychodni \u201eDu\u017cy Medyk\u201d, we wtorek 9 maja o godz. 17.00, po kt\u00f3rym procesyjnie i ze \u015bpiewem wr\u00f3cimy z figur\u0105 MB Fatimskiej do ko\u015bcio\u0142a. <\/strong><em>Tego dnia nie b\u0119dzie nabo\u017ce\u0144stwa w ko\u015bciele o 17.30<\/em>.<\/p>\n<p><strong>&nbsp;<\/strong><\/p>\n<p><strong>7. Zaproszenie na odpust ku czci Matki Bo\u017cej Fatimskiej.<\/strong> Wiernych ca\u0142ej diecezji bardzo serdecznie zapraszamy na uroczysto\u015b\u0107 odpustow\u0105 ku czci Matki Bo\u017cej Fatimskiej, kt\u00f3ra rozpocznie si\u0119 <strong>w sobot\u0119 dnia 13 maja 2017 roku o godz. 11.00 w Stagniewie.<\/strong><\/p>\n<p>&nbsp;<\/p>\n<p><strong>8. Dnia 13 MAJA 2017 ROKU ZAPRASZAMY NA PROCESJ\u0118 FATIMSK\u0104 ULICAMI ELBL\u0104GA W 100. ROCZNIC\u0118 OBJAWIE\u0143. Msza \u015bw. o godz. 20.00 w ko\u015bciele Matki Bo\u017cej Kr\u00f3lowej Polski w Elbl\u0105gu, a po niej procesja. UWAGA! Prosimy o zabranie ze sob\u0105 lampion\u00f3w.<\/strong><\/p>\n<p>&nbsp;<\/p>\n<p>9. W naszej parafii 18 czerwca na Mszy \u015bw. o godz. 18.00 ks. Biskup Senior J\u00f3zef Wysocki udzieli SAKRAMENTU BIERZMOWANIA grupie m\u0142odzie\u017cy, kt\u00f3ra przez dwa lata przechodzi\u0142a czas przygotowania. <strong><em>Pro\u015bmy o dary Ducha \u015awi\u0119tego dla tych m\u0142odych ludzi. <\/em><\/strong><\/p>\n<p><strong>&nbsp;<\/strong><\/p>\n<p><strong>10. Osoby, kt\u00f3re zapisa\u0142y si\u0119 na pielgrzymk\u0119 rodzin i os\u00f3b wspieraj\u0105cych powo\u0142ania do Cz\u0119stochowy, zapraszamy na spotkanie organizacyjne we wtorek, tj. 09.05.2017r. o godz. 19.00 w salce na plebanii (s\u0105 jeszcze 3 miejsca wolne).<\/strong><\/p>\n<p><strong>&nbsp;<\/strong><\/p>\n<p>11. Wszystkim Jubilatom i Solenizantom tego tygodnia \u017cyczymy wszelkiego dobra w \u017cyciu i b\u0142ogos\u0142awie\u0144stwa Bo\u017cego.<\/p>\n<p>&nbsp;<\/p>\n<p>12. Zach\u0119camy do prasy katolickiej: nowy numer \u201eGo\u015bcia Niedzielnego\u201d- 5 z\u0142.<\/p>\n<p>&nbsp;<\/p>\n<p style=\"text-align: center;\"><strong>Numer Konta Parafialnego<\/strong><\/p>\n<p style=\"text-align: center;\"><strong>PKO BP 72 1020 1752 0000 0102 0069 6047<\/strong><\/p>\n<p>&nbsp;<\/p>\n<p>&nbsp;<\/p>\n","protected":false},"excerpt":{"rendered":"<p>&nbsp; 1. Zapraszamy dzisiaj na ADORACJ\u0118 NAJ\u015aWI\u0118TSZEGO SAKRAMENTU od godz. 16.00 do godz. 18.00. W ciszy jest \u0142atwiej us\u0142ysze\u0107 g\u0142os Boga. &nbsp; 2. Dzisiaj w IV niedziel\u0119 wielkanocn\u0105, zwan\u0105 Niedziel\u0105 Dobrego Pasterza, w Ko\u015bciele obchodzony jest 54. \u015awiatowy Dzie\u0144 Modlitw o Powo\u0142ania. W Polsce rozpoczyna on Tydzie\u0144 Modlitw o Powo\u0142ania do Kap\u0142a\u0144stwa i \u017bycia Konsekrowanego, [&hellip;]<\/p>\n","protected":false},"author":1,"featured_media":2530,"comment_status":"closed","ping_status":"closed","sticky":false,"template":"","format":"standard","meta":{"ngg_post_thumbnail":0,"footnotes":""},"categories":[11,8,3],"tags":[],"class_list":["post-2839","post","type-post","status-publish","format-standard","has-post-thumbnail","hentry","category-aktualnosci","category-blog","category-ogloszenia"],"_links":{"self":[{"href":"https:\/\/rafalk-elblag.pl\/index.php?rest_route=\/wp\/v2\/posts\/2839","targetHints":{"allow":["GET"]}}],"collection":[{"href":"https:\/\/rafalk-elblag.pl\/index.php?rest_route=\/wp\/v2\/posts"}],"about":[{"href":"https:\/\/rafalk-elblag.pl\/index.php?rest_route=\/wp\/v2\/types\/post"}],"author":[{"embeddable":true,"href":"https:\/\/rafalk-elblag.pl\/index.php?rest_route=\/wp\/v2\/users\/1"}],"replies":[{"embeddable":true,"href":"https:\/\/rafalk-elblag.pl\/index.php?rest_route=%2Fwp%2Fv2%2Fcomments&post=2839"}],"version-history":[{"count":1,"href":"https:\/\/rafalk-elblag.pl\/index.php?rest_route=\/wp\/v2\/posts\/2839\/revisions"}],"predecessor-version":[{"id":2840,"href":"https:\/\/rafalk-elblag.pl\/index.php?rest_route=\/wp\/v2\/posts\/2839\/revisions\/2840"}],"wp:featuredmedia":[{"embeddable":true,"href":"https:\/\/rafalk-elblag.pl\/index.php?rest_route=\/wp\/v2\/media\/2530"}],"wp:attachment":[{"href":"https:\/\/rafalk-elblag.pl\/index.php?rest_route=%2Fwp%2Fv2%2Fmedia&parent=2839"}],"wp:term":[{"taxonomy":"category","embeddable":true,"href":"https:\/\/rafalk-elblag.pl\/index.php?rest_route=%2Fwp%2Fv2%2Fcategories&post=2839"},{"taxonomy":"post_tag","embeddable":true,"href":"https:\/\/rafalk-elblag.pl\/index.php?rest_route=%2Fwp%2Fv2%2Ftags&post=2839"}],"curies":[{"name":"wp","href":"https:\/\/api.w.org\/{rel}","templated":true}]}}