{"id":2832,"date":"2017-04-25T17:37:57","date_gmt":"2017-04-25T17:37:57","guid":{"rendered":"http:\/\/rafalk-elblag.pl\/?p=2832"},"modified":"2017-04-25T17:38:24","modified_gmt":"2017-04-25T17:38:24","slug":"milosierdzie-pana-od-wiekow-i-na-wieki","status":"publish","type":"post","link":"https:\/\/rafalk-elblag.pl\/?p=2832","title":{"rendered":"MI\u0141OSIERDZIE PANA OD WIEK\u00d3W I NA WIEKI"},"content":{"rendered":"<p><a href=\"http:\/\/rafalk-elblag.pl\/wp-content\/uploads\/2017\/04\/Divina_Misericordia_Eugeniusz_Kazimirowski_1934.jpg\"><img loading=\"lazy\" decoding=\"async\" class=\" wp-image-2833 aligncenter\" src=\"http:\/\/rafalk-elblag.pl\/wp-content\/uploads\/2017\/04\/Divina_Misericordia_Eugeniusz_Kazimirowski_1934-607x1024.jpg\" alt=\"\" width=\"423\" height=\"713\" srcset=\"https:\/\/rafalk-elblag.pl\/wp-content\/uploads\/2017\/04\/Divina_Misericordia_Eugeniusz_Kazimirowski_1934-607x1024.jpg 607w, https:\/\/rafalk-elblag.pl\/wp-content\/uploads\/2017\/04\/Divina_Misericordia_Eugeniusz_Kazimirowski_1934-178x300.jpg 178w, https:\/\/rafalk-elblag.pl\/wp-content\/uploads\/2017\/04\/Divina_Misericordia_Eugeniusz_Kazimirowski_1934-768x1297.jpg 768w, https:\/\/rafalk-elblag.pl\/wp-content\/uploads\/2017\/04\/Divina_Misericordia_Eugeniusz_Kazimirowski_1934.jpg 1200w\" sizes=\"auto, (max-width: 423px) 100vw, 423px\" \/><\/a><\/p>\n<p>&nbsp;<\/p>\n<p><strong><em>Wieczorem, kiedy by\u0142am w celi<\/em><\/strong>&nbsp;\u2013 relacjonuje to wydarzenie w \u201eDzienniczku\u201d siostra Faustyna \u2013&nbsp;<strong><em>ujrza\u0142am Pana Jezusa ubranego w szacie bia\u0142ej. Jedna r\u0119ka wzniesiona do b\u0142ogos\u0142awie\u0144stwa, a druga dotyka\u0142a szaty na piersiach. Z uchylenia szaty na piersiach wychodzi\u0142y dwa wielkie promienie, jeden czerwony, a drugi blady.<\/em>&nbsp;(\u2026)&nbsp;<em>Po chwili powiedzia\u0142 mi Jezus: \u201eWymaluj obraz wed\u0142ug rysunku, kt\u00f3ry widzisz, z podpisem: Jezu, ufam Tobie. Pragn\u0119, aby ten obraz czczono najpierw w kaplicy waszej i na ca\u0142ym \u015bwiecie<\/em><\/strong><em>\u201d<\/em>&nbsp;(Dz. 47).<\/p>\n<p>&nbsp;<\/p>\n<p><strong>Zmartwychwsta\u0142y Chrystus ma na sobie bia\u0142\u0105 szat\u0119. Praw\u0105 r\u0119k\u0119 wznosi&nbsp;<em>do b\u0142ogos\u0142awie\u0144stwa<\/em><\/strong><em>.<\/em>&nbsp;W opisie wizji tego obrazu nie ma mowy o tym, do jakiej wysoko\u015bci ma by\u0107 uniesiona r\u0119ka w ge\u015bcie b\u0142ogos\u0142awie\u0144stwa. Na obrazie, kt\u00f3ry malowa\u0142 Eugeniusz Kazimirowski i do kt\u00f3rego pozowa\u0142 ks. Sopo\u0107ko, Jezus praw\u0105 r\u0119k\u0119 ma wzniesion\u0105 tylko do wysoko\u015bci&nbsp; ramienia,&nbsp; bo taki ryt&nbsp; b\u0142ogos\u0142awie\u0144stwa w\u00f3wczas&nbsp; by\u0142 przyj\u0119ty. W \u015bwietle \u201eDzienniczka\u201d \u017cadnego znaczenia nie ma to, czy r\u0119ka jest wzniesiona do wysoko\u015bci ramienia, czy wy\u017cej. Wa\u017cne jest tylko to, aby prawa r\u0119ka by\u0142a&nbsp;<em>wzniesiona do b\u0142ogos\u0142awie\u0144stwa<\/em>&nbsp;(Dz. 47).<\/p>\n<p>&nbsp;<\/p>\n<p>Niekt\u00f3re elementy&nbsp; rysunku tego obrazu&nbsp; Pan Jezus dodatkowo wyja\u015bni\u0142 w kilku objawieniach w Wilnie w 1934 roku, gdy w pracowni Eugeniusza Kazimirowskiego pod okiem Siostry Faustyny powstawa\u0142 pierwszy wizerunek malowany wed\u0142ug wizji p\u0142ockiej. Na pytanie o znaczenie promieni Jezus powiedzia\u0142:&nbsp;<strong><em>Te dwa promienie oznaczaj\u0105 krew i wod\u0119. Blady promie\u0144 oznacza wod\u0119, kt\u00f3ra usprawiedliwia dusze; czerwony promie\u0144 oznacza krew, kt\u00f3ra jest \u017cyciem dusz\u2026 \u2013 Te dwa promienie wysz\u0142y z wn\u0119trzno\u015bci mi\u0142osierdzia Mojego w\u00f3wczas, kiedy konaj\u0105ce&nbsp; serce&nbsp; Moje&nbsp; zosta\u0142o w\u0142\u00f3czni\u0105&nbsp; otwarte&nbsp; na krzy\u017cu<\/em><\/strong>&nbsp;(Dz. 299). Niew\u0142a\u015bciwe wi\u0119c wydaje si\u0119 malowanie tych promieni jako \u015bwiat\u0142a, kt\u00f3re rozchodzi si\u0119 we wszystkie strony, tak\u017ce do g\u00f3ry. Te promienie wychodz\u0105&nbsp;<em>z uchylenia szaty na piersiach<\/em>&nbsp;w okolicy serca, jednak na obrazie serce Jezusa ma by\u0107 niewidoczne.<\/p>\n<p>&nbsp;<\/p>\n<p>Kolejny szczeg\u00f3\u0142&nbsp; rysunku&nbsp; dotyczy spojrzenia Jezusa.&nbsp;<strong><em>Spojrzenie Moje z tego obrazu jest takie jako spojrzenie z krzy\u017ca<\/em><\/strong>&nbsp;(Dz. 326)&nbsp;\u2013 takie s\u0142owa Pana Jezusa zanotowa\u0142a w \u201eDzienniczku\u201d Siostra Faustyna. Niekt\u00f3rzy \u2013 w\u015br\u00f3d nich ks. M. Sopo\u0107ko \u2013 interpretowali te s\u0142owa dos\u0142ownie:&nbsp;<em>jak z krzy\u017ca<\/em>, czyli z g\u00f3ry na d\u00f3\u0142. Inni twierdz\u0105, \u017ce te s\u0142owa trzeba interpretowa\u0107 w spos\u00f3b duchowy, a nie dos\u0142owny. <strong>S\u0142owa:&nbsp;<em>Spojrzenie Moje z tego obrazu jest takie jako spojrzenie z krzy\u017ca<\/em>&nbsp;oznaczaj\u0105 spojrzenie mi\u0142osierne, zatroskane o cz\u0142owieka, poszukuj\u0105ce go, kt\u00f3re najpe\u0142niej objawi\u0142o si\u0119 w\u0142a\u015bnie na krzy\u017cu Chrystusa.<\/strong><\/p>\n<p>&nbsp;<\/p>\n<p>Do istotnych element\u00f3w tego obrazu, integralnie z&nbsp; nim zwi\u0105zanych, nale\u017c\u0105 s\u0142owa:&nbsp;<em>Jezu, ufam Tobie<\/em>, kt\u00f3re maj\u0105 by\u0107 umieszczone w podpisie. Wile\u0144ski spowiednik Siostry Faustyny, kt\u00f3ry stara\u0142 si\u0119 o namalowanie pierwszego obrazu, pyta\u0142 Siostr\u0119 Faustyn\u0119, czy w podpisie mog\u0105 by\u0107 inne s\u0142owa, np. \u201eChrystus, Kr\u00f3l Mi\u0142osierdzia\u201d&nbsp;(Dz. 88).&nbsp;<strong><em>Jezus mi przypomnia\u0142<\/em>&nbsp;<\/strong>\u2013 zapisa\u0142a na kartach \u201eDzienniczka\u201d \u2013&nbsp;<strong><em>jako mi m\u00f3wi\u0142 pierwszy raz, to jest, \u017ce te trzy s\u0142owa musz\u0105 by\u0107 uwidocznione. S\u0142owa te s\u0105 takie: Jezu, ufam Tobie. Zrozumia\u0142am, \u017ce Jezus pragnie, a\u017ceby by\u0142a umieszczona ca\u0142a formu\u0142ka<\/em><\/strong>&nbsp;(Dz. 327).<\/p>\n<p>&nbsp;&nbsp;&nbsp;&nbsp;&nbsp;&nbsp;&nbsp;&nbsp;&nbsp;&nbsp;&nbsp;<\/p>\n<p><strong>&nbsp;<\/strong><\/p>\n<p style=\"text-align: center;\"><span style=\"color: #ff0000;\"><strong>UROCZYSTO\u015aCI KU CZCI PATRONA POLSKI<br \/>\nI DIECEZJI ELBL\u0104SKIEJ \u015aW. WOJCIECHA \u2013&nbsp; \u015aWI\u0118TY GAJ<\/strong><\/span><\/p>\n<p style=\"text-align: center;\"><span style=\"color: #ff0000;\"><strong>SOBOTA \u2013 29 kwietnia&nbsp; 2017<br \/>\n(PIELGRZYMKI PIESZE I AUTOKAROWE)<\/strong><\/span><\/p>\n<p><strong>&nbsp;<\/strong><strong>GODZ. 14.20 \u2013&nbsp; PRZYBYCIE I POWITANIE PIELGRZYM\u00d3W&nbsp;<\/strong><strong>PRZY O\u0141TARZU POLOWYM<\/strong><\/p>\n<p><strong>GODZ. 14.45 \u2013&nbsp; PROCESJA Z RELIKWIAMI \u015aW. WOJCIECHA Z KO\u015aCIO\u0141A DO O\u0141TARZA POLOWEGO<\/strong><\/p>\n<p><strong>GODZ. 15.00 \u2013&nbsp; MSZA \u015aWI\u0118TA POD PRZEWODNICTWEM<\/strong><strong>&nbsp;KS. BPA DRA JACKA JEZIERSKIEGO<\/strong><\/p>\n<p>&nbsp;<\/p>\n<p>&nbsp;<\/p>\n","protected":false},"excerpt":{"rendered":"<p>&nbsp; Wieczorem, kiedy by\u0142am w celi&nbsp;\u2013 relacjonuje to wydarzenie w \u201eDzienniczku\u201d siostra Faustyna \u2013&nbsp;ujrza\u0142am Pana Jezusa ubranego w szacie bia\u0142ej. Jedna r\u0119ka wzniesiona do b\u0142ogos\u0142awie\u0144stwa, a druga dotyka\u0142a szaty na piersiach. Z uchylenia szaty na piersiach wychodzi\u0142y dwa wielkie promienie, jeden czerwony, a drugi blady.&nbsp;(\u2026)&nbsp;Po chwili powiedzia\u0142 mi Jezus: \u201eWymaluj obraz wed\u0142ug rysunku, kt\u00f3ry widzisz, [&hellip;]<\/p>\n","protected":false},"author":1,"featured_media":2833,"comment_status":"closed","ping_status":"closed","sticky":false,"template":"","format":"standard","meta":{"ngg_post_thumbnail":0,"footnotes":""},"categories":[11,8],"tags":[],"class_list":["post-2832","post","type-post","status-publish","format-standard","has-post-thumbnail","hentry","category-aktualnosci","category-blog"],"_links":{"self":[{"href":"https:\/\/rafalk-elblag.pl\/index.php?rest_route=\/wp\/v2\/posts\/2832","targetHints":{"allow":["GET"]}}],"collection":[{"href":"https:\/\/rafalk-elblag.pl\/index.php?rest_route=\/wp\/v2\/posts"}],"about":[{"href":"https:\/\/rafalk-elblag.pl\/index.php?rest_route=\/wp\/v2\/types\/post"}],"author":[{"embeddable":true,"href":"https:\/\/rafalk-elblag.pl\/index.php?rest_route=\/wp\/v2\/users\/1"}],"replies":[{"embeddable":true,"href":"https:\/\/rafalk-elblag.pl\/index.php?rest_route=%2Fwp%2Fv2%2Fcomments&post=2832"}],"version-history":[{"count":1,"href":"https:\/\/rafalk-elblag.pl\/index.php?rest_route=\/wp\/v2\/posts\/2832\/revisions"}],"predecessor-version":[{"id":2834,"href":"https:\/\/rafalk-elblag.pl\/index.php?rest_route=\/wp\/v2\/posts\/2832\/revisions\/2834"}],"wp:featuredmedia":[{"embeddable":true,"href":"https:\/\/rafalk-elblag.pl\/index.php?rest_route=\/wp\/v2\/media\/2833"}],"wp:attachment":[{"href":"https:\/\/rafalk-elblag.pl\/index.php?rest_route=%2Fwp%2Fv2%2Fmedia&parent=2832"}],"wp:term":[{"taxonomy":"category","embeddable":true,"href":"https:\/\/rafalk-elblag.pl\/index.php?rest_route=%2Fwp%2Fv2%2Fcategories&post=2832"},{"taxonomy":"post_tag","embeddable":true,"href":"https:\/\/rafalk-elblag.pl\/index.php?rest_route=%2Fwp%2Fv2%2Ftags&post=2832"}],"curies":[{"name":"wp","href":"https:\/\/api.w.org\/{rel}","templated":true}]}}