{"id":2829,"date":"2017-04-25T17:29:19","date_gmt":"2017-04-25T17:29:19","guid":{"rendered":"http:\/\/rafalk-elblag.pl\/?p=2829"},"modified":"2017-04-25T17:29:19","modified_gmt":"2017-04-25T17:29:19","slug":"ogloszenia-parafialne-23-04-2017-r-ii-niedziela-wielkanocna","status":"publish","type":"post","link":"https:\/\/rafalk-elblag.pl\/?p=2829","title":{"rendered":"OG\u0141OSZENIA PARAFIALNE 23.04.2017 R. II NIEDZIELA WIELKANOCNA"},"content":{"rendered":"<p><a href=\"http:\/\/rafalk-elblag.pl\/wp-content\/uploads\/2016\/12\/pulpit.jpg\"><img loading=\"lazy\" decoding=\"async\" class=\"alignnone size-large wp-image-2530\" src=\"http:\/\/rafalk-elblag.pl\/wp-content\/uploads\/2016\/12\/pulpit-1024x682.jpg\" alt=\"\" width=\"900\" height=\"599\" srcset=\"https:\/\/rafalk-elblag.pl\/wp-content\/uploads\/2016\/12\/pulpit-1024x682.jpg 1024w, https:\/\/rafalk-elblag.pl\/wp-content\/uploads\/2016\/12\/pulpit-300x200.jpg 300w, https:\/\/rafalk-elblag.pl\/wp-content\/uploads\/2016\/12\/pulpit-768x512.jpg 768w, https:\/\/rafalk-elblag.pl\/wp-content\/uploads\/2016\/12\/pulpit.jpg 1698w\" sizes=\"auto, (max-width: 900px) 100vw, 900px\" \/><\/a><\/p>\n<p>&nbsp;<\/p>\n<p>1. Prze\u017cywamy wyj\u0105tkow\u0105 niedziel\u0119, \u201e<strong>Niedziel\u0119 Mi\u0142osierdzia Bo\u017cego\u201d.<\/strong> Uroczysta Msza \u015bw. z odnowieniem Aktu Zawierzenia Parafii Mi\u0142osierdziu Bo\u017cemu odb\u0119dzie si\u0119 o godz. 15.00. Serdecznie zapraszamy. <strong>UWAGA!!!<\/strong> <strong><em>Mamy jeszcze mo\u017cliwo\u015b\u0107 nabycia obrazu Jezusa Mi\u0142osiernego w cenie 50 z\u0142. <\/em>Zapisy w zakrystii.<\/strong><\/p>\n<p><strong>&nbsp;<\/strong><\/p>\n<p>2. Dzisiaj <strong>przynosimy do ko\u015bcio\u0142a skarbonk\u0119 z ja\u0142mu\u017cn\u0105 wielkopostn\u0105<\/strong> w ramach og\u00f3lnopolskiej akcji \u201eJa\u0142mu\u017cna Wielkopostna 2017\u201d. <em>Skarbonki zostawiamy przed o\u0142tarzem. B\u00f3g zap\u0142a\u0107 za podj\u0119ty trud i z\u0142o\u017con\u0105 ofiar\u0119.<\/em><\/p>\n<p><strong>&nbsp;<\/strong><\/p>\n<p><strong>3. Tegoroczny <\/strong>73. Tydzie\u0144 Mi\u0142osierdzia b\u0119dzie obchodzony w dniach od 23 do 29 kwietnia&nbsp; pod has\u0142em <strong><em>\u201eId\u017acie i g\u0142o\u015bcie\u201d.<\/em> Za tydzie\u0144 b\u0119d\u0105 zbierane ofiary<\/strong> do puszek na potrzeby cierpi\u0105cych w skutek wojny w Syrii, zw\u0142aszcza w Aleppo [poprzez Caritas diecezji]. <em>Za wszelk\u0105 okazan\u0105 dobro\u0107: Dzi\u0119kujemy!<\/em><\/p>\n<p>&nbsp;<\/p>\n<p>4. Wszystkich, kt\u00f3rzy chcieliby zata\u0144czy\u0107 dla Jezusa, w duchu rado\u015bci ze Zmartwychwstania Pana Jezusa, zapraszamy dzisiaj o godzinie 15.00 na Plac Jagiello\u0144czyka.<\/p>\n<p><strong>&nbsp;<\/strong><\/p>\n<p><strong>5. Istnieje ostatnia szansa zapisania si\u0119 na Rekolekcje Ewangelizacyjne Odnowy (REO) we wtorek, tj. 25 kwietnia 2017r. o godz. 18.45<\/strong>.<\/p>\n<p>&nbsp;<\/p>\n<p>6. Spotkanie Kr\u0119gu Biblijnego odb\u0119dzie si\u0119 w \u015brod\u0119 o godz. 19.00 w salce na plebanii. Serdecznie zapraszamy.<\/p>\n<p><strong>&nbsp;<\/strong><\/p>\n<p><strong>7. W okresie Wielkanocy pragniemy zaprosi\u0107 do szczeg\u00f3lnego nabo\u017ce\u0144stwa \u2013 Droga \u015awiat\u0142a. Odbywa\u0107 si\u0119 ono b\u0119dzie w ka\u017cdy pi\u0105tek okresu wielkanocnego o godz. 17.15. Zapraszamy do wsp\u00f3lnego przechodzenia drogi ze Zmartwychwsta\u0142ym Jezusem.<\/strong><\/p>\n<p><strong>&nbsp;<\/strong><\/p>\n<p><strong>8. W sobot\u0119 29 kwietnia br. z naszej parafii wyrusza pielgrzymka piesza do \u015awi\u0119tego Gaju,<\/strong> miejsca m\u0119cze\u0144stwa \u015bw. Wojciecha, g\u0142\u00f3wnego patrona naszej diecezji. Zapraszamy do pielgrzymowania ca\u0142e rodziny. Zapisy u ks. Marcina. Koszt 20 z\u0142. Wyj\u015bcie spod Katedry Elbl\u0105skiej o godz. 6.30. Uroczysta Msza \u015bw. w tym dniu o godz. 15.00.<\/p>\n<p>&nbsp;<\/p>\n<p>9. W czwartek 27 kwietnia o godz. 19.00 odb\u0119dzie si\u0119 w salce na plebanii spotkanie formacyjne dla m\u0142odzie\u017cy przygotowuj\u0105cej si\u0119 do bierzmowania \u2013 ROK II. Natomiast ROK I zapraszamy w poniedzia\u0142ek 24 kwietnia na godz. 19.00, tak\u017ce do salki m\u0142odzie\u017cowej. Obecno\u015b\u0107 na spotkaniach jest obowi\u0105zkowa!<\/p>\n<p><strong>&nbsp;<\/strong><\/p>\n<p><strong>10. Przypominamy!!!<\/strong> Sta\u0142e spotkania:<\/p>\n<ul>\n<li>dzieci ze Scholki Parafialnej \u2013 pi\u0105tek o godz. 17.00 oraz niedziela o godz. 9.45.<\/li>\n<li>Zesp\u00f3\u0142 M\u0142odzie\u017cowy \u2013 niedziela, godz. 17.00<\/li>\n<\/ul>\n<p><strong>&nbsp;<\/strong><\/p>\n<p><strong>11. Godzinki o Niepokalanym Pocz\u0119ciu Naj\u015bwi\u0119tszej Maryi<\/strong> Panny w naszej parafii \u015bpiewane s\u0105 o godz. 8.40. Serdecznie zapraszamy do wsp\u00f3lnej modlitwy.<\/p>\n<p><strong>&nbsp;<\/strong><\/p>\n<p><strong>12. Zapraszamy<\/strong> do wzi\u0119cia udzia\u0142u w pielgrzymce rodzin i os\u00f3b wspieraj\u0105cych powo\u0142ania. Odb\u0119dzie si\u0119 ona w dniach 12-14 maja 2017r. w Cz\u0119stochowie. Koszt pielgrzymki wynosi 250 z\u0142. Zapisy u ks. S\u0142awka do ko\u0144ca kwietnia.<\/p>\n<p>&nbsp;<\/p>\n<p>13. Przed ko\u015bcio\u0142em mo\u017cna naby\u0107 pras\u0119 katolick\u0105: <em>\u201eGo\u015b\u0107 Niedzielny\u201d<\/em> w cenie 5 z\u0142.<\/p>\n<p><strong>&nbsp;<\/strong><\/p>\n<p>14. Pan powo\u0142a\u0142 do wieczno\u015bci: \u015bp. Teres\u0119 Macur lat 68 L\u0105dek Zdr\u00f3j; \u015bp. Zygmunta Obuszy\u0144skiego lat 67 z ul. Sobieskiego.<\/p>\n<p>&nbsp;<\/p>\n<p style=\"text-align: center;\"><strong>Numer Konta Parafialnego<\/strong><\/p>\n<p style=\"text-align: center;\"><strong>PKO BP 72 1020 1752 0000 0102 0069 6047<\/strong><\/p>\n<p style=\"text-align: center;\">&nbsp;<\/p>\n<p style=\"text-align: center;\">&nbsp;<\/p>\n","protected":false},"excerpt":{"rendered":"<p>&nbsp; 1. Prze\u017cywamy wyj\u0105tkow\u0105 niedziel\u0119, \u201eNiedziel\u0119 Mi\u0142osierdzia Bo\u017cego\u201d. Uroczysta Msza \u015bw. z odnowieniem Aktu Zawierzenia Parafii Mi\u0142osierdziu Bo\u017cemu odb\u0119dzie si\u0119 o godz. 15.00. Serdecznie zapraszamy. UWAGA!!! Mamy jeszcze mo\u017cliwo\u015b\u0107 nabycia obrazu Jezusa Mi\u0142osiernego w cenie 50 z\u0142. Zapisy w zakrystii. &nbsp; 2. Dzisiaj przynosimy do ko\u015bcio\u0142a skarbonk\u0119 z ja\u0142mu\u017cn\u0105 wielkopostn\u0105 w ramach og\u00f3lnopolskiej akcji \u201eJa\u0142mu\u017cna [&hellip;]<\/p>\n","protected":false},"author":1,"featured_media":2530,"comment_status":"closed","ping_status":"closed","sticky":false,"template":"","format":"standard","meta":{"ngg_post_thumbnail":0,"footnotes":""},"categories":[11,8,3],"tags":[],"class_list":["post-2829","post","type-post","status-publish","format-standard","has-post-thumbnail","hentry","category-aktualnosci","category-blog","category-ogloszenia"],"_links":{"self":[{"href":"https:\/\/rafalk-elblag.pl\/index.php?rest_route=\/wp\/v2\/posts\/2829","targetHints":{"allow":["GET"]}}],"collection":[{"href":"https:\/\/rafalk-elblag.pl\/index.php?rest_route=\/wp\/v2\/posts"}],"about":[{"href":"https:\/\/rafalk-elblag.pl\/index.php?rest_route=\/wp\/v2\/types\/post"}],"author":[{"embeddable":true,"href":"https:\/\/rafalk-elblag.pl\/index.php?rest_route=\/wp\/v2\/users\/1"}],"replies":[{"embeddable":true,"href":"https:\/\/rafalk-elblag.pl\/index.php?rest_route=%2Fwp%2Fv2%2Fcomments&post=2829"}],"version-history":[{"count":1,"href":"https:\/\/rafalk-elblag.pl\/index.php?rest_route=\/wp\/v2\/posts\/2829\/revisions"}],"predecessor-version":[{"id":2830,"href":"https:\/\/rafalk-elblag.pl\/index.php?rest_route=\/wp\/v2\/posts\/2829\/revisions\/2830"}],"wp:featuredmedia":[{"embeddable":true,"href":"https:\/\/rafalk-elblag.pl\/index.php?rest_route=\/wp\/v2\/media\/2530"}],"wp:attachment":[{"href":"https:\/\/rafalk-elblag.pl\/index.php?rest_route=%2Fwp%2Fv2%2Fmedia&parent=2829"}],"wp:term":[{"taxonomy":"category","embeddable":true,"href":"https:\/\/rafalk-elblag.pl\/index.php?rest_route=%2Fwp%2Fv2%2Fcategories&post=2829"},{"taxonomy":"post_tag","embeddable":true,"href":"https:\/\/rafalk-elblag.pl\/index.php?rest_route=%2Fwp%2Fv2%2Ftags&post=2829"}],"curies":[{"name":"wp","href":"https:\/\/api.w.org\/{rel}","templated":true}]}}