{"id":2827,"date":"2017-04-25T17:22:35","date_gmt":"2017-04-25T17:22:35","guid":{"rendered":"http:\/\/rafalk-elblag.pl\/?p=2827"},"modified":"2017-04-25T17:22:35","modified_gmt":"2017-04-25T17:22:35","slug":"intencje-mszalne-na-ii-tydzien-wielkanocny-24-30-04-2017-r","status":"publish","type":"post","link":"https:\/\/rafalk-elblag.pl\/?p=2827","title":{"rendered":"INTENCJE MSZALNE NA II TYDZIE\u0143 WIELKANOCNY (24-30.04.2017 R.)"},"content":{"rendered":"<p><a href=\"http:\/\/rafalk-elblag.pl\/wp-content\/uploads\/2016\/12\/shutterstock_49643152-1000.jpg\"><img loading=\"lazy\" decoding=\"async\" class=\"alignnone size-full wp-image-2526\" src=\"http:\/\/rafalk-elblag.pl\/wp-content\/uploads\/2016\/12\/shutterstock_49643152-1000.jpg\" alt=\"\" width=\"1000\" height=\"665\" srcset=\"https:\/\/rafalk-elblag.pl\/wp-content\/uploads\/2016\/12\/shutterstock_49643152-1000.jpg 1000w, https:\/\/rafalk-elblag.pl\/wp-content\/uploads\/2016\/12\/shutterstock_49643152-1000-300x200.jpg 300w, https:\/\/rafalk-elblag.pl\/wp-content\/uploads\/2016\/12\/shutterstock_49643152-1000-768x511.jpg 768w\" sizes=\"auto, (max-width: 1000px) 100vw, 1000px\" \/><\/a><\/p>\n<p>&nbsp;<\/p>\n<table width=\"726\">\n<tbody>\n<tr>\n<td colspan=\"2\" width=\"593\"><strong>24 kwietnia&nbsp;&nbsp; PONIEDZIA\u0141EK<\/strong><\/p>\n<p><strong>\u015aw. Wojciecha, biskupa i m\u0119czennika \u2013 uroczysto\u015b\u0107<\/strong><\/td>\n<td width=\"133\"><strong><em>J 12, 24-26<\/em><\/strong><\/td>\n<\/tr>\n<tr>\n<td width=\"87\">8.00<\/td>\n<td colspan=\"2\" width=\"639\">\u015ap. Franciszek(m) \u0141ydka 23 greg.<\/td>\n<\/tr>\n<tr>\n<td width=\"87\">18.00<\/td>\n<td colspan=\"2\" width=\"639\">\u015ap. Waleria Wojtczak w 1 rocz. \u015bmierci, \u015bp. Marian Wojtaczak w 17 rocz. \u015bm.<\/td>\n<\/tr>\n<tr>\n<td width=\"87\">18.00<\/td>\n<td colspan=\"2\" width=\"639\">Dzi\u0119kczynna w 15 rocz. \u015blubu Magdy i Micha\u0142a Straszkiewicz\u00f3w z pro\u015bb\u0105<br \/>\no dalsze b\u0142ogos\u0142awie\u0144stwo i potrzebne \u0142aski<\/td>\n<\/tr>\n<\/tbody>\n<\/table>\n<p>&nbsp;<\/p>\n<table width=\"726\">\n<tbody>\n<tr>\n<td colspan=\"2\" width=\"593\"><strong>25 kwietnia&nbsp; <\/strong><strong>WTOREK<\/strong><\/p>\n<p><strong>\u015aw. Marka Ewangelisty \u2013 \u015bwi\u0119to <\/strong><\/td>\n<td width=\"133\"><strong><em>Mk 16, 15-20<\/em><\/strong><\/td>\n<\/tr>\n<tr>\n<td width=\"87\">8.00<\/td>\n<td colspan=\"2\" width=\"639\">\u015ap. Jan Lis w 19 rocz. \u015bmierci oraz zmarli z rodzin Lis, Pelowskich<br \/>\ni Miku\u015bkiewicz<\/td>\n<\/tr>\n<tr>\n<td width=\"87\">8.00<\/td>\n<td colspan=\"2\" width=\"639\">\u015ap. Franciszek(m) \u0141ydka 24 greg.<\/td>\n<\/tr>\n<tr>\n<td width=\"87\">18.00<\/td>\n<td colspan=\"2\" width=\"639\">Dzi\u0119kczynna w 25 rocz. \u015blubu Anny i Miros\u0142awa Ka\u017amierczak z pro\u015bb\u0105<br \/>\no Bo\u017ce b\u0142ogos\u0142. i potrzebne \u0142aski dla Jubilat\u00f3w oraz o \u0142ask\u0119 wiary dla Miros\u0142awa(m) w dniu 50 rocz. urodzin<\/td>\n<\/tr>\n<\/tbody>\n<\/table>\n<p>&nbsp;<\/p>\n<table width=\"726\">\n<tbody>\n<tr>\n<td colspan=\"2\" width=\"593\"><strong>26 kwietnia&nbsp; \u015aRODA <\/strong><\/td>\n<td width=\"133\"><strong><em>J 3, 16-21<\/em><\/strong><\/td>\n<\/tr>\n<tr>\n<td width=\"87\">8.00<\/td>\n<td colspan=\"2\" width=\"639\">\u015ap. Franciszek(m) \u0141ydka 25 greg.<\/td>\n<\/tr>\n<tr>\n<td width=\"87\"><strong>17.30<\/strong><\/td>\n<td colspan=\"2\" width=\"639\"><strong>Nowenna do Matki Bo\u017cej Nieustaj\u0105cej Pomocy<\/strong><\/td>\n<\/tr>\n<tr>\n<td width=\"87\">18.00<\/td>\n<td colspan=\"2\" width=\"639\">W intencjach czcicieli MBNP<\/td>\n<\/tr>\n<tr>\n<td width=\"87\">18.00<\/td>\n<td colspan=\"2\" width=\"639\">\u015ap. Janina Walko<\/td>\n<\/tr>\n<\/tbody>\n<\/table>\n<p>&nbsp;<\/p>\n<table width=\"726\">\n<tbody>\n<tr>\n<td colspan=\"2\" width=\"593\"><strong>27 kwietnia&nbsp; CZWARTEK &nbsp;&nbsp;&nbsp;&nbsp;&nbsp;&nbsp;&nbsp;&nbsp;&nbsp;&nbsp;&nbsp;&nbsp;&nbsp;&nbsp;&nbsp;&nbsp;&nbsp;&nbsp;&nbsp;&nbsp;&nbsp;&nbsp;&nbsp;&nbsp;&nbsp;&nbsp;&nbsp;&nbsp;&nbsp;&nbsp;&nbsp;&nbsp;&nbsp;&nbsp;&nbsp;&nbsp;&nbsp;&nbsp;&nbsp;&nbsp;&nbsp;&nbsp;&nbsp;&nbsp;&nbsp;&nbsp;<\/strong><\/td>\n<td width=\"133\"><strong><em>J 3, 31-36<\/em><\/strong><\/td>\n<\/tr>\n<tr>\n<td width=\"87\">8.00<\/td>\n<td colspan=\"2\" width=\"639\">\u015ap. Franciszek(m) \u0141ydka 26 greg.<\/td>\n<\/tr>\n<tr>\n<td width=\"87\">18.00<\/td>\n<td colspan=\"2\" width=\"639\">\u015ap. Janina Walko w 8 miesi\u0105c po \u015bmierci<\/td>\n<\/tr>\n<tr>\n<td width=\"87\"><strong>18.00<\/strong><\/td>\n<td colspan=\"2\" width=\"639\"><strong>Za chorych<\/strong><\/td>\n<\/tr>\n<\/tbody>\n<\/table>\n<p>&nbsp;<\/p>\n<table width=\"726\">\n<tbody>\n<tr>\n<td colspan=\"2\" width=\"593\"><strong>28 kwietnia&nbsp; PI\u0104TEK<\/strong><\/p>\n<p><strong>\u015aw. Ludwika Marii Grignion de Montfort, prezbitera \u2013 wsp. &nbsp;&nbsp;<\/strong><\/td>\n<td width=\"133\"><strong><em>J 6, 1-15<\/em><\/strong><\/td>\n<\/tr>\n<tr>\n<td width=\"87\">8.00<\/td>\n<td colspan=\"2\" width=\"639\">\u015ap. Stanis\u0142aw(m) Bejger oraz zmarli rodzice Lidii i Miko\u0142aj<\/td>\n<\/tr>\n<tr>\n<td width=\"87\"><strong>17.15<\/strong><\/td>\n<td colspan=\"2\" width=\"639\"><strong>Droga \u015awiat\u0142a<\/strong><\/td>\n<\/tr>\n<tr>\n<td width=\"87\">18.00<\/td>\n<td colspan=\"2\" width=\"639\">\u015ap. Franciszek(m) \u0141ydka 27 greg.<\/td>\n<\/tr>\n<tr>\n<td width=\"87\">18.00<\/td>\n<td colspan=\"2\" width=\"639\">O szcz\u0119\u015bliwe rozwi\u0105zanie dla Joanny i potrzebne \u0142aski na ten czas<\/td>\n<\/tr>\n<\/tbody>\n<\/table>\n<p>&nbsp;<\/p>\n<table width=\"726\">\n<tbody>\n<tr>\n<td colspan=\"2\" width=\"593\"><strong>29 kwietnia&nbsp; SOBOTA<\/strong><\/p>\n<p><strong>\u015aw. Katarzyny ze Sieny, dziewicy i doktora Ko\u015bcio\u0142a \u2013 \u015bwi\u0119to &nbsp;&nbsp;<\/strong><\/td>\n<td width=\"133\"><strong><em>Mt 11, 25-30<\/em><\/strong><\/td>\n<\/tr>\n<tr>\n<td width=\"87\"><strong>6.30<\/strong><\/td>\n<td colspan=\"2\" width=\"639\"><strong>Wyj\u015bcie pielgrzym\u00f3w do \u015awi\u0119tego Gaju sprzed Katedry Elbl\u0105skiej<\/strong><\/td>\n<\/tr>\n<tr>\n<td width=\"87\">8.00<\/td>\n<td colspan=\"2\" width=\"639\">\u015ap. Franciszek(m) \u0141ydka 28 greg.<\/td>\n<\/tr>\n<tr>\n<td width=\"87\">18.00<\/td>\n<td colspan=\"2\" width=\"639\">\u015ap. Zygfryd Dobrzeniecki, J\u00f3zefa(k) Tubilewicz w 32 rocz. \u015bmierci, J\u00f3zef(m) Tubilewicz w 21 rocz. \u015bmierci<\/td>\n<\/tr>\n<\/tbody>\n<\/table>\n<p>&nbsp;<\/p>\n<table width=\"726\">\n<tbody>\n<tr>\n<td colspan=\"2\" width=\"593\"><strong>30 kwietnia&nbsp; III NIEDZIELA WIELKANOCY<\/strong><\/td>\n<td width=\"133\"><strong><em>\u0141k 24, 13-35<\/em><\/strong><\/td>\n<\/tr>\n<tr>\n<td width=\"87\">7.00<\/td>\n<td colspan=\"2\" width=\"639\">\u015ap. Zofia Sudo\u0142 w 1 rocz. \u015bmierci, \u015bp. Pawe\u0142 Sudo\u0142<\/td>\n<\/tr>\n<tr>\n<td width=\"87\">9.00<\/td>\n<td colspan=\"2\" width=\"639\">Rez.<\/td>\n<\/tr>\n<tr>\n<td width=\"87\">9.00<\/td>\n<td colspan=\"2\" width=\"639\">Dzi\u0119kczynna w 40 rocz. \u015blubu El\u017cbiety i Zbigniewa Pa\u0142ka z pro\u015bb\u0105<br \/>\no zdrowie, potrzebne \u0142aski, Bo\u017ce b\u0142ogos\u0142. i opiek\u0119 Matki Bo\u017cej dla ca\u0142ej rodziny<\/td>\n<\/tr>\n<tr>\n<td width=\"87\">10.30<\/td>\n<td colspan=\"2\" width=\"639\">\u015ap. Ewa Gory\u0144ska, \u015bp. Mieczys\u0142awa(k) i Bernard Kuca<\/td>\n<\/tr>\n<tr>\n<td width=\"87\"><strong>12.00<\/strong><\/td>\n<td colspan=\"2\" width=\"639\"><strong>Za parafian<\/strong><\/td>\n<\/tr>\n<tr>\n<td width=\"87\">15.00<\/td>\n<td colspan=\"2\" width=\"639\">\u015ap. Franciszek(m) \u0141ydka 29 greg.<\/td>\n<\/tr>\n<tr>\n<td width=\"87\">18.00<\/td>\n<td colspan=\"2\" width=\"639\">\u015ap. W\u0142adys\u0142aw(m) w 20 rocz. \u015bmierci, \u015bp. Stefania oraz rodzice z obojga stron<\/td>\n<\/tr>\n<\/tbody>\n<\/table>\n<p>&nbsp;<\/p>\n<p>&nbsp;<\/p>\n","protected":false},"excerpt":{"rendered":"<p>&nbsp; 24 kwietnia&nbsp;&nbsp; PONIEDZIA\u0141EK \u015aw. Wojciecha, biskupa i m\u0119czennika \u2013 uroczysto\u015b\u0107 J 12, 24-26 8.00 \u015ap. Franciszek(m) \u0141ydka 23 greg. 18.00 \u015ap. Waleria Wojtczak w 1 rocz. \u015bmierci, \u015bp. Marian Wojtaczak w 17 rocz. \u015bm. 18.00 Dzi\u0119kczynna w 15 rocz. \u015blubu Magdy i Micha\u0142a Straszkiewicz\u00f3w z pro\u015bb\u0105 o dalsze b\u0142ogos\u0142awie\u0144stwo i potrzebne \u0142aski &nbsp; 25 [&hellip;]<\/p>\n","protected":false},"author":1,"featured_media":2526,"comment_status":"closed","ping_status":"closed","sticky":false,"template":"","format":"standard","meta":{"ngg_post_thumbnail":0,"footnotes":""},"categories":[11,8,4],"tags":[],"class_list":["post-2827","post","type-post","status-publish","format-standard","has-post-thumbnail","hentry","category-aktualnosci","category-blog","category-intencje"],"_links":{"self":[{"href":"https:\/\/rafalk-elblag.pl\/index.php?rest_route=\/wp\/v2\/posts\/2827","targetHints":{"allow":["GET"]}}],"collection":[{"href":"https:\/\/rafalk-elblag.pl\/index.php?rest_route=\/wp\/v2\/posts"}],"about":[{"href":"https:\/\/rafalk-elblag.pl\/index.php?rest_route=\/wp\/v2\/types\/post"}],"author":[{"embeddable":true,"href":"https:\/\/rafalk-elblag.pl\/index.php?rest_route=\/wp\/v2\/users\/1"}],"replies":[{"embeddable":true,"href":"https:\/\/rafalk-elblag.pl\/index.php?rest_route=%2Fwp%2Fv2%2Fcomments&post=2827"}],"version-history":[{"count":1,"href":"https:\/\/rafalk-elblag.pl\/index.php?rest_route=\/wp\/v2\/posts\/2827\/revisions"}],"predecessor-version":[{"id":2828,"href":"https:\/\/rafalk-elblag.pl\/index.php?rest_route=\/wp\/v2\/posts\/2827\/revisions\/2828"}],"wp:featuredmedia":[{"embeddable":true,"href":"https:\/\/rafalk-elblag.pl\/index.php?rest_route=\/wp\/v2\/media\/2526"}],"wp:attachment":[{"href":"https:\/\/rafalk-elblag.pl\/index.php?rest_route=%2Fwp%2Fv2%2Fmedia&parent=2827"}],"wp:term":[{"taxonomy":"category","embeddable":true,"href":"https:\/\/rafalk-elblag.pl\/index.php?rest_route=%2Fwp%2Fv2%2Fcategories&post=2827"},{"taxonomy":"post_tag","embeddable":true,"href":"https:\/\/rafalk-elblag.pl\/index.php?rest_route=%2Fwp%2Fv2%2Ftags&post=2827"}],"curies":[{"name":"wp","href":"https:\/\/api.w.org\/{rel}","templated":true}]}}