{"id":2814,"date":"2017-04-15T15:49:52","date_gmt":"2017-04-15T15:49:52","guid":{"rendered":"http:\/\/rafalk-elblag.pl\/?p=2814"},"modified":"2017-04-16T09:33:24","modified_gmt":"2017-04-16T09:33:24","slug":"zmartwychwstal","status":"publish","type":"post","link":"https:\/\/rafalk-elblag.pl\/?p=2814","title":{"rendered":"ZMARTWYCHWSTA\u0141 !!! :)"},"content":{"rendered":"<div style=\"width: 864px;\" class=\"wp-video\"><video class=\"wp-video-shortcode\" id=\"video-2814-1\" width=\"864\" height=\"480\" loop autoplay preload=\"auto\" controls=\"controls\"><source type=\"video\/mp4\" src=\"http:\/\/rafalk-elblag.pl\/wp-content\/uploads\/2017\/04\/Wielkanoc.mp4?_=1\" \/><source type=\"video\/webm\" src=\"http:\/\/rafalk-elblag.pl\/wp-content\/uploads\/2017\/04\/224_wielkanoc_high-large.webm?_=1\" \/><a href=\"http:\/\/rafalk-elblag.pl\/wp-content\/uploads\/2017\/04\/Wielkanoc.mp4\">http:\/\/rafalk-elblag.pl\/wp-content\/uploads\/2017\/04\/Wielkanoc.mp4<\/a><\/video><\/div>\n<p>&nbsp;<\/p>\n<p style=\"text-align: center;\"><span style=\"color: #000080;\"><strong><em>Zg\u00f3d\u017a si\u0119 wi\u0119c, aby zmartwychwsta\u0142y Jezus wszed\u0142 w twoje \u017cycie, przyjmij Go jak przyjaciela, z ufno\u015bci\u0105: On jest \u017cyciem! Je\u015bli dot\u0105d by\u0142e\u015b od Niego daleko, zr\u00f3b ma\u0142y krok \u2013 przyjmie ci\u0119 z otwartymi ramionami.&nbsp;<\/em><\/strong><em>Je\u015bli jeste\u015b oboj\u0119tny \u2013 zaryzykuj: nie rozczarujesz si\u0119. Je\u015bli zdaje ci si\u0119, \u017ce trudno za Nim i\u015b\u0107, nie l\u0119kaj si\u0119, powierz si\u0119 Jemu, b\u0105d\u017a pewien, \u017ce On jest blisko ciebie, jest z tob\u0105 i obdarzy ci\u0119 pokojem, kt\u00f3rego szukasz, i si\u0142\u0105, by \u017cy\u0107 tak, jak On chce<\/em>.<\/span><\/p>\n<p style=\"text-align: center;\"><span style=\"color: #000080;\"><strong><em>Papie\u017c Franciszek<\/em><\/strong><\/span><\/p>\n<p>&nbsp;<\/p>\n<p><span style=\"color: #ff0000;\"><strong>Drodzy Parafianie i przybyli Go\u015bcie!<\/strong><\/span><\/p>\n<p>&nbsp;<\/p>\n<p><span style=\"color: #008000;\">&nbsp;&nbsp;&nbsp;&nbsp;&nbsp;&nbsp;&nbsp;&nbsp;&nbsp;&nbsp;&nbsp; Z okazji wsp\u00f3lnego prze\u017cywania tych pi\u0119knych \u015awi\u0105t Zmartwychwstania Pa\u0144skiego \u017cyczymy Wam, aby\u015bcie z ufno\u015bci\u0105 przyjmowali do swojej codzienno\u015bci Jezusa jako przyjaciela; by\u015bcie uczyli si\u0119 ma\u0142ych krok\u00f3w zar\u00f3wno w \u017cyciu duchowym jak rodzinnym i zawodowym; by\u015bcie nie bali si\u0119 i\u015b\u0107 za Mistrzem, powierzaj\u0105c Mu swoj\u0105 codzienno\u015b\u0107; by\u015bcie czuli, \u017ce Pan jest blisko \u2013 tu\u017c obok.<\/span><\/p>\n<p><span style=\"color: #008000;\">&nbsp;&nbsp;&nbsp;&nbsp;&nbsp;&nbsp;&nbsp;&nbsp;&nbsp;&nbsp;&nbsp; <span style=\"color: #ff0000;\">Niech te \u015bwi\u0119ta b\u0119d\u0105 okazj\u0105 do rodzinnej i przyjacielskiej rado\u015bci z tego ogromnego daru jaki ofiarowa\u0142 nam Chrystus. <strong>Alleluja!<\/strong><\/span><\/span><\/p>\n<p>&nbsp;<\/p>\n<p style=\"text-align: right;\"><strong>Ks. kan. Wojciech Zwolicki<\/strong><\/p>\n<p style=\"text-align: right;\"><strong>Ks. kan. Piotr Bryk<\/strong><\/p>\n<p style=\"text-align: right;\"><strong>Ks. S\u0142awomir Milde<\/strong><\/p>\n<p style=\"text-align: right;\"><strong>Ks. Marcin Marciniak<\/strong><\/p>\n<p style=\"text-align: right;\">&nbsp;<\/p>\n<p style=\"text-align: right;\">&nbsp;<\/p>\n","protected":false},"excerpt":{"rendered":"<p>&nbsp; Zg\u00f3d\u017a si\u0119 wi\u0119c, aby zmartwychwsta\u0142y Jezus wszed\u0142 w twoje \u017cycie, przyjmij Go jak przyjaciela, z ufno\u015bci\u0105: On jest \u017cyciem! Je\u015bli dot\u0105d by\u0142e\u015b od Niego daleko, zr\u00f3b ma\u0142y krok \u2013 przyjmie ci\u0119 z otwartymi ramionami.&nbsp;Je\u015bli jeste\u015b oboj\u0119tny \u2013 zaryzykuj: nie rozczarujesz si\u0119. Je\u015bli zdaje ci si\u0119, \u017ce trudno za Nim i\u015b\u0107, nie l\u0119kaj si\u0119, powierz [&hellip;]<\/p>\n","protected":false},"author":1,"featured_media":0,"comment_status":"closed","ping_status":"closed","sticky":false,"template":"","format":"video","meta":{"ngg_post_thumbnail":0,"footnotes":""},"categories":[11,8],"tags":[],"class_list":["post-2814","post","type-post","status-publish","format-video","hentry","category-aktualnosci","category-blog","post_format-post-format-video"],"_links":{"self":[{"href":"https:\/\/rafalk-elblag.pl\/index.php?rest_route=\/wp\/v2\/posts\/2814","targetHints":{"allow":["GET"]}}],"collection":[{"href":"https:\/\/rafalk-elblag.pl\/index.php?rest_route=\/wp\/v2\/posts"}],"about":[{"href":"https:\/\/rafalk-elblag.pl\/index.php?rest_route=\/wp\/v2\/types\/post"}],"author":[{"embeddable":true,"href":"https:\/\/rafalk-elblag.pl\/index.php?rest_route=\/wp\/v2\/users\/1"}],"replies":[{"embeddable":true,"href":"https:\/\/rafalk-elblag.pl\/index.php?rest_route=%2Fwp%2Fv2%2Fcomments&post=2814"}],"version-history":[{"count":4,"href":"https:\/\/rafalk-elblag.pl\/index.php?rest_route=\/wp\/v2\/posts\/2814\/revisions"}],"predecessor-version":[{"id":2825,"href":"https:\/\/rafalk-elblag.pl\/index.php?rest_route=\/wp\/v2\/posts\/2814\/revisions\/2825"}],"wp:attachment":[{"href":"https:\/\/rafalk-elblag.pl\/index.php?rest_route=%2Fwp%2Fv2%2Fmedia&parent=2814"}],"wp:term":[{"taxonomy":"category","embeddable":true,"href":"https:\/\/rafalk-elblag.pl\/index.php?rest_route=%2Fwp%2Fv2%2Fcategories&post=2814"},{"taxonomy":"post_tag","embeddable":true,"href":"https:\/\/rafalk-elblag.pl\/index.php?rest_route=%2Fwp%2Fv2%2Ftags&post=2814"}],"curies":[{"name":"wp","href":"https:\/\/api.w.org\/{rel}","templated":true}]}}