{"id":2812,"date":"2017-04-15T15:31:10","date_gmt":"2017-04-15T15:31:10","guid":{"rendered":"http:\/\/rafalk-elblag.pl\/?p=2812"},"modified":"2017-04-15T15:31:10","modified_gmt":"2017-04-15T15:31:10","slug":"ogloszenia-parafialne-16-04-2017-r-niedziela-zmartwychwstania","status":"publish","type":"post","link":"https:\/\/rafalk-elblag.pl\/?p=2812","title":{"rendered":"OG\u0141OSZENIA PARAFIALNE 16.04.2017 R. NIEDZIELA ZMARTWYCHWSTANIA"},"content":{"rendered":"<p><a href=\"http:\/\/rafalk-elblag.pl\/wp-content\/uploads\/2016\/12\/pulpit.jpg\"><img loading=\"lazy\" decoding=\"async\" class=\"alignnone size-large wp-image-2530\" src=\"http:\/\/rafalk-elblag.pl\/wp-content\/uploads\/2016\/12\/pulpit-1024x682.jpg\" alt=\"\" width=\"900\" height=\"599\" srcset=\"https:\/\/rafalk-elblag.pl\/wp-content\/uploads\/2016\/12\/pulpit-1024x682.jpg 1024w, https:\/\/rafalk-elblag.pl\/wp-content\/uploads\/2016\/12\/pulpit-300x200.jpg 300w, https:\/\/rafalk-elblag.pl\/wp-content\/uploads\/2016\/12\/pulpit-768x512.jpg 768w, https:\/\/rafalk-elblag.pl\/wp-content\/uploads\/2016\/12\/pulpit.jpg 1698w\" sizes=\"auto, (max-width: 900px) 100vw, 900px\" \/><\/a><\/p>\n<p>&nbsp;<\/p>\n<p>1. Jutro Poniedzia\u0142ek Wielkanocny, II dzie\u0144 \u015awi\u0105t. Porz\u0105dek Mszy \u015bw. jak w niedziel\u0119. <strong>UWAGA! NIE MA MSZY O GODZ. 15.00<\/strong>. Taca przeznaczona na Katolicki Uniwersytet Lubelski im \u015bw. Jana Paw\u0142a II. B\u00f3g zap\u0142a\u0107 za z\u0142o\u017cone ofiary.<\/p>\n<p><strong>&nbsp;<\/strong><\/p>\n<p><strong>2. W Oktawie Wielkanocnej<\/strong> zapraszamy do udzia\u0142u w <strong>Nowennie do Mi\u0142osierdzia Bo\u017cego<\/strong> o godz. 17.30, przed Naj\u015bwi\u0119tszym Sakramentem.<\/p>\n<p><strong>&nbsp;<\/strong><\/p>\n<p><strong>3. Jutro po ka\u017cdej Mszy \u015awi\u0119tej nasi klerycy b\u0119d\u0105, za dobrowoln\u0105 ofiar\u0119, rozprowadza\u0107 czasopismo alumn\u00f3w Wy\u017cszego Seminarium Duchownego \u201eMy\u015blnik klerycki\u201d. Zach\u0119camy do nabywania<\/strong>.<\/p>\n<p>&nbsp;<\/p>\n<p>4. Wsp\u00f3lnotom: Odnowy w Duchu \u015awi\u0119tym i Katolickiemu Stowarzyszeniu M\u0142odzie\u017cy, kt\u00f3re przygotowa\u0142y ciemnic\u0119 i gr\u00f3b sk\u0142adam B\u00f3g zap\u0142a\u0107! Serdecznie dzi\u0119kuj\u0119 ksi\u0119\u017com wikariuszom: S\u0142awkowi i Marcinowi za czuwanie nad ca\u0142o\u015bci\u0105.<\/p>\n<p>&nbsp;<\/p>\n<p>5. Dzi\u0119kuj\u0119 S\u0142u\u017cbie Liturgicznej &#8211; ks. S\u0142awkowi oraz panu Piotrowi &#8211; Organi\u015bcie za przygotowanie liturgii, opraw\u0119 muzyczn\u0105 i \u015bpiew Triduum Paschalnego.<\/p>\n<p>&nbsp;<\/p>\n<p>6. Spotkanie dla rodzic\u00f3w dzieci przygotowuj\u0105cych si\u0119 do I Komunii \u015awi\u0119tej odb\u0119dzie si\u0119 w dw\u00f3ch terminach:<\/p>\n<ul>\n<li>18 kwietnia 2017 r. o godz. 19.00 klasy III A, B i E<\/li>\n<li>20 kwietnia 2017 r. o godz. 19.00 klasy III C, D i spoza szko\u0142y<\/li>\n<\/ul>\n<p>Obecno\u015b\u0107 obowi\u0105zkowa.<\/p>\n<p>&nbsp;<\/p>\n<p>7. Rodzice dzieci I-wszo komunijnych, kt\u00f3rzy zamawiali alby dla swoich dzieci prosimy o ich odbi\u00f3r we czwartek, tj. 20 kwietnia o godz. 18.30.<\/p>\n<p><strong>&nbsp;<\/strong><\/p>\n<p><strong>8. Za tydzie\u0144 Niedziela Bo\u017cego Mi\u0142osierdzia. Uroczysta Msza \u015bw. z odnowieniem Aktu Zawierzenia Parafii Mi\u0142osierdziu Bo\u017cemu odb\u0119dzie si\u0119 o godz. 15.00. <\/strong><\/p>\n<p><strong>UWAGA:<\/strong> <em>jest mo\u017cliwo\u015b\u0107 nabycia obrazu Jezusa Mi\u0142osiernego w cenie 50 z\u0142., kt\u00f3re zostan\u0105 po\u015bwi\u0119cone tego dnia o godz. 15.00. Zapisy w zakrystii.&nbsp; <\/em><\/p>\n<p>&nbsp;<\/p>\n<p>9. W Niedziel\u0119 Mi\u0142osierdzia Bo\u017cego (23 kwietnia) <strong>przynosimy do ko\u015bcio\u0142a skarbonki z ja\u0142mu\u017cn\u0105<\/strong> w ramach og\u00f3lnopolskiej akcji \u201eJa\u0142mu\u017cna Wielkopostna 2017\u201d. <em>Skarbonki zostawiamy pod o\u0142tarzem. B\u00f3g zap\u0142a\u0107 za podj\u0119ty trud i z\u0142o\u017con\u0105 ofiar\u0119.<\/em><\/p>\n<p><strong>&nbsp;<\/strong><\/p>\n<p><strong>10. Wszystkich, kt\u00f3rzy chcieliby zata\u0144czy\u0107 dla Jezusa, w duchu rado\u015bci ze Zmartwychwstania Pana Jezusa, zapraszamy 23 kwietnia (niedziela) w godzinach 15.00 \u2013 16.00 na Plac Jagiello\u0144czyka<\/strong>.<\/p>\n<p><strong>&nbsp;<\/strong><\/p>\n<p><strong>11. Serdecznie zapraszamy na Rekolekcje Ewangelizacyjne Odnowy (REO), kt\u00f3re rozpoczn\u0105 si\u0119 w naszej parafii 18 kwietnia 2017r. o godz. 18.00<\/strong>. <em>Je\u015bli poszukujesz Mi\u0142o\u015bci swojego \u017cycia; w swoim sercu prze\u017cywasz t\u0119sknot\u0119 za Bogiem; wydaje Ci si\u0119, \u017ce Go nie znasz, lub znasz za ma\u0142o; straci\u0142e\u015b sens swojego \u017cycia, lub pogubi\u0142e\u015b si\u0119 w \u017cyciu; chcesz na nowo zakocha\u0107 si\u0119 w Bogu to znaczy, \u017ce te rekolekcje s\u0105 dla Ciebie<\/em>. Zapraszamy!!!<\/p>\n<p>&nbsp;<\/p>\n<p>12. S\u0105 jeszcze miejsca na sze\u015bciodniow\u0105 pielgrzymk\u0119 \u201e<strong>Pi\u0119kna nasza Polska ca\u0142a\u2026<\/strong>\u201d w dniach 28 kwietnia \u2013 3 maja 2017 roku. Koszt 580 z\u0142. Zapisy u ks. Proboszcza.<\/p>\n<p>&nbsp;<\/p>\n<p>13. Zapraszamy do wzi\u0119cia udzia\u0142u w pielgrzymce rodzin i os\u00f3b wspieraj\u0105cych powo\u0142ania. Odb\u0119dzie si\u0119 ona w dniach 12 \u2013 14 maja 2017r. w Cz\u0119stochowie. Koszt pielgrzymki wynosi 250 z\u0142. Zapisy u ks. S\u0142awka do 28 kwietnia.<\/p>\n<p>&nbsp;<\/p>\n<p>14. Przed ko\u015bcio\u0142em mo\u017cna naby\u0107 pras\u0119 katolick\u0105: <em>\u201eGo\u015b\u0107 Niedzielny\u201d<\/em> w cenie 5 z\u0142.<\/p>\n<p>&nbsp;<\/p>\n<p style=\"text-align: center;\"><span style=\"color: #ff0000;\"><strong>\u017byczymy wszystkim parafianom i go\u015bciom przyby\u0142ym do naszej Wsp\u00f3lnoty radosnego Alleluja! Niech Zmartwychwsta\u0142y Chrystus nape\u0142nia Wasze serca rado\u015bci\u0105 i pokojem. Szcz\u0119\u015b\u0107 Bo\u017ce<\/strong>.<\/span><\/p>\n<p style=\"text-align: center;\">&nbsp;<\/p>\n<p style=\"text-align: center;\"><strong>Numer Konta Parafialnego<\/strong><\/p>\n<p style=\"text-align: center;\"><strong>PKO BP 72 1020 1752 0000 0102 0069 6047<\/strong><\/p>\n<p style=\"text-align: center;\">&nbsp;<\/p>\n<p style=\"text-align: center;\">&nbsp;<\/p>\n","protected":false},"excerpt":{"rendered":"<p>&nbsp; 1. Jutro Poniedzia\u0142ek Wielkanocny, II dzie\u0144 \u015awi\u0105t. Porz\u0105dek Mszy \u015bw. jak w niedziel\u0119. UWAGA! NIE MA MSZY O GODZ. 15.00. Taca przeznaczona na Katolicki Uniwersytet Lubelski im \u015bw. Jana Paw\u0142a II. B\u00f3g zap\u0142a\u0107 za z\u0142o\u017cone ofiary. &nbsp; 2. W Oktawie Wielkanocnej zapraszamy do udzia\u0142u w Nowennie do Mi\u0142osierdzia Bo\u017cego o godz. 17.30, przed Naj\u015bwi\u0119tszym [&hellip;]<\/p>\n","protected":false},"author":1,"featured_media":2530,"comment_status":"closed","ping_status":"closed","sticky":false,"template":"","format":"standard","meta":{"ngg_post_thumbnail":0,"footnotes":""},"categories":[11,8,3],"tags":[],"class_list":["post-2812","post","type-post","status-publish","format-standard","has-post-thumbnail","hentry","category-aktualnosci","category-blog","category-ogloszenia"],"_links":{"self":[{"href":"https:\/\/rafalk-elblag.pl\/index.php?rest_route=\/wp\/v2\/posts\/2812","targetHints":{"allow":["GET"]}}],"collection":[{"href":"https:\/\/rafalk-elblag.pl\/index.php?rest_route=\/wp\/v2\/posts"}],"about":[{"href":"https:\/\/rafalk-elblag.pl\/index.php?rest_route=\/wp\/v2\/types\/post"}],"author":[{"embeddable":true,"href":"https:\/\/rafalk-elblag.pl\/index.php?rest_route=\/wp\/v2\/users\/1"}],"replies":[{"embeddable":true,"href":"https:\/\/rafalk-elblag.pl\/index.php?rest_route=%2Fwp%2Fv2%2Fcomments&post=2812"}],"version-history":[{"count":1,"href":"https:\/\/rafalk-elblag.pl\/index.php?rest_route=\/wp\/v2\/posts\/2812\/revisions"}],"predecessor-version":[{"id":2813,"href":"https:\/\/rafalk-elblag.pl\/index.php?rest_route=\/wp\/v2\/posts\/2812\/revisions\/2813"}],"wp:featuredmedia":[{"embeddable":true,"href":"https:\/\/rafalk-elblag.pl\/index.php?rest_route=\/wp\/v2\/media\/2530"}],"wp:attachment":[{"href":"https:\/\/rafalk-elblag.pl\/index.php?rest_route=%2Fwp%2Fv2%2Fmedia&parent=2812"}],"wp:term":[{"taxonomy":"category","embeddable":true,"href":"https:\/\/rafalk-elblag.pl\/index.php?rest_route=%2Fwp%2Fv2%2Fcategories&post=2812"},{"taxonomy":"post_tag","embeddable":true,"href":"https:\/\/rafalk-elblag.pl\/index.php?rest_route=%2Fwp%2Fv2%2Ftags&post=2812"}],"curies":[{"name":"wp","href":"https:\/\/api.w.org\/{rel}","templated":true}]}}