{"id":2810,"date":"2017-04-15T14:58:39","date_gmt":"2017-04-15T14:58:39","guid":{"rendered":"http:\/\/rafalk-elblag.pl\/?p=2810"},"modified":"2017-04-15T14:58:39","modified_gmt":"2017-04-15T14:58:39","slug":"intencje-mszalne-na-oktawe-uroczystosci-zmartwychwstania-17-23-04-2017-r","status":"publish","type":"post","link":"https:\/\/rafalk-elblag.pl\/?p=2810","title":{"rendered":"INTENCJE MSZALNE NA OKTAW\u0118 UROCZYSTO\u015aCI ZMARTWYCHWSTANIA (17-23.04.2017 R.)"},"content":{"rendered":"<p><a href=\"http:\/\/rafalk-elblag.pl\/wp-content\/uploads\/2016\/12\/shutterstock_49643152-1000.jpg\"><img loading=\"lazy\" decoding=\"async\" class=\"alignnone size-full wp-image-2526\" src=\"http:\/\/rafalk-elblag.pl\/wp-content\/uploads\/2016\/12\/shutterstock_49643152-1000.jpg\" alt=\"\" width=\"1000\" height=\"665\" srcset=\"https:\/\/rafalk-elblag.pl\/wp-content\/uploads\/2016\/12\/shutterstock_49643152-1000.jpg 1000w, https:\/\/rafalk-elblag.pl\/wp-content\/uploads\/2016\/12\/shutterstock_49643152-1000-300x200.jpg 300w, https:\/\/rafalk-elblag.pl\/wp-content\/uploads\/2016\/12\/shutterstock_49643152-1000-768x511.jpg 768w\" sizes=\"auto, (max-width: 1000px) 100vw, 1000px\" \/><\/a><\/p>\n<p>&nbsp;<\/p>\n<table width=\"726\">\n<tbody>\n<tr>\n<td colspan=\"2\" width=\"593\"><strong>17 kwietnia&nbsp;&nbsp; PONIEDZIA\u0141EK W OKTAWIE WIELKANOCY<\/strong><\/td>\n<td width=\"133\"><strong><em>Mt 28, 8-15<\/em><\/strong><\/td>\n<\/tr>\n<tr>\n<td width=\"87\">7.00<\/td>\n<td colspan=\"2\" width=\"639\">\u015ap. J\u00f3zef(m) Gawerski<\/td>\n<\/tr>\n<tr>\n<td width=\"87\">9.00<\/td>\n<td colspan=\"2\" width=\"639\">\u015ap. Gertruda i W\u0142adys\u0142aw(m) Ba\u0142dyga oraz zmarli z rodziny<\/td>\n<\/tr>\n<tr>\n<td width=\"87\">10.30<\/td>\n<td colspan=\"2\" width=\"639\">\u015ap. Marianna Ba\u0142dyga w 12 rocz. \u015bmierci, \u015bp. Lucjan i Feliks Kadziewicz<\/td>\n<\/tr>\n<tr>\n<td width=\"87\">12.00<\/td>\n<td colspan=\"2\" width=\"639\">Dzi\u0119kczynna w 18 rocz. urodzin Gosi z pro\u015bb\u0105 o Bo\u017ce b\u0142ogos\u0142. i dary Ducha \u015awi\u0119tego w doros\u0142ym \u017cyciu<\/td>\n<\/tr>\n<tr>\n<td width=\"87\">18.00<\/td>\n<td colspan=\"2\" width=\"639\">\u015ap. Franciszek(m) \u0141ydka 16 greg.<\/td>\n<\/tr>\n<\/tbody>\n<\/table>\n<p>&nbsp;<\/p>\n<table width=\"726\">\n<tbody>\n<tr>\n<td colspan=\"2\" width=\"593\"><strong>18 kwietnia&nbsp; <\/strong><strong>WTOREK <\/strong><strong>&nbsp;W OKTAWIE WIELKANOCY<\/strong><\/td>\n<td width=\"133\"><strong><em>J 20, 11-18<\/em><\/strong><\/td>\n<\/tr>\n<tr>\n<td width=\"87\">8.00<\/td>\n<td colspan=\"2\" width=\"639\">\u015ap. Franciszek(m) \u0141ydka 17 greg.<\/td>\n<\/tr>\n<tr>\n<td width=\"87\">18.00<\/td>\n<td colspan=\"2\" width=\"639\">\u015ap. Marianna i Edward Or\u0142owscy<\/td>\n<\/tr>\n<tr>\n<td width=\"87\">18.00<\/td>\n<td colspan=\"2\" width=\"639\">Za uczestnik\u00f3w i prowadz\u0105cych rekolekcje REO<\/td>\n<\/tr>\n<\/tbody>\n<\/table>\n<p>&nbsp;<\/p>\n<table width=\"726\">\n<tbody>\n<tr>\n<td colspan=\"2\" width=\"593\"><strong>19 kwietnia&nbsp; \u015aRODA&nbsp; W OKTAWIE WIELKANOCY<\/strong><\/td>\n<td width=\"133\"><strong><em>\u0141k 24, 13-35<\/em><\/strong><\/td>\n<\/tr>\n<tr>\n<td width=\"87\">8.00<\/td>\n<td colspan=\"2\" width=\"639\">\u015ap. Franciszek(m) \u0141ydka 18 greg.<\/td>\n<\/tr>\n<tr>\n<td width=\"87\">8.00<\/td>\n<td colspan=\"2\" width=\"639\">Dzi\u0119kczynna w 80 rocz. urodzin Henryki(k) z pro\u015bb\u0105 o Bo\u017ce b\u0142ogos\u0142., potrzebne \u0142aski i opiek\u0119 Matki Bo\u017cej<\/td>\n<\/tr>\n<tr>\n<td width=\"87\">18.00<\/td>\n<td colspan=\"2\" width=\"639\">W intencjach czcicieli MBNP<\/td>\n<\/tr>\n<tr>\n<td width=\"87\">18.00<\/td>\n<td colspan=\"2\" width=\"639\">Dzi\u0119kczynna w 50 rocz. urodzin ks. kan. Wojciecha Zwolickiego z pro\u015bb\u0105<br \/>\no Bo\u017ce b\u0142ogos\u0142., potrzebne \u0142aski i opiek\u0119 Matki Bo\u017cej Szkaplerznej<\/td>\n<\/tr>\n<tr>\n<td width=\"87\">18.00<\/td>\n<td colspan=\"2\" width=\"639\">\u015ap. Stanis\u0142aw(m) Jasi\u0144ski w 9 rocz. \u015bmierci oraz zmarli z rodzin Bajson, Jasi\u0144skich i Kachnowicz<\/td>\n<\/tr>\n<\/tbody>\n<\/table>\n<p>&nbsp;<\/p>\n<table width=\"726\">\n<tbody>\n<tr>\n<td colspan=\"2\" width=\"593\"><strong>20 kwietnia&nbsp; CZWARTEK&nbsp; W OKTAWIE WIELKANOCY &nbsp;&nbsp;&nbsp;&nbsp;&nbsp;&nbsp;&nbsp;&nbsp;&nbsp;&nbsp;&nbsp;&nbsp;&nbsp;&nbsp;&nbsp;&nbsp;&nbsp;&nbsp;&nbsp;&nbsp;&nbsp;&nbsp;&nbsp;&nbsp;&nbsp;&nbsp;&nbsp;&nbsp;&nbsp;&nbsp;&nbsp;&nbsp;&nbsp;&nbsp;&nbsp;&nbsp;&nbsp;&nbsp;&nbsp;&nbsp;&nbsp;&nbsp;&nbsp;&nbsp;&nbsp;&nbsp;<\/strong><\/td>\n<td width=\"133\"><strong><em>\u0141k 24, 35-48<\/em><\/strong><\/td>\n<\/tr>\n<tr>\n<td width=\"87\">8.00<\/td>\n<td colspan=\"2\" width=\"639\">\u015ap. Franciszek(m) \u0141ydka 19 greg.<\/td>\n<\/tr>\n<tr>\n<td width=\"87\">18.00<\/td>\n<td colspan=\"2\" width=\"639\">\u015bp. Agnieszka Mrugalska w 4 miesi\u0105c po pogrzebie<\/td>\n<\/tr>\n<tr>\n<td width=\"87\">18.00<\/td>\n<td colspan=\"2\" width=\"639\">\u015ap. Lucjan i Stanis\u0142aw(m) G\u00f3rscy, rodzice z obojga stron oraz zmarli z rodzin G\u00f3rskich i Formalskich<\/td>\n<\/tr>\n<\/tbody>\n<\/table>\n<p>&nbsp;<\/p>\n<table width=\"726\">\n<tbody>\n<tr>\n<td colspan=\"2\" width=\"593\"><strong>21 kwietnia&nbsp; PI\u0104TEK&nbsp; W OKTAWIE WIELKANOCY&nbsp; &nbsp;&nbsp;&nbsp;&nbsp;&nbsp;&nbsp;&nbsp;&nbsp;&nbsp;&nbsp;&nbsp;&nbsp;&nbsp;&nbsp;&nbsp;&nbsp;&nbsp;&nbsp;&nbsp;&nbsp;&nbsp;&nbsp;&nbsp;&nbsp;&nbsp;&nbsp;&nbsp;&nbsp;&nbsp;&nbsp;&nbsp;&nbsp;&nbsp;&nbsp;&nbsp;&nbsp;&nbsp;&nbsp;&nbsp;&nbsp;&nbsp;&nbsp;&nbsp;&nbsp;&nbsp;&nbsp;&nbsp;&nbsp;&nbsp;&nbsp;&nbsp;&nbsp;&nbsp;&nbsp;&nbsp;&nbsp;&nbsp;&nbsp;&nbsp;&nbsp;<\/strong><\/td>\n<td width=\"133\"><strong><em>J 21, 1-14<\/em><\/strong><\/td>\n<\/tr>\n<tr>\n<td width=\"87\">8.00<\/td>\n<td colspan=\"2\" width=\"639\">\u015ap. Irena Gaza<\/td>\n<\/tr>\n<tr>\n<td width=\"87\">18.00<\/td>\n<td colspan=\"2\" width=\"639\">\u015ap. Franciszek(m) \u0141ydka 20 greg.<\/td>\n<\/tr>\n<tr>\n<td width=\"87\">18.00<\/td>\n<td colspan=\"2\" width=\"639\">\u015ap. Roman \u017belazny<\/td>\n<\/tr>\n<\/tbody>\n<\/table>\n<p>&nbsp;<\/p>\n<table width=\"726\">\n<tbody>\n<tr>\n<td colspan=\"2\" width=\"593\"><strong>22 kwietnia&nbsp; SOBOTA&nbsp; W OKTAWIE WIELKANOCY &nbsp;&nbsp;&nbsp;&nbsp;&nbsp;&nbsp;&nbsp;&nbsp;&nbsp;&nbsp;&nbsp;&nbsp;&nbsp;&nbsp;&nbsp;&nbsp;&nbsp;&nbsp;&nbsp;&nbsp;&nbsp;&nbsp;&nbsp;&nbsp;&nbsp;&nbsp;&nbsp;&nbsp;&nbsp;&nbsp;&nbsp;&nbsp;&nbsp;&nbsp;&nbsp;&nbsp;&nbsp;&nbsp;&nbsp;&nbsp;&nbsp;&nbsp;&nbsp;&nbsp;&nbsp;&nbsp;&nbsp;&nbsp;&nbsp;&nbsp;&nbsp;&nbsp;&nbsp;&nbsp;&nbsp;&nbsp;&nbsp;&nbsp;&nbsp;&nbsp;&nbsp;&nbsp;&nbsp;&nbsp;&nbsp;&nbsp;&nbsp;&nbsp;&nbsp;&nbsp;&nbsp;&nbsp;&nbsp;&nbsp;&nbsp;&nbsp;&nbsp;&nbsp;&nbsp;&nbsp;&nbsp;&nbsp;&nbsp;&nbsp;&nbsp;&nbsp;&nbsp;&nbsp;&nbsp;&nbsp;&nbsp;&nbsp;&nbsp;&nbsp;&nbsp;&nbsp;&nbsp;&nbsp;&nbsp;&nbsp;&nbsp;&nbsp;&nbsp;&nbsp;&nbsp;&nbsp;&nbsp;&nbsp;&nbsp;&nbsp;&nbsp;&nbsp;&nbsp;&nbsp;&nbsp;&nbsp;&nbsp;&nbsp;<\/strong><\/td>\n<td width=\"133\"><strong><em>Mk 16, 9-15<\/em><\/strong><\/td>\n<\/tr>\n<tr>\n<td width=\"87\">8.00<\/td>\n<td colspan=\"2\" width=\"639\">\u015ap. Franciszek(m) \u0141ydka 21 greg.<\/td>\n<\/tr>\n<tr>\n<td width=\"87\">8.00<\/td>\n<td colspan=\"2\" width=\"639\">O zdrowie i potrzebne \u0142aski dla chorego Zdzis\u0142awa J\u00f3zefowskiego<\/td>\n<\/tr>\n<tr>\n<td width=\"87\">18.00<\/td>\n<td colspan=\"2\" width=\"639\">\u015ap. Adam Rutkowski w 3 rocz. \u015bmierci, \u015bp. Jerzy Rutkowski oraz zmarli<br \/>\nz rodzin Byzdr\u00f3w i Rutkowskich<\/td>\n<\/tr>\n<\/tbody>\n<\/table>\n<p>&nbsp;<\/p>\n<table width=\"726\">\n<tbody>\n<tr>\n<td colspan=\"2\" width=\"593\"><strong>23 kwietnia&nbsp; NIEDZIELA MI\u0141OSIERDZIA BO\u017bEGO &nbsp;&nbsp;&nbsp;&nbsp;&nbsp;&nbsp;&nbsp;&nbsp;&nbsp;&nbsp;&nbsp;&nbsp;&nbsp;&nbsp;&nbsp;&nbsp;&nbsp;&nbsp;&nbsp;&nbsp;&nbsp;&nbsp;&nbsp;&nbsp;&nbsp;&nbsp;&nbsp;&nbsp;&nbsp;&nbsp;&nbsp;&nbsp;&nbsp;&nbsp;&nbsp;&nbsp;&nbsp;&nbsp;&nbsp;&nbsp;&nbsp;&nbsp;&nbsp;&nbsp;&nbsp;&nbsp;&nbsp;&nbsp;&nbsp;&nbsp;&nbsp;&nbsp;&nbsp;&nbsp;&nbsp;&nbsp;&nbsp;&nbsp;&nbsp;&nbsp;&nbsp;&nbsp;&nbsp;&nbsp;&nbsp;&nbsp;&nbsp;&nbsp;&nbsp;&nbsp;&nbsp;&nbsp;&nbsp;&nbsp;&nbsp;&nbsp;&nbsp;&nbsp;&nbsp;&nbsp;&nbsp;&nbsp;&nbsp;&nbsp;&nbsp;&nbsp;&nbsp;&nbsp;&nbsp;&nbsp;&nbsp;&nbsp;<\/strong><\/td>\n<td width=\"133\"><strong><em>J 20, 19-31<\/em><\/strong><\/td>\n<\/tr>\n<tr>\n<td width=\"87\">7.00<\/td>\n<td colspan=\"2\" width=\"639\">\u015bp. Irena Rukuj\u017co-P\u00f3\u0142torzecka, \u015bp. Wiktoria Rukuj\u017co, \u015bp. Anna Uszpolewicz oraz zmarli z tych rodzin<\/td>\n<\/tr>\n<tr>\n<td width=\"87\">9.00<\/td>\n<td colspan=\"2\" width=\"639\">\u015ap. Franciszek(m) \u0141ydka 22 greg.<\/td>\n<\/tr>\n<tr>\n<td width=\"87\">9.00<\/td>\n<td colspan=\"2\" width=\"639\">\u015ap. Helena Jakiel w 10 rocz. \u015bmierci, \u015bp. Danuta, Julian i Jan<\/td>\n<\/tr>\n<tr>\n<td width=\"87\">10.30<\/td>\n<td colspan=\"2\" width=\"639\">Zmarli z rodzin Niewi\u0144skich, Karpiesiuk, Adamowicz i Jarmoc<\/td>\n<\/tr>\n<tr>\n<td width=\"87\">12.00<\/td>\n<td colspan=\"2\" width=\"639\">O Bo\u017ce b\u0142ogos\u0142., potrzebne \u0142aski, siln\u0105 wiar\u0119 i ducha ewangelizacji dla<br \/>\nks. kan. Wojciecha Zwolickiego w dniu imienin<\/td>\n<\/tr>\n<tr>\n<td width=\"87\"><strong>15.00<\/strong><\/td>\n<td colspan=\"2\" width=\"639\"><strong>Za parafian<\/strong><\/td>\n<\/tr>\n<tr>\n<td width=\"87\">18.00<\/td>\n<td colspan=\"2\" width=\"639\">\u015ap. Anna Soko\u0142owska-Urbanowicz w 2 rocz. \u015bmierci<\/td>\n<\/tr>\n<\/tbody>\n<\/table>\n<p>&nbsp;<\/p>\n<p>&nbsp;<\/p>\n","protected":false},"excerpt":{"rendered":"<p>&nbsp; 17 kwietnia&nbsp;&nbsp; PONIEDZIA\u0141EK W OKTAWIE WIELKANOCY Mt 28, 8-15 7.00 \u015ap. J\u00f3zef(m) Gawerski 9.00 \u015ap. Gertruda i W\u0142adys\u0142aw(m) Ba\u0142dyga oraz zmarli z rodziny 10.30 \u015ap. Marianna Ba\u0142dyga w 12 rocz. \u015bmierci, \u015bp. Lucjan i Feliks Kadziewicz 12.00 Dzi\u0119kczynna w 18 rocz. urodzin Gosi z pro\u015bb\u0105 o Bo\u017ce b\u0142ogos\u0142. i dary Ducha \u015awi\u0119tego w doros\u0142ym [&hellip;]<\/p>\n","protected":false},"author":1,"featured_media":2526,"comment_status":"closed","ping_status":"closed","sticky":false,"template":"","format":"standard","meta":{"ngg_post_thumbnail":0,"footnotes":""},"categories":[11,8,4],"tags":[],"class_list":["post-2810","post","type-post","status-publish","format-standard","has-post-thumbnail","hentry","category-aktualnosci","category-blog","category-intencje"],"_links":{"self":[{"href":"https:\/\/rafalk-elblag.pl\/index.php?rest_route=\/wp\/v2\/posts\/2810","targetHints":{"allow":["GET"]}}],"collection":[{"href":"https:\/\/rafalk-elblag.pl\/index.php?rest_route=\/wp\/v2\/posts"}],"about":[{"href":"https:\/\/rafalk-elblag.pl\/index.php?rest_route=\/wp\/v2\/types\/post"}],"author":[{"embeddable":true,"href":"https:\/\/rafalk-elblag.pl\/index.php?rest_route=\/wp\/v2\/users\/1"}],"replies":[{"embeddable":true,"href":"https:\/\/rafalk-elblag.pl\/index.php?rest_route=%2Fwp%2Fv2%2Fcomments&post=2810"}],"version-history":[{"count":1,"href":"https:\/\/rafalk-elblag.pl\/index.php?rest_route=\/wp\/v2\/posts\/2810\/revisions"}],"predecessor-version":[{"id":2811,"href":"https:\/\/rafalk-elblag.pl\/index.php?rest_route=\/wp\/v2\/posts\/2810\/revisions\/2811"}],"wp:featuredmedia":[{"embeddable":true,"href":"https:\/\/rafalk-elblag.pl\/index.php?rest_route=\/wp\/v2\/media\/2526"}],"wp:attachment":[{"href":"https:\/\/rafalk-elblag.pl\/index.php?rest_route=%2Fwp%2Fv2%2Fmedia&parent=2810"}],"wp:term":[{"taxonomy":"category","embeddable":true,"href":"https:\/\/rafalk-elblag.pl\/index.php?rest_route=%2Fwp%2Fv2%2Fcategories&post=2810"},{"taxonomy":"post_tag","embeddable":true,"href":"https:\/\/rafalk-elblag.pl\/index.php?rest_route=%2Fwp%2Fv2%2Ftags&post=2810"}],"curies":[{"name":"wp","href":"https:\/\/api.w.org\/{rel}","templated":true}]}}