{"id":2793,"date":"2017-04-08T20:49:27","date_gmt":"2017-04-08T20:49:27","guid":{"rendered":"http:\/\/rafalk-elblag.pl\/?p=2793"},"modified":"2017-04-16T09:25:56","modified_gmt":"2017-04-16T09:25:56","slug":"triduum-paschalne","status":"publish","type":"post","link":"https:\/\/rafalk-elblag.pl\/?p=2793","title":{"rendered":"TRIDUUM PASCHALNE"},"content":{"rendered":"<p><a href=\"http:\/\/rafalk-elblag.pl\/wp-content\/uploads\/2017\/04\/triduum.jpg\"><img loading=\"lazy\" decoding=\"async\" class=\"size-full wp-image-2798 aligncenter\" src=\"http:\/\/rafalk-elblag.pl\/wp-content\/uploads\/2017\/04\/triduum.jpg\" alt=\"\" width=\"755\" height=\"297\" srcset=\"https:\/\/rafalk-elblag.pl\/wp-content\/uploads\/2017\/04\/triduum.jpg 755w, https:\/\/rafalk-elblag.pl\/wp-content\/uploads\/2017\/04\/triduum-300x118.jpg 300w\" sizes=\"auto, (max-width: 755px) 100vw, 755px\" \/><\/a><\/p>\n<p>&nbsp;<\/p>\n<p style=\"text-align: center;\"><span style=\"color: #ff0000;\"><strong><em>WIELKI&nbsp; CZWARTEK<\/em><\/strong><\/span><\/p>\n<p><strong>17.40 <\/strong>Obrz\u0119d ustanowienia ministrant\u00f3w i lektor\u00f3w<\/p>\n<p><span style=\"color: #ff0000;\"><strong>18.00<\/strong>&nbsp; <strong>Msza Wieczerzy Pa\u0144skiej <\/strong>\u2013 pami\u0105tka ustanowienia Eucharystii i Kap\u0142a\u0144stwa. Tego dnia Nabo\u017ce\u0144stwo ko\u0144czy si\u0119 przeniesieniem Naj\u015bwi\u0119tszego Sakramentu do Ciemnicy.<\/span><\/p>\n<p><strong>Adoracja do godziny 22.00<\/strong>.<\/p>\n<p><strong>Od godz<\/strong>. <strong>20.00 <\/strong>\u2013<strong> adoracja prowadzona przez Odnow\u0119 w Duchu \u015awi\u0119tym. <\/strong><\/p>\n<p><strong><em>&nbsp;<\/em><\/strong><\/p>\n<p style=\"text-align: center;\"><span style=\"color: #ff0000;\"><strong><em>WIELKI&nbsp; PI\u0104TEK<\/em><\/strong><\/span><\/p>\n<p>Dzie\u0144 M\u0119ki i \u015bmierci naszego Pana Jezusa Chrystusa:<\/p>\n<p><strong>9.00<\/strong> <strong>&#8211; CIEMNA JUTRZNIA<\/strong><\/p>\n<p><strong>15.00 <\/strong>\u2013 <strong>GODZINA MI\u0141OSIERDZIA<\/strong> &#8211; I Dzie\u0144 Nowenny do Mi\u0142osierdzia Bo\u017cego oraz Droga Krzy\u017cowa.<\/p>\n<p><span style=\"color: #ff0000;\"><strong>18.00<\/strong> <strong>LITURGIA M\u0118KI PA\u0143SKIEJ I ADORACJA KRZY\u017bA<\/strong><\/span><\/p>\n<p><strong>Godzinki o M\u0119ce Pa\u0144skiej \u2013 15 minut po zako\u0144czonej Liturgii<\/strong><\/p>\n<p><strong>&nbsp;<\/strong><strong><u>UWAGA!!! W tym dniu obowi\u0105zuje nas POST \u015aCIS\u0141Y tzn. wstrzemi\u0119\u017aliwo\u015b\u0107 od pokarm\u00f3w mi\u0119snych i ograniczenie ilo\u015bci spo\u017cywanego pokarmu (trzy posi\u0142ki \u2013 jeden do syta i dwa lekkie).<\/u><\/strong><\/p>\n<p><strong>&nbsp;<\/strong><\/p>\n<p style=\"text-align: center;\"><span style=\"color: #ff0000;\"><strong><em>WIELKA&nbsp; SOBOTA<\/em><\/strong><\/span><\/p>\n<p><strong>9.00<\/strong> <strong>CIEMNA JUTRZNIA<\/strong><\/p>\n<p><strong>10.00,&nbsp; 10.30,&nbsp; 11.00,&nbsp; 11.30,&nbsp; 12.00,&nbsp; 12.30,&nbsp; 13.00,&nbsp; 13.30,&nbsp; 14.00, 14.30&nbsp; D<\/strong><strong>zie\u0144 Adoracji przy Grobie Pa\u0144skim i po\u015bwi\u0119cenie pokarm\u00f3w na st\u00f3\u0142 Wielkanocny<\/strong>.&nbsp; Podczas po\u015bwi\u0119cenia koszyk trzymamy przed sob\u0105, aby zachowa\u0107 wi\u0119kszy porz\u0105dek i cisz\u0119 modlitewn\u0105 w ko\u015bciele.<br \/>\n<em>Ofiary zbierane w tym dniu przeznaczone b\u0119d\u0105 dla os\u00f3b korzystaj\u0105cych z pomocy Caritas w naszej parafii.<\/em>&nbsp;<\/p>\n<p><strong>15.00<\/strong> <strong>II DZIE\u0143 NOWENNY DO MI\u0141OSIERDZIA BO\u017bEGO<\/strong><\/p>\n<p><span style=\"color: #ff0000;\"><strong>20.00<\/strong> <strong>WIGILIA PASCHALNA <\/strong>\u2013 zabieramy ze sob\u0105 naczynko na wod\u0119 \u015bwi\u0119con\u0105 oraz \u015bwiece.<\/span><\/p>\n<p>&nbsp;<\/p>\n<p style=\"text-align: center;\"><span style=\"color: #0000ff;\"><strong>PRZYJD\u0179 I TRWAJ NA MODLITWIE!<\/strong><\/span><\/p>\n<p style=\"text-align: right;\">&nbsp;<\/p>\n<p style=\"text-align: right;\"><strong><em>Chlubimy si\u0119 krzy\u017cem naszego Pana Jezusa Chrystusa; <\/em><\/strong><\/p>\n<p style=\"text-align: right;\"><strong><em>w nim jest nasze zbawienie, \u017cycie i zmartwychwstanie, <\/em><\/strong><\/p>\n<p style=\"text-align: right;\"><strong><em>przez niego jeste\u015bmy zbawieni i oswobodzeni.<\/em><\/strong>&nbsp;&nbsp;<\/p>\n","protected":false},"excerpt":{"rendered":"<p>&nbsp; WIELKI&nbsp; CZWARTEK 17.40 Obrz\u0119d ustanowienia ministrant\u00f3w i lektor\u00f3w 18.00&nbsp; Msza Wieczerzy Pa\u0144skiej \u2013 pami\u0105tka ustanowienia Eucharystii i Kap\u0142a\u0144stwa. Tego dnia Nabo\u017ce\u0144stwo ko\u0144czy si\u0119 przeniesieniem Naj\u015bwi\u0119tszego Sakramentu do Ciemnicy. Adoracja do godziny 22.00. Od godz. 20.00 \u2013 adoracja prowadzona przez Odnow\u0119 w Duchu \u015awi\u0119tym. &nbsp; WIELKI&nbsp; PI\u0104TEK Dzie\u0144 M\u0119ki i \u015bmierci naszego Pana Jezusa Chrystusa: [&hellip;]<\/p>\n","protected":false},"author":1,"featured_media":2799,"comment_status":"closed","ping_status":"closed","sticky":false,"template":"","format":"standard","meta":{"ngg_post_thumbnail":0,"footnotes":""},"categories":[11,8],"tags":[],"class_list":["post-2793","post","type-post","status-publish","format-standard","has-post-thumbnail","hentry","category-aktualnosci","category-blog"],"_links":{"self":[{"href":"https:\/\/rafalk-elblag.pl\/index.php?rest_route=\/wp\/v2\/posts\/2793","targetHints":{"allow":["GET"]}}],"collection":[{"href":"https:\/\/rafalk-elblag.pl\/index.php?rest_route=\/wp\/v2\/posts"}],"about":[{"href":"https:\/\/rafalk-elblag.pl\/index.php?rest_route=\/wp\/v2\/types\/post"}],"author":[{"embeddable":true,"href":"https:\/\/rafalk-elblag.pl\/index.php?rest_route=\/wp\/v2\/users\/1"}],"replies":[{"embeddable":true,"href":"https:\/\/rafalk-elblag.pl\/index.php?rest_route=%2Fwp%2Fv2%2Fcomments&post=2793"}],"version-history":[{"count":3,"href":"https:\/\/rafalk-elblag.pl\/index.php?rest_route=\/wp\/v2\/posts\/2793\/revisions"}],"predecessor-version":[{"id":2800,"href":"https:\/\/rafalk-elblag.pl\/index.php?rest_route=\/wp\/v2\/posts\/2793\/revisions\/2800"}],"wp:featuredmedia":[{"embeddable":true,"href":"https:\/\/rafalk-elblag.pl\/index.php?rest_route=\/wp\/v2\/media\/2799"}],"wp:attachment":[{"href":"https:\/\/rafalk-elblag.pl\/index.php?rest_route=%2Fwp%2Fv2%2Fmedia&parent=2793"}],"wp:term":[{"taxonomy":"category","embeddable":true,"href":"https:\/\/rafalk-elblag.pl\/index.php?rest_route=%2Fwp%2Fv2%2Fcategories&post=2793"},{"taxonomy":"post_tag","embeddable":true,"href":"https:\/\/rafalk-elblag.pl\/index.php?rest_route=%2Fwp%2Fv2%2Ftags&post=2793"}],"curies":[{"name":"wp","href":"https:\/\/api.w.org\/{rel}","templated":true}]}}