{"id":2791,"date":"2017-04-08T20:39:35","date_gmt":"2017-04-08T20:39:35","guid":{"rendered":"http:\/\/rafalk-elblag.pl\/?p=2791"},"modified":"2017-04-08T20:39:35","modified_gmt":"2017-04-08T20:39:35","slug":"ogloszenia-parafialne-9-04-2017-r-niedziela-palmowa","status":"publish","type":"post","link":"https:\/\/rafalk-elblag.pl\/?p=2791","title":{"rendered":"OG\u0141OSZENIA PARAFIALNE 9.04.2017 R. NIEDZIELA PALMOWA"},"content":{"rendered":"<p><a href=\"http:\/\/rafalk-elblag.pl\/wp-content\/uploads\/2016\/12\/pulpit.jpg\"><img loading=\"lazy\" decoding=\"async\" class=\"alignnone size-large wp-image-2530\" src=\"http:\/\/rafalk-elblag.pl\/wp-content\/uploads\/2016\/12\/pulpit-1024x682.jpg\" alt=\"\" width=\"900\" height=\"599\" srcset=\"https:\/\/rafalk-elblag.pl\/wp-content\/uploads\/2016\/12\/pulpit-1024x682.jpg 1024w, https:\/\/rafalk-elblag.pl\/wp-content\/uploads\/2016\/12\/pulpit-300x200.jpg 300w, https:\/\/rafalk-elblag.pl\/wp-content\/uploads\/2016\/12\/pulpit-768x512.jpg 768w, https:\/\/rafalk-elblag.pl\/wp-content\/uploads\/2016\/12\/pulpit.jpg 1698w\" sizes=\"auto, (max-width: 900px) 100vw, 900px\" \/><\/a><\/p>\n<p>&nbsp;<\/p>\n<p><strong>1. Gr\u00f3b Pa\u0144ski<\/strong> <strong>&nbsp;jest wyrazem wdzi\u0119czno\u015bci Chrystusowi, kt\u00f3ry umar\u0142 za nas<\/strong>. Kto zechcia\u0142by przyczyni\u0107 si\u0119 do upi\u0119kszenia GROBU i KO\u015aCIO\u0141A mo\u017ce, po ka\u017cdej Mszy \u015bwi\u0119tej z\u0142o\u017cy\u0107 dzisiaj ofiar\u0119 do puszki na kwiaty.<strong> Dzi\u0119kujemy za zrozumienie.<\/strong><\/p>\n<p>&nbsp;<\/p>\n<p>2. M\u0142odzie\u017c naszej parafii i kap\u0142ani zapraszaj\u0105 wszystkich wiernych na inscenizacj\u0119 <strong>MISTERIUM M\u0118KI PA\u0143SKIEJ <\/strong><strong>dzisiaj<\/strong><strong> na godz.19.00.<\/strong><\/p>\n<p>&nbsp;<\/p>\n<p>3. W poniedzia\u0142ek, 10 kwietnia o godz. 19.00 na plebanii nauka dla rodzic\u00f3w i rodzic\u00f3w chrzestnych. OBECNO\u015a\u0106 OBOWI\u0104ZKOWA.<\/p>\n<p>&nbsp;<\/p>\n<p>4. Zach\u0119camy do spowiedzi \u015bwi\u0119tej, gdy\u017c od Wielkiego Czwartku rozpoczynamy TRIDUUM PASCHALNE i mo\u017cliwo\u015b\u0107 skorzystania z Sakramentu Pokuty b\u0119dzie ograniczona. Spowied\u017a jeszcze we wtorek od godz. 17.00.<\/p>\n<p><strong>&nbsp;<\/strong><\/p>\n<p><strong>5. Kancelaria Parafialna czynna w Wielk\u0105 \u015arod\u0119 od 16.00 do 17.30. Zapraszamy.<\/strong><\/p>\n<p><strong>&nbsp;<\/strong><\/p>\n<p><strong>6. W WIELK\u0104 \u015aROD\u0118<\/strong> o godzinie 19.00 z parafii Matki Bo\u017cej Kr\u00f3lowej Polski do Katedry wyruszy Droga Krzy\u017cowa ulicami miasta Elbl\u0105ga. Zach\u0119camy do wzi\u0119cia udzia\u0142u w tym Nabo\u017ce\u0144stwie Pokutnym ca\u0142e rodziny<strong>. Nasza parafia niesie krzy\u017c od stacji X do stacji XI wraz z parafi\u0105 \u015bw. Rodziny (8 m\u0119\u017cczyzn).<\/strong><\/p>\n<p><strong>&nbsp;<\/strong><\/p>\n<p><strong>7. W WIELKI PI\u0104TEK<\/strong> o godz. 15.00 rozpoczniemy Nowenn\u0119, kt\u00f3ra bezpo\u015brednio przygotowywa\u0107 nas b\u0119dzie do Niedzieli Mi\u0142osierdzia Bo\u017cego. Od Niedzieli Nowenna odprawiana b\u0119dzie o godz. 17.30.<\/p>\n<p><strong>&nbsp;<\/strong><\/p>\n<p><strong>8. Plan czuwania mieszka\u0144c\u00f3w naszej parafii na WIELKI PI\u0104TEK:<\/strong><\/p>\n<ul>\n<li><strong>9.00 \u2013 Ciemna Jutrznia<\/strong><\/li>\n<li>10.00 &#8211; 11.00 \u2013 mieszka\u0144cy ul. Myliusa, Leszczy\u0144skiego, Legion\u00f3w<\/li>\n<li>11.00 &#8211; 12.00 \u2013 mieszka\u0144cy ul. Mieszka I, \u0141okietka, Krzywoustego<\/li>\n<li>12.00 &#8211; 13.00 \u2013 mieszka\u0144cy ul. Broniewskiego<\/li>\n<li>13.00 &#8211; 14.00 \u2013 mieszka\u0144cy ul. Sobieskiego, K\u0142oczowskiego<\/li>\n<li>14.00 &#8211; 15.00 \u2013 mieszka\u0144cy ul. Brzechwy, Tuwima<\/li>\n<li><strong>15.00 &#8211; Godzina Mi\u0142osierdzia<\/strong><\/li>\n<li>15.00 &#8211; 16.00 \u2013 mieszka\u0144cy ul. Korczaka i wszyscy czciciele Mi\u0142osierdzia Bo\u017cego<\/li>\n<li>16.00 \u2013 17.00 \u2013 mieszka\u0144cy ul. Og\u00f3lnej, Lubelskiej, Porazi\u0144skiej.<\/li>\n<\/ul>\n<p>&nbsp;<\/p>\n<p><strong>9. W NIEDZIEL\u0118 ZMARTWYCHWSTANIA<\/strong> rezurekcja o godz. 6.00. Prosimy serdecznie biel parafialn\u0105 i wszystkich odpowiedzialnych za procesj\u0119 o przygotowanie baldachimu i chor\u0105gwi. Kolejne Msze \u015bw. o godz. 9.00, 10.30, 12.00 i 18.00. <strong>UWAGA:<\/strong> NIE MA MSZY \u015aW. O GODZ. 7.00 i 15.00!!!<\/p>\n<p>&nbsp;<\/p>\n<p><strong>10. Pami\u0119tajmy o skarbonkach wielkopostnych, <\/strong>kt\u00f3re zabrali\u015bmy do domu w ramach og\u00f3lnopolskiej akcji \u201eJa\u0142mu\u017cna Wielkopostna 2017\u201d.<\/p>\n<p>&nbsp;<\/p>\n<p>11. Przed ko\u015bcio\u0142em mo\u017cna naby\u0107 pras\u0119 katolick\u0105: <em>\u201eGo\u015b\u0107 Niedzielny\u201d<\/em> w cenie 5 z\u0142.<\/p>\n<p>&nbsp;<\/p>\n<p>12. Pan powo\u0142a\u0142 do wieczno\u015bci: \u015bp. Henryk\u0119 Milewsk\u0105 lat 79 z ul. Myliusa.<\/p>\n<p>&nbsp;<\/p>\n<p style=\"text-align: center;\"><strong>Numer Konta Parafialnego<\/strong><\/p>\n<p style=\"text-align: center;\"><strong>PKO BP 72 1020 1752 0000 0102 0069 6047<\/strong><\/p>\n","protected":false},"excerpt":{"rendered":"<p>&nbsp; 1. Gr\u00f3b Pa\u0144ski &nbsp;jest wyrazem wdzi\u0119czno\u015bci Chrystusowi, kt\u00f3ry umar\u0142 za nas. Kto zechcia\u0142by przyczyni\u0107 si\u0119 do upi\u0119kszenia GROBU i KO\u015aCIO\u0141A mo\u017ce, po ka\u017cdej Mszy \u015bwi\u0119tej z\u0142o\u017cy\u0107 dzisiaj ofiar\u0119 do puszki na kwiaty. Dzi\u0119kujemy za zrozumienie. &nbsp; 2. M\u0142odzie\u017c naszej parafii i kap\u0142ani zapraszaj\u0105 wszystkich wiernych na inscenizacj\u0119 MISTERIUM M\u0118KI PA\u0143SKIEJ dzisiaj na godz.19.00. &nbsp; [&hellip;]<\/p>\n","protected":false},"author":1,"featured_media":2530,"comment_status":"closed","ping_status":"closed","sticky":false,"template":"","format":"standard","meta":{"ngg_post_thumbnail":0,"footnotes":""},"categories":[11,8,3],"tags":[],"class_list":["post-2791","post","type-post","status-publish","format-standard","has-post-thumbnail","hentry","category-aktualnosci","category-blog","category-ogloszenia"],"_links":{"self":[{"href":"https:\/\/rafalk-elblag.pl\/index.php?rest_route=\/wp\/v2\/posts\/2791","targetHints":{"allow":["GET"]}}],"collection":[{"href":"https:\/\/rafalk-elblag.pl\/index.php?rest_route=\/wp\/v2\/posts"}],"about":[{"href":"https:\/\/rafalk-elblag.pl\/index.php?rest_route=\/wp\/v2\/types\/post"}],"author":[{"embeddable":true,"href":"https:\/\/rafalk-elblag.pl\/index.php?rest_route=\/wp\/v2\/users\/1"}],"replies":[{"embeddable":true,"href":"https:\/\/rafalk-elblag.pl\/index.php?rest_route=%2Fwp%2Fv2%2Fcomments&post=2791"}],"version-history":[{"count":1,"href":"https:\/\/rafalk-elblag.pl\/index.php?rest_route=\/wp\/v2\/posts\/2791\/revisions"}],"predecessor-version":[{"id":2792,"href":"https:\/\/rafalk-elblag.pl\/index.php?rest_route=\/wp\/v2\/posts\/2791\/revisions\/2792"}],"wp:featuredmedia":[{"embeddable":true,"href":"https:\/\/rafalk-elblag.pl\/index.php?rest_route=\/wp\/v2\/media\/2530"}],"wp:attachment":[{"href":"https:\/\/rafalk-elblag.pl\/index.php?rest_route=%2Fwp%2Fv2%2Fmedia&parent=2791"}],"wp:term":[{"taxonomy":"category","embeddable":true,"href":"https:\/\/rafalk-elblag.pl\/index.php?rest_route=%2Fwp%2Fv2%2Fcategories&post=2791"},{"taxonomy":"post_tag","embeddable":true,"href":"https:\/\/rafalk-elblag.pl\/index.php?rest_route=%2Fwp%2Fv2%2Ftags&post=2791"}],"curies":[{"name":"wp","href":"https:\/\/api.w.org\/{rel}","templated":true}]}}