{"id":2789,"date":"2017-04-08T20:29:46","date_gmt":"2017-04-08T20:29:46","guid":{"rendered":"http:\/\/rafalk-elblag.pl\/?p=2789"},"modified":"2017-04-08T20:29:46","modified_gmt":"2017-04-08T20:29:46","slug":"intencje-mszalne-na-wielki-tydzien-i-niedziele-zmartwychwstania-10-16-04-2017-r","status":"publish","type":"post","link":"https:\/\/rafalk-elblag.pl\/?p=2789","title":{"rendered":"INTENCJE MSZALNE NA WIELKI TYDZIE\u0143 I NIEDZIEL\u0118 ZMARTWYCHWSTANIA (10-16.04.2017 R.)"},"content":{"rendered":"<p><a href=\"http:\/\/rafalk-elblag.pl\/wp-content\/uploads\/2016\/12\/shutterstock_49643152-1000.jpg\"><img loading=\"lazy\" decoding=\"async\" class=\"alignnone size-full wp-image-2526\" src=\"http:\/\/rafalk-elblag.pl\/wp-content\/uploads\/2016\/12\/shutterstock_49643152-1000.jpg\" alt=\"\" width=\"1000\" height=\"665\" srcset=\"https:\/\/rafalk-elblag.pl\/wp-content\/uploads\/2016\/12\/shutterstock_49643152-1000.jpg 1000w, https:\/\/rafalk-elblag.pl\/wp-content\/uploads\/2016\/12\/shutterstock_49643152-1000-300x200.jpg 300w, https:\/\/rafalk-elblag.pl\/wp-content\/uploads\/2016\/12\/shutterstock_49643152-1000-768x511.jpg 768w\" sizes=\"auto, (max-width: 1000px) 100vw, 1000px\" \/><\/a><\/p>\n<p>&nbsp;<\/p>\n<table width=\"726\">\n<tbody>\n<tr>\n<td colspan=\"2\" width=\"593\"><strong>10 kwietnia&nbsp;&nbsp; WIELKI&nbsp; PONIEDZIA\u0141EK <\/strong><\/td>\n<td width=\"133\"><strong><em>J 12, 1-11<\/em><\/strong><\/td>\n<\/tr>\n<tr>\n<td width=\"87\">8.00<\/td>\n<td colspan=\"2\" width=\"639\">\u015ap. Franciszek(m) \u0141ydka 10 greg.<\/td>\n<\/tr>\n<tr>\n<td width=\"87\">18.00<\/td>\n<td colspan=\"2\" width=\"639\">\u015ap. Jerzy Karpow<\/td>\n<\/tr>\n<tr>\n<td width=\"87\">18.00<\/td>\n<td colspan=\"2\" width=\"639\">\u015ap. Anna Rzepka w 30 dzie\u0144 po pogrzebie<\/td>\n<\/tr>\n<\/tbody>\n<\/table>\n<p>&nbsp;<\/p>\n<table width=\"726\">\n<tbody>\n<tr>\n<td colspan=\"2\" width=\"565\"><strong>11 kwietnia&nbsp; WIELKI&nbsp; <\/strong><strong>WTOREK<\/strong><\/td>\n<td width=\"161\"><strong><em>J 13, 21-33. 36-38<\/em><\/strong><\/td>\n<\/tr>\n<tr>\n<td width=\"87\">8.00<\/td>\n<td colspan=\"2\" width=\"639\">\u015ap. Franciszek(m) \u0141ydka 11 greg.<\/td>\n<\/tr>\n<tr>\n<td width=\"87\">18.00<\/td>\n<td colspan=\"2\" width=\"639\">\u015ap. Leon Jurgielewicz w 7 rocz. \u015bmierci<\/td>\n<\/tr>\n<tr>\n<td width=\"87\">18.00<\/td>\n<td colspan=\"2\" width=\"639\">\u015ap. Jan Przyby\u0142ek w 22 rocz. \u015bmierci, \u015bp. Bogdan, zmarli rodzice oraz siostry i bracia z rodziny<\/td>\n<\/tr>\n<\/tbody>\n<\/table>\n<p>&nbsp;<\/p>\n<table width=\"726\">\n<tbody>\n<tr>\n<td colspan=\"2\" width=\"593\"><strong>12 kwietnia&nbsp; WIELKA&nbsp; \u015aRODA<\/strong><\/td>\n<td width=\"133\"><strong><em>Mt 26, 14-25<\/em><\/strong><\/td>\n<\/tr>\n<tr>\n<td width=\"87\">8.00<\/td>\n<td colspan=\"2\" width=\"639\">\u015ap. Franciszek(m) \u0141ydka 12 greg.<\/td>\n<\/tr>\n<tr>\n<td width=\"87\">8.00<\/td>\n<td colspan=\"2\" width=\"639\">\u015ap. Teresa i Bronis\u0142aw(m) Stasi\u0142owicz<\/td>\n<\/tr>\n<tr>\n<td width=\"87\">18.00<\/td>\n<td colspan=\"2\" width=\"639\">W intencjach czcicieli MBNP<\/td>\n<\/tr>\n<tr>\n<td width=\"87\"><strong>19.00<\/strong><\/td>\n<td colspan=\"2\" width=\"639\"><strong>Droga krzy\u017cowa ulicami Elbl\u0105ga<\/strong><\/td>\n<\/tr>\n<\/tbody>\n<\/table>\n<p>&nbsp;<\/p>\n<table width=\"726\">\n<tbody>\n<tr>\n<td colspan=\"2\" width=\"593\"><strong>13 kwietnia&nbsp; WIELKI&nbsp; CZWARTEK&nbsp;&nbsp;&nbsp;&nbsp;&nbsp;&nbsp;&nbsp;&nbsp; &nbsp;&nbsp;&nbsp;&nbsp;&nbsp;&nbsp;&nbsp;&nbsp;&nbsp;&nbsp;&nbsp;&nbsp;&nbsp;&nbsp;&nbsp;&nbsp;&nbsp;&nbsp;&nbsp;&nbsp;&nbsp;&nbsp;&nbsp;&nbsp;&nbsp;&nbsp;&nbsp;&nbsp;&nbsp;&nbsp;&nbsp;&nbsp;&nbsp;&nbsp;&nbsp;&nbsp;&nbsp;<\/strong><\/td>\n<td width=\"133\"><strong><em>J 13, 1-15<\/em><\/strong><\/td>\n<\/tr>\n<tr>\n<td width=\"87\"><strong>17.40<\/strong><\/td>\n<td colspan=\"2\" width=\"639\"><strong>Obrz\u0119d ustanowienia ministrant\u00f3w i lektor\u00f3w<\/strong><\/td>\n<\/tr>\n<tr>\n<td width=\"87\">18.00<\/td>\n<td colspan=\"2\" width=\"639\">O liczne i \u015bwi\u0119te powo\u0142ania kap\u0142a\u0144skie i zakonne z naszej parafii<\/td>\n<\/tr>\n<tr>\n<td width=\"87\">18.00<\/td>\n<td colspan=\"2\" width=\"639\">O Bo\u017ce b\u0142ogos\u0142., potrzebne \u0142aski, \u017cyw\u0105 wiar\u0119 i opiek\u0119 Matki Bo\u017cej dla ks. Wojciecha, ks. Piotra, ks. S\u0142awka i ks. Marcina<\/td>\n<\/tr>\n<tr>\n<td width=\"87\">18.00<\/td>\n<td colspan=\"2\" width=\"639\">O Bo\u017ce b\u0142ogos\u0142., potrzebna \u0142aski i konieczne dary do codziennego \u017cycia dla os\u00f3b tworz\u0105cych Apostolat Margaretka oraz wszystkich modl\u0105cych si\u0119 za kap\u0142an\u00f3w<\/td>\n<\/tr>\n<tr>\n<td width=\"87\">18.00<\/td>\n<td colspan=\"2\" width=\"639\">\u015ap. Franciszek(m) \u0141ydka 13 greg.<\/td>\n<\/tr>\n<\/tbody>\n<\/table>\n<p>&nbsp;<\/p>\n<table width=\"726\">\n<tbody>\n<tr>\n<td colspan=\"2\" width=\"593\"><strong>14 kwietnia&nbsp; WIELKI&nbsp; PI\u0104TEK&nbsp; M\u0118KI&nbsp; PA\u0143SKIEJ&nbsp;&nbsp;&nbsp;&nbsp;&nbsp;&nbsp;&nbsp;&nbsp;&nbsp;&nbsp;&nbsp;&nbsp;&nbsp;&nbsp;&nbsp;&nbsp;&nbsp;&nbsp;&nbsp;&nbsp;&nbsp;&nbsp;&nbsp; &nbsp;&nbsp;&nbsp;&nbsp;&nbsp;&nbsp;&nbsp;&nbsp;&nbsp;&nbsp;&nbsp;&nbsp;&nbsp;&nbsp;&nbsp;&nbsp;&nbsp;&nbsp;&nbsp;&nbsp;&nbsp;&nbsp;&nbsp;&nbsp;&nbsp;&nbsp;&nbsp;&nbsp;&nbsp;&nbsp;&nbsp;&nbsp;&nbsp;&nbsp;&nbsp;&nbsp;<\/strong><\/td>\n<td width=\"133\"><strong><em>J 18, 1 \u2013 19, 42<\/em><\/strong><\/td>\n<\/tr>\n<tr>\n<td width=\"87\">9.00<\/td>\n<td colspan=\"2\" width=\"639\">Ciemna jutrznia<\/td>\n<\/tr>\n<tr>\n<td width=\"87\">15.00<\/td>\n<td colspan=\"2\" width=\"639\">Droga krzy\u017cowa i I dzie\u0144 nowenny do Mi\u0142osierdzia Bo\u017cego<\/td>\n<\/tr>\n<tr>\n<td width=\"87\"><strong>18.00<\/strong><\/td>\n<td colspan=\"2\" width=\"639\"><strong>Liturgia M\u0119ki Pa\u0144skiej<\/strong><\/td>\n<\/tr>\n<\/tbody>\n<\/table>\n<p>&nbsp;<\/p>\n<table width=\"726\">\n<tbody>\n<tr>\n<td colspan=\"2\" width=\"593\"><strong>15 kwietnia&nbsp; WIELKA&nbsp; SOBOTA&nbsp;&nbsp;&nbsp; &nbsp;&nbsp;&nbsp;&nbsp;&nbsp;&nbsp;&nbsp;&nbsp;&nbsp;&nbsp;&nbsp;&nbsp;&nbsp;&nbsp;&nbsp;&nbsp;&nbsp;&nbsp;&nbsp;&nbsp;&nbsp;&nbsp;&nbsp;&nbsp;&nbsp;&nbsp;&nbsp;&nbsp;&nbsp;&nbsp;&nbsp;&nbsp;&nbsp;&nbsp;&nbsp;&nbsp;&nbsp;&nbsp;&nbsp;&nbsp;&nbsp;&nbsp;&nbsp;&nbsp;&nbsp;&nbsp;&nbsp;&nbsp;&nbsp;&nbsp;&nbsp;&nbsp;&nbsp;&nbsp;&nbsp;&nbsp;&nbsp;&nbsp;&nbsp;&nbsp;&nbsp;&nbsp;&nbsp;&nbsp;&nbsp;&nbsp;&nbsp;&nbsp;&nbsp;&nbsp;&nbsp;&nbsp;&nbsp;&nbsp;&nbsp;&nbsp;&nbsp;&nbsp;&nbsp;&nbsp;&nbsp;&nbsp;&nbsp;&nbsp;&nbsp;&nbsp;&nbsp;&nbsp;&nbsp;&nbsp;&nbsp;&nbsp;&nbsp;&nbsp;&nbsp;&nbsp;&nbsp;&nbsp;&nbsp;&nbsp;&nbsp;&nbsp;&nbsp;&nbsp;&nbsp;&nbsp;&nbsp;&nbsp;&nbsp;&nbsp;&nbsp;&nbsp;&nbsp;&nbsp;<\/strong><\/td>\n<td width=\"133\"><strong><em>&nbsp;<\/em><\/strong><\/td>\n<\/tr>\n<tr>\n<td width=\"87\">9.00<\/td>\n<td colspan=\"2\" width=\"639\">Ciemna jutrznia<\/td>\n<\/tr>\n<tr>\n<td width=\"87\">15.00<\/td>\n<td colspan=\"2\" width=\"639\">Droga krzy\u017cowa i II dzie\u0144 nowenny do Mi\u0142osierdzia Bo\u017cego<\/td>\n<\/tr>\n<tr>\n<td width=\"87\">20.00<\/td>\n<td colspan=\"2\" width=\"639\">O Bo\u017ce b\u0142ogos\u0142. i wzrost wiary dla cz\u0142onk\u00f3w Katolickiego Stowarzyszenia M\u0142odzie\u017cy i o owocne przygotowanie kandydat\u00f3w do przyj\u0119cia sakramentu bierzmowania<\/td>\n<\/tr>\n<tr>\n<td width=\"87\">20.00<\/td>\n<td colspan=\"2\" width=\"639\">\u015ap. Franciszek(m) \u0141ydka 14 greg.<\/td>\n<\/tr>\n<tr>\n<td width=\"87\">20.00<\/td>\n<td colspan=\"2\" width=\"639\">Dzi\u0119kczynna w 39 rocz. \u015blubu Ireny i J\u00f3zefa Brz\u00f3ska z pro\u015bb\u0105 o Bo\u017ce b\u0142ogos\u0142., potrzebne \u0142aski, wzrost mi\u0142o\u015bci i opiek\u0119 Matki Bo\u017cej<\/td>\n<\/tr>\n<tr>\n<td width=\"87\">20.00<\/td>\n<td colspan=\"2\" width=\"639\">Dzi\u0119kczynna za SLO, ch\u00f3r, p. Piotra, p. Zbyszka oraz osoby zaanga\u017cowane<br \/>\nw przygotowanie liturgii Triduum Paschalnego<\/td>\n<\/tr>\n<\/tbody>\n<\/table>\n<p>&nbsp;<\/p>\n<table width=\"726\">\n<tbody>\n<tr>\n<td colspan=\"2\" width=\"593\"><strong>16 kwietnia&nbsp; NIEDZIELA ZMARTWYCHWSTANIA PA\u0143SKIEGO &nbsp;&nbsp;&nbsp;&nbsp;&nbsp;&nbsp;&nbsp;&nbsp;&nbsp;&nbsp;&nbsp;&nbsp;&nbsp;&nbsp;&nbsp;&nbsp;&nbsp;&nbsp;&nbsp;&nbsp;&nbsp;&nbsp;&nbsp;&nbsp;&nbsp;&nbsp;&nbsp;&nbsp;&nbsp;&nbsp;&nbsp;&nbsp;&nbsp;&nbsp;&nbsp;&nbsp;&nbsp;&nbsp;&nbsp;&nbsp;&nbsp;&nbsp;&nbsp;&nbsp;&nbsp;&nbsp;&nbsp;&nbsp;&nbsp;&nbsp;&nbsp;&nbsp;&nbsp;&nbsp;&nbsp;&nbsp;&nbsp;&nbsp;&nbsp;&nbsp;&nbsp;&nbsp;&nbsp;&nbsp;&nbsp;&nbsp;&nbsp;&nbsp;&nbsp;&nbsp;&nbsp;&nbsp;&nbsp;&nbsp;&nbsp;&nbsp;&nbsp;&nbsp;&nbsp;&nbsp;&nbsp;&nbsp;&nbsp;&nbsp;&nbsp;&nbsp;&nbsp;&nbsp;&nbsp;&nbsp;&nbsp;&nbsp;<\/strong><\/td>\n<td width=\"133\"><strong><em>J 20, 1-9<\/em><\/strong><\/td>\n<\/tr>\n<tr>\n<td width=\"87\"><strong>6.00<\/strong><\/td>\n<td colspan=\"2\" width=\"639\"><strong>Rezurekcja &#8211; za parafian<\/strong><\/td>\n<\/tr>\n<tr>\n<td width=\"87\">6.00<\/td>\n<td colspan=\"2\" width=\"639\">\u015ap. Micha\u0142, Karolina, Zygfryd i Zbigniew<\/td>\n<\/tr>\n<tr>\n<td width=\"87\">9.00<\/td>\n<td colspan=\"2\" width=\"639\">Rez.<\/td>\n<\/tr>\n<tr>\n<td width=\"87\">9.00<\/td>\n<td colspan=\"2\" width=\"639\">\u015ap. Jadwiga i J\u00f3zef(m) Ma\u0142eccy<\/td>\n<\/tr>\n<tr>\n<td width=\"87\">10.30<\/td>\n<td colspan=\"2\" width=\"639\">\u015ap. Franciszek(m) \u0141ydka 15 greg.<\/td>\n<\/tr>\n<tr>\n<td width=\"87\">12.00<\/td>\n<td colspan=\"2\" width=\"639\">O Bo\u017ce b\u0142ogos\u0142., potrzebne \u0142aski i opiek\u0119 Matki Bo\u017cej Szkaplerznej dla El\u017cbiety i Zbigniewa Kimso z okazji 28 rocz. \u015blubu oraz z okazji 60 rocz. urodzin Zbigniewa<\/td>\n<\/tr>\n<tr>\n<td width=\"87\">18.00<\/td>\n<td colspan=\"2\" width=\"639\">Bractwo Szkaplerzne<\/td>\n<\/tr>\n<tr>\n<td width=\"87\">18.00<\/td>\n<td colspan=\"2\" width=\"639\">O Bo\u017ce b\u0142ogos\u0142., dary Ducha \u015aw., opiek\u0119 Matki Bo\u017cej Szkaplerznej i \u015bwi\u0119to\u015b\u0107 kap\u0142a\u0144sk\u0105 dla ks. kan. Wojciecha Zwolickiego z okazji 50 rocz. urodzin \u2013 int. od Rodziny Karmelita\u0144skiej<\/td>\n<\/tr>\n<\/tbody>\n<\/table>\n<p>&nbsp;<\/p>\n<p>&nbsp;<\/p>\n","protected":false},"excerpt":{"rendered":"<p>&nbsp; 10 kwietnia&nbsp;&nbsp; WIELKI&nbsp; PONIEDZIA\u0141EK J 12, 1-11 8.00 \u015ap. Franciszek(m) \u0141ydka 10 greg. 18.00 \u015ap. Jerzy Karpow 18.00 \u015ap. Anna Rzepka w 30 dzie\u0144 po pogrzebie &nbsp; 11 kwietnia&nbsp; WIELKI&nbsp; WTOREK J 13, 21-33. 36-38 8.00 \u015ap. Franciszek(m) \u0141ydka 11 greg. 18.00 \u015ap. Leon Jurgielewicz w 7 rocz. \u015bmierci 18.00 \u015ap. Jan Przyby\u0142ek w [&hellip;]<\/p>\n","protected":false},"author":1,"featured_media":2526,"comment_status":"closed","ping_status":"closed","sticky":false,"template":"","format":"standard","meta":{"ngg_post_thumbnail":0,"footnotes":""},"categories":[11,8,4],"tags":[],"class_list":["post-2789","post","type-post","status-publish","format-standard","has-post-thumbnail","hentry","category-aktualnosci","category-blog","category-intencje"],"_links":{"self":[{"href":"https:\/\/rafalk-elblag.pl\/index.php?rest_route=\/wp\/v2\/posts\/2789","targetHints":{"allow":["GET"]}}],"collection":[{"href":"https:\/\/rafalk-elblag.pl\/index.php?rest_route=\/wp\/v2\/posts"}],"about":[{"href":"https:\/\/rafalk-elblag.pl\/index.php?rest_route=\/wp\/v2\/types\/post"}],"author":[{"embeddable":true,"href":"https:\/\/rafalk-elblag.pl\/index.php?rest_route=\/wp\/v2\/users\/1"}],"replies":[{"embeddable":true,"href":"https:\/\/rafalk-elblag.pl\/index.php?rest_route=%2Fwp%2Fv2%2Fcomments&post=2789"}],"version-history":[{"count":1,"href":"https:\/\/rafalk-elblag.pl\/index.php?rest_route=\/wp\/v2\/posts\/2789\/revisions"}],"predecessor-version":[{"id":2790,"href":"https:\/\/rafalk-elblag.pl\/index.php?rest_route=\/wp\/v2\/posts\/2789\/revisions\/2790"}],"wp:featuredmedia":[{"embeddable":true,"href":"https:\/\/rafalk-elblag.pl\/index.php?rest_route=\/wp\/v2\/media\/2526"}],"wp:attachment":[{"href":"https:\/\/rafalk-elblag.pl\/index.php?rest_route=%2Fwp%2Fv2%2Fmedia&parent=2789"}],"wp:term":[{"taxonomy":"category","embeddable":true,"href":"https:\/\/rafalk-elblag.pl\/index.php?rest_route=%2Fwp%2Fv2%2Fcategories&post=2789"},{"taxonomy":"post_tag","embeddable":true,"href":"https:\/\/rafalk-elblag.pl\/index.php?rest_route=%2Fwp%2Fv2%2Ftags&post=2789"}],"curies":[{"name":"wp","href":"https:\/\/api.w.org\/{rel}","templated":true}]}}