{"id":2783,"date":"2017-01-02T09:52:03","date_gmt":"2017-01-02T09:52:03","guid":{"rendered":"http:\/\/rafalk-elblag.pl\/?p=2783"},"modified":"2017-04-30T11:35:30","modified_gmt":"2017-04-30T11:35:30","slug":"2783","status":"publish","type":"post","link":"https:\/\/rafalk-elblag.pl\/?p=2783","title":{"rendered":"Pielgrzymka parafialna po Polsce"},"content":{"rendered":"<p><a href=\"http:\/\/rafalk-elblag.pl\/wp-content\/uploads\/2017\/04\/polskapielgrzymka-banner.jpg\"><img loading=\"lazy\" decoding=\"async\" class=\"alignnone size-full wp-image-2785\" src=\"http:\/\/rafalk-elblag.pl\/wp-content\/uploads\/2017\/04\/polskapielgrzymka-banner.jpg\" alt=\"\" width=\"1000\" height=\"500\" srcset=\"https:\/\/rafalk-elblag.pl\/wp-content\/uploads\/2017\/04\/polskapielgrzymka-banner.jpg 1000w, https:\/\/rafalk-elblag.pl\/wp-content\/uploads\/2017\/04\/polskapielgrzymka-banner-300x150.jpg 300w, https:\/\/rafalk-elblag.pl\/wp-content\/uploads\/2017\/04\/polskapielgrzymka-banner-768x384.jpg 768w\" sizes=\"auto, (max-width: 1000px) 100vw, 1000px\" \/><\/a><\/p>\n<p>Nasza parafia zaprasza na pielgrzymk\u0119 autokarow\u0105 <strong>\u201ePi\u0119kna nasza Polska ca\u0142a\u2026\u201d<\/strong> Sze\u015bciodniowa pielgrzymka odb\u0119dzie si\u0119 w dniach <strong>28.04. \u2013 03.05.2017 roku.<\/strong> <strong>Koszt 580 z\u0142<\/strong> (przejazd autokarem, ubezpieczenie, 5 nocleg\u00f3w, \u015bniadania, obiadokolacje i opieka kap\u0142ana). <em><u>Wybierz si\u0119 z razem z nami, na wspania\u0142y pielgrzymkowy szlak. Zapisy jeszcze trwaj\u0105.<\/u> <strong>Spotkanie organizacyjne dla os\u00f3b, kt\u00f3re si\u0119 zapisa\u0142y w \u015brod\u0119 (5 kwietnia) o godz. 19.00 na plebanii.<\/strong><\/em><\/p>\n","protected":false},"excerpt":{"rendered":"<p>Nasza parafia zaprasza na pielgrzymk\u0119 autokarow\u0105 \u201ePi\u0119kna nasza Polska ca\u0142a\u2026\u201d Sze\u015bciodniowa pielgrzymka odb\u0119dzie si\u0119 w dniach 28.04. \u2013 03.05.2017 roku. Koszt 580 z\u0142 (przejazd autokarem, ubezpieczenie, 5 nocleg\u00f3w, \u015bniadania, obiadokolacje i opieka kap\u0142ana). Wybierz si\u0119 z razem z nami, na wspania\u0142y pielgrzymkowy szlak. Zapisy jeszcze trwaj\u0105. Spotkanie organizacyjne dla os\u00f3b, kt\u00f3re si\u0119 zapisa\u0142y w \u015brod\u0119 [&hellip;]<\/p>\n","protected":false},"author":1,"featured_media":2784,"comment_status":"closed","ping_status":"closed","sticky":false,"template":"","format":"standard","meta":{"ngg_post_thumbnail":0,"footnotes":""},"categories":[1],"tags":[],"class_list":["post-2783","post","type-post","status-publish","format-standard","has-post-thumbnail","hentry","category-uncategorized"],"_links":{"self":[{"href":"https:\/\/rafalk-elblag.pl\/index.php?rest_route=\/wp\/v2\/posts\/2783","targetHints":{"allow":["GET"]}}],"collection":[{"href":"https:\/\/rafalk-elblag.pl\/index.php?rest_route=\/wp\/v2\/posts"}],"about":[{"href":"https:\/\/rafalk-elblag.pl\/index.php?rest_route=\/wp\/v2\/types\/post"}],"author":[{"embeddable":true,"href":"https:\/\/rafalk-elblag.pl\/index.php?rest_route=\/wp\/v2\/users\/1"}],"replies":[{"embeddable":true,"href":"https:\/\/rafalk-elblag.pl\/index.php?rest_route=%2Fwp%2Fv2%2Fcomments&post=2783"}],"version-history":[{"count":2,"href":"https:\/\/rafalk-elblag.pl\/index.php?rest_route=\/wp\/v2\/posts\/2783\/revisions"}],"predecessor-version":[{"id":2787,"href":"https:\/\/rafalk-elblag.pl\/index.php?rest_route=\/wp\/v2\/posts\/2783\/revisions\/2787"}],"wp:featuredmedia":[{"embeddable":true,"href":"https:\/\/rafalk-elblag.pl\/index.php?rest_route=\/wp\/v2\/media\/2784"}],"wp:attachment":[{"href":"https:\/\/rafalk-elblag.pl\/index.php?rest_route=%2Fwp%2Fv2%2Fmedia&parent=2783"}],"wp:term":[{"taxonomy":"category","embeddable":true,"href":"https:\/\/rafalk-elblag.pl\/index.php?rest_route=%2Fwp%2Fv2%2Fcategories&post=2783"},{"taxonomy":"post_tag","embeddable":true,"href":"https:\/\/rafalk-elblag.pl\/index.php?rest_route=%2Fwp%2Fv2%2Ftags&post=2783"}],"curies":[{"name":"wp","href":"https:\/\/api.w.org\/{rel}","templated":true}]}}