{"id":2779,"date":"2017-04-05T08:06:24","date_gmt":"2017-04-05T08:06:24","guid":{"rendered":"http:\/\/rafalk-elblag.pl\/?p=2779"},"modified":"2017-04-30T11:35:41","modified_gmt":"2017-04-30T11:35:41","slug":"poszukiwanie-milosci-swojego-zycia","status":"publish","type":"post","link":"https:\/\/rafalk-elblag.pl\/?p=2779","title":{"rendered":"Poszukiwanie mi\u0142o\u015bci swojego \u017cycia!"},"content":{"rendered":"<p><a href=\"http:\/\/rafalk-elblag.pl\/wp-content\/uploads\/2017\/04\/slidereo.jpg\"><img loading=\"lazy\" decoding=\"async\" class=\"alignnone size-full wp-image-2781\" src=\"http:\/\/rafalk-elblag.pl\/wp-content\/uploads\/2017\/04\/slidereo.jpg\" alt=\"\" width=\"960\" height=\"461\" srcset=\"https:\/\/rafalk-elblag.pl\/wp-content\/uploads\/2017\/04\/slidereo.jpg 960w, https:\/\/rafalk-elblag.pl\/wp-content\/uploads\/2017\/04\/slidereo-300x144.jpg 300w, https:\/\/rafalk-elblag.pl\/wp-content\/uploads\/2017\/04\/slidereo-768x369.jpg 768w\" sizes=\"auto, (max-width: 960px) 100vw, 960px\" \/><\/a><\/p>\n<p>Szukasz Mi\u0142o\u015bci swego \u017cycia? Czujesz si\u0119 zagubiony, zm\u0119czony, niepotrzebny? Chcesz prze\u017cy\u0107 wyj\u0105tkowe rekolekcje? Zapraszamy na <strong>Rekolekcje Ewangelizacyjne Odnowy<\/strong> (REO). Rozpoczynamy we <strong>wtorek &#8211; 18 kwietnia o godz. 18.00<\/strong>. Nie zmarnuj swojego \u017cycia! Zapraszamy \ud83d\ude42<\/p>\n","protected":false},"excerpt":{"rendered":"<p>Szukasz Mi\u0142o\u015bci swego \u017cycia? Czujesz si\u0119 zagubiony, zm\u0119czony, niepotrzebny? Chcesz prze\u017cy\u0107 wyj\u0105tkowe rekolekcje? Zapraszamy na Rekolekcje Ewangelizacyjne Odnowy (REO). Rozpoczynamy we wtorek &#8211; 18 kwietnia o godz. 18.00. Nie zmarnuj swojego \u017cycia! Zapraszamy \ud83d\ude42<\/p>\n","protected":false},"author":1,"featured_media":2780,"comment_status":"closed","ping_status":"closed","sticky":false,"template":"","format":"standard","meta":{"ngg_post_thumbnail":0,"footnotes":""},"categories":[11],"tags":[],"class_list":["post-2779","post","type-post","status-publish","format-standard","has-post-thumbnail","hentry","category-aktualnosci"],"_links":{"self":[{"href":"https:\/\/rafalk-elblag.pl\/index.php?rest_route=\/wp\/v2\/posts\/2779","targetHints":{"allow":["GET"]}}],"collection":[{"href":"https:\/\/rafalk-elblag.pl\/index.php?rest_route=\/wp\/v2\/posts"}],"about":[{"href":"https:\/\/rafalk-elblag.pl\/index.php?rest_route=\/wp\/v2\/types\/post"}],"author":[{"embeddable":true,"href":"https:\/\/rafalk-elblag.pl\/index.php?rest_route=\/wp\/v2\/users\/1"}],"replies":[{"embeddable":true,"href":"https:\/\/rafalk-elblag.pl\/index.php?rest_route=%2Fwp%2Fv2%2Fcomments&post=2779"}],"version-history":[{"count":1,"href":"https:\/\/rafalk-elblag.pl\/index.php?rest_route=\/wp\/v2\/posts\/2779\/revisions"}],"predecessor-version":[{"id":2782,"href":"https:\/\/rafalk-elblag.pl\/index.php?rest_route=\/wp\/v2\/posts\/2779\/revisions\/2782"}],"wp:featuredmedia":[{"embeddable":true,"href":"https:\/\/rafalk-elblag.pl\/index.php?rest_route=\/wp\/v2\/media\/2780"}],"wp:attachment":[{"href":"https:\/\/rafalk-elblag.pl\/index.php?rest_route=%2Fwp%2Fv2%2Fmedia&parent=2779"}],"wp:term":[{"taxonomy":"category","embeddable":true,"href":"https:\/\/rafalk-elblag.pl\/index.php?rest_route=%2Fwp%2Fv2%2Fcategories&post=2779"},{"taxonomy":"post_tag","embeddable":true,"href":"https:\/\/rafalk-elblag.pl\/index.php?rest_route=%2Fwp%2Fv2%2Ftags&post=2779"}],"curies":[{"name":"wp","href":"https:\/\/api.w.org\/{rel}","templated":true}]}}